{"id":11284,"date":"2022-03-09T08:14:18","date_gmt":"2022-03-09T07:14:18","guid":{"rendered":"http:\/\/agbw.org\/?p=11284"},"modified":"2022-03-09T08:15:58","modified_gmt":"2022-03-09T07:15:58","slug":"tagesausflug-fuer-jugend","status":"publish","type":"post","link":"https:\/\/agbw.org\/am\/2022\/tagesausflug-fuer-jugend\/","title":{"rendered":"Tagesausflug f\u00fcr Jugend"},"content":{"rendered":"<div class=\"fusion-fullwidth fullwidth-box fusion-builder-row-1 fusion-flex-container nonhundred-percent-fullwidth non-hundred-percent-height-scrolling\" style=\"--awb-border-radius-top-left:0px;--awb-border-radius-top-right:0px;--awb-border-radius-bottom-right:0px;--awb-border-radius-bottom-left:0px;--awb-flex-wrap:wrap;\" ><div class=\"fusion-builder-row fusion-row fusion-flex-align-items-flex-start fusion-flex-content-wrap\" style=\"max-width:1248px;margin-left: calc(-4% \/ 2 );margin-right: calc(-4% \/ 2 );\"><div class=\"fusion-layout-column fusion_builder_column fusion-builder-column-0 fusion_builder_column_1_1 1_1 fusion-flex-column\" style=\"--awb-bg-size:cover;--awb-width-large:100%;--awb-margin-top-large:0px;--awb-spacing-right-large:1.92%;--awb-margin-bottom-large:20px;--awb-spacing-left-large:1.92%;--awb-width-medium:100%;--awb-order-medium:0;--awb-spacing-right-medium:1.92%;--awb-spacing-left-medium:1.92%;--awb-width-small:100%;--awb-order-small:0;--awb-spacing-right-small:1.92%;--awb-spacing-left-small:1.92%;\"><div class=\"fusion-column-wrapper fusion-column-has-shadow fusion-flex-justify-content-flex-start fusion-content-layout-column\"><div class=\"fusion-title title fusion-title-1 fusion-sep-none fusion-title-text fusion-title-size-one\" style=\"--awb-margin-top-small:10px;--awb-margin-right-small:0px;--awb-margin-bottom-small:10px;--awb-margin-left-small:0px;\"><h1 class=\"fusion-title-heading title-heading-left fusion-responsive-typography-calculated\" style=\"margin:0;--fontSize:35;line-height:1.2;\"><span class=\"JsGRdQ\">Tagesausflug nach Heidelberg<\/span><\/h1><\/div><div class=\"fusion-title title fusion-title-2 fusion-sep-none fusion-title-text fusion-title-size-two\" style=\"--awb-margin-top-small:10px;--awb-margin-right-small:0px;--awb-margin-bottom-small:10px;--awb-margin-left-small:0px;\"><h2 class=\"fusion-title-heading title-heading-left fusion-responsive-typography-calculated\" style=\"margin:0;--fontSize:28;line-height:1.2;\"><span class=\"JsGRdQ\">Erlebnisfreizeit, Begegnung &amp; Austausch<\/span><\/h2><\/div><div class=\"fusion-text fusion-text-1\" style=\"--awb-text-transform:none;\"><p class=\"_04xlpA direction-ltr align-start para-style-body\"><span class=\"JsGRdQ\">Wir laden Dich<\/span> <span class=\"JsGRdQ\">zu einer abwechslungsreichen Freizeitgestaltung, Begegnung &amp; Austausch in die sch\u00f6ne Neckarstadt Heidelberg ein. Hier ist es bei jedem Wetter und zu jeder Jahreszeit sch\u00f6n.<\/span><\/p>\n<p class=\"_04xlpA direction-ltr align-start para-style-body\"><span class=\"JsGRdQ\">Wir m\u00f6chten die Sehensw\u00fcrdigkeiten der Stadt besichtigen, miteinander reden und uns mit Ideen f\u00fcr die Jugendarbeit in unserer Gemeinde austauschen.<\/span><\/p>\n<\/div><div class=\"fusion-separator fusion-full-width-sep\" style=\"align-self: center;margin-left: auto;margin-right: auto;margin-top:15px;margin-bottom:15px;width:100%;\"><div class=\"fusion-separator-border sep-single sep-solid\" style=\"--awb-height:20px;--awb-amount:20px;border-color:#ffac00;border-top-width:1px;\"><\/div><\/div><div class=\"fusion-title title fusion-title-3 fusion-sep-none fusion-title-text fusion-title-size-two\" style=\"--awb-margin-top-small:10px;--awb-margin-right-small:0px;--awb-margin-bottom-small:10px;--awb-margin-left-small:0px;\"><h2 class=\"fusion-title-heading title-heading-left fusion-responsive-typography-calculated\" style=\"margin:0;--fontSize:28;line-height:1.2;\"><span class=\"JsGRdQ\">Programm<\/span><\/h2><\/div><div class=\"fusion-text fusion-text-2\" style=\"--awb-text-transform:none;\"><p class=\"_04xlpA direction-ltr align-start para-style-body\"><span class=\"JsGRdQ\">Ankunft in Heidelberg HbF:<\/span> <span class=\"JsGRdQ\">&#8211; 11 Uhr<br \/>\n<\/span><span class=\"JsGRdQ\">Ende nach Schlossbesuch:<\/span> <span class=\"JsGRdQ\">&#8211; frei<\/span><\/p>\n<p class=\"_04xlpA direction-ltr align-start para-style-body\"><span class=\"JsGRdQ\">Wir besuchen Heidelbergs vertr\u00e4umte Gassen und Pl\u00e4tze beim <\/span>Altstadtrundgang<span class=\"JsGRdQ\">. Nach der Mittagspause besuchen wir<\/span> <span class=\"JsGRdQ\">Reichspr\u00e4sident-Friedrich-Ebert-Gedenkst\u00e4tte und sprechen mit dem Prof. Dr. Bernd Braun (angefragt). Unser offizielles Programm schlie\u00dfen wir mit dem besuchen des ber\u00fchmten Heidelberger Schlosses ab.<\/span><\/p>\n<\/div><div class=\"fusion-separator fusion-full-width-sep\" style=\"align-self: center;margin-left: auto;margin-right: auto;margin-top:15px;margin-bottom:15px;width:100%;\"><div class=\"fusion-separator-border sep-single sep-solid\" style=\"--awb-height:20px;--awb-amount:20px;border-color:#ffac00;border-top-width:1px;\"><\/div><\/div><div class=\"fusion-title title fusion-title-4 fusion-sep-none fusion-title-text fusion-title-size-two\" style=\"--awb-margin-top-small:10px;--awb-margin-right-small:0px;--awb-margin-bottom-small:10px;--awb-margin-left-small:0px;\"><h2 class=\"fusion-title-heading title-heading-left fusion-responsive-typography-calculated\" style=\"margin:0;--fontSize:28;line-height:1.2;\"><span class=\"JsGRdQ\">ANMELDUNG<\/span><\/h2><\/div><div class=\"fusion-text fusion-text-3\" style=\"--awb-text-transform:none;\"><p class=\"_04xlpA direction-ltr align-start para-style-body\"><strong><span class=\"JsGRdQ\">Bitte meldet euch bis 15.03.2022<br \/>\n<\/span><span class=\"JsGRdQ\">unter: <a href=\"mailto:jugend@agbw.org\" target=\"_blank\" rel=\"noopener\">jugend@agbw.org<\/a> an<\/span><\/strong><\/p>\n<p class=\"_04xlpA direction-ltr align-start para-style-body\"><span class=\"JsGRdQ\">Gerne k\u00f6nnt ihr Gruppenfahrten aus Ulm, Stuttgart, Mannheim, Karlsruhe, Kehl, Freiburg, Neckarsulm, Weingarten, Konstanz und anderen St\u00e4dten organisieren. <\/span><span style=\"text-decoration: underline;\"><span class=\"JsGRdQ\">F\u00fcr organisierte Gruppen ab 5 Jugendliche bis 27 Jahren k\u00f6nnen die Gruppentickets nach M\u00f6glichkeit gef\u00f6rdert werden.<\/span><\/span><\/p>\n<p>Dein JA AGBW Team<\/p>\n<\/div><\/div><\/div><\/div><\/div>","protected":false},"excerpt":{"rendered":"","protected":false},"author":1,"featured_media":11285,"comment_status":"closed","ping_status":"open","sticky":false,"template":"","format":"standard","meta":{"footnotes":""},"categories":[58,336,334,337,335,338],"tags":[],"class_list":["post-11284","post","type-post","status-publish","format-standard","has-post-thumbnail","hentry","category-allgemein","category-ja-agbw","category-jugend","category-jugendausflug","category-jugendausschuss","category-tagesausflug"],"_links":{"self":[{"href":"https:\/\/agbw.org\/am\/wp-json\/wp\/v2\/posts\/11284","targetHints":{"allow":["GET"]}}],"collection":[{"href":"https:\/\/agbw.org\/am\/wp-json\/wp\/v2\/posts"}],"about":[{"href":"https:\/\/agbw.org\/am\/wp-json\/wp\/v2\/types\/post"}],"author":[{"embeddable":true,"href":"https:\/\/agbw.org\/am\/wp-json\/wp\/v2\/users\/1"}],"replies":[{"embeddable":true,"href":"https:\/\/agbw.org\/am\/wp-json\/wp\/v2\/comments?post=11284"}],"version-history":[{"count":0,"href":"https:\/\/agbw.org\/am\/wp-json\/wp\/v2\/posts\/11284\/revisions"}],"wp:featuredmedia":[{"embeddable":true,"href":"https:\/\/agbw.org\/am\/wp-json\/wp\/v2\/media\/11285"}],"wp:attachment":[{"href":"https:\/\/agbw.org\/am\/wp-json\/wp\/v2\/media?parent=11284"}],"wp:term":[{"taxonomy":"category","embeddable":true,"href":"https:\/\/agbw.org\/am\/wp-json\/wp\/v2\/categories?post=11284"},{"taxonomy":"post_tag","embeddable":true,"href":"https:\/\/agbw.org\/am\/wp-json\/wp\/v2\/tags?post=11284"}],"curies":[{"name":"wp","href":"https:\/\/api.w.org\/{rel}","templated":true}]}}