{"id":12117,"date":"2024-05-09T07:00:51","date_gmt":"2024-05-09T05:00:51","guid":{"rendered":"https:\/\/agbw.org\/?p=12117"},"modified":"2024-06-05T10:48:29","modified_gmt":"2024-06-05T08:48:29","slug":"christi-himmelfahrt","status":"publish","type":"post","link":"https:\/\/agbw.org\/am\/2024\/christi-himmelfahrt\/","title":{"rendered":"Christi Himmelfahrt"},"content":{"rendered":"<div class=\"fusion-fullwidth fullwidth-box fusion-builder-row-1 fusion-flex-container nonhundred-percent-fullwidth non-hundred-percent-height-scrolling\" style=\"--awb-border-radius-top-left:0px;--awb-border-radius-top-right:0px;--awb-border-radius-bottom-right:0px;--awb-border-radius-bottom-left:0px;--awb-flex-wrap:wrap;\" ><div class=\"fusion-builder-row fusion-row fusion-flex-align-items-flex-start fusion-flex-content-wrap\" style=\"max-width:1248px;margin-left: calc(-4% \/ 2 );margin-right: calc(-4% \/ 2 );\"><div class=\"fusion-layout-column fusion_builder_column fusion-builder-column-0 fusion_builder_column_1_1 1_1 fusion-flex-column\" style=\"--awb-bg-size:cover;--awb-width-large:100%;--awb-margin-top-large:0px;--awb-spacing-right-large:1.92%;--awb-margin-bottom-large:20px;--awb-spacing-left-large:1.92%;--awb-width-medium:100%;--awb-order-medium:0;--awb-spacing-right-medium:1.92%;--awb-spacing-left-medium:1.92%;--awb-width-small:100%;--awb-order-small:0;--awb-spacing-right-small:1.92%;--awb-spacing-left-small:1.92%;\"><div class=\"fusion-column-wrapper fusion-column-has-shadow fusion-flex-justify-content-flex-start fusion-content-layout-column\"><div class=\"fusion-title title fusion-title-1 fusion-sep-none fusion-title-text fusion-title-size-two\" style=\"--awb-margin-top-small:10px;--awb-margin-right-small:0px;--awb-margin-bottom-small:10px;--awb-margin-left-small:0px;\"><h2 class=\"fusion-title-heading title-heading-left fusion-responsive-typography-calculated\" style=\"margin:0;--fontSize:28;line-height:1.2;\"><h1>Die R\u00fcckkehr Jesu Christi auf den Himmel<\/h1><\/h2><\/div><div class=\"fusion-text fusion-text-1\"><p><span style=\"font-size: small;\">Am 40. Tag nach dem Auferstehungsfest des Herrn (Osterfest) feiert die christliche Kirche das Fest der Himmelfahrt unseres Herrn Jesus Christus. Dieses Fest ist eines der \u00e4ltesten Feste der christlichen Kirche. Es ist ein bewegliches Fest und wird abh\u00e4ngig vom Osterdatum in der Zeit vom 30. April bis 3. Juni an einem Donnerstag gefeiert. (Dieses Jahr am 25. Mai)<\/span><\/p>\n<p>Gem\u00e4\u00df dem Zeugnis des Neuen Testaments setzt Jesus Christus nach seiner glorreichen Auferstehung sein Wirken auf dieser Welt noch 40 Tage fort, erscheint er seinen J\u00fcngern und vielen anderen Anh\u00e4ngern. Am 40. Tag nach der Auferstehung erscheint Jesus ein letztes Mal seinen J\u00fcngern,<span id=\"more-383\"><\/span>\u00a0segnet und ermutigt sie und nimmt Abschied von ihnen:\u00a0<em>\u201eAber ihr werdet die Kraft des Heiligen Geistes empfangen, der auf euch herabkommen wird; und ihr werdet meine Zeugen sein in Jerusalem und in ganz Jud\u00e4a und Samarien und bis an die Grenzen der Erde. Als er das gesagt hatte, wurde er vor ihren Augen emporgehoben, und eine Wolke nahm ihn auf und entzog ihn ihren Blicken.\u201c<\/em>\u00a0(<a href=\"https:\/\/www.bibleserver.com\/EU\/Apostelgeschichte1%2C8-9\" class=\"bibleserver extern\" target=\"_blank\" rel=\"noopener\">Apostelgeschichte 1, 8-9<\/a>)<\/p>\n<p>\u00dcber dieses wunderbare Ereignis der Himmelfahrt berichten auch die Evangelisten Markus und Lukas. Markus schreibt:\u00a0<em>\u201eNachdem Jesus, der Herr, dies zu ihnen gesagt hatte, wurde er in den Himmel aufgenommen und setzte sich zur Rechten Gottes.\u201c\u00a0<\/em>(<a href=\"https:\/\/www.bibleserver.com\/EU\/Markus16%2C19\" class=\"bibleserver extern\" target=\"_blank\" rel=\"noopener\">Markus 16,19<\/a>) Und Lukas berichtet:\u00a0<em>\u201eEr (Jesus) f\u00fchrte sie (die J\u00fcnger) hinaus in die N\u00e4he von Betanien. Dort erhob er seine H\u00e4nde und segnete sie. Und w\u00e4hrend er sie segnete, verlie\u00df er sie und wurde zum Himmel emporgehoben.\u201c\u00a0<\/em>(<a href=\"https:\/\/www.bibleserver.com\/EU\/Lukas24%2C50-51\" class=\"bibleserver extern\" target=\"_blank\" rel=\"noopener\">Lukas 24, 50-51<\/a>)<\/p>\n<p>Das Fest der Himmelfahrt ist eines der beliebtesten Feste der Armenischen Kirche und des Volkes. Mit diesem Tag sind auch einige sch\u00f6ne Br\u00e4uche und Volkstraditionen verbunden, die mit unterschiedlichen Festlichkeiten vervollst\u00e4ndigt werden.<\/p>\n<\/div><div class=\"fusion-separator fusion-full-width-sep\" style=\"align-self: center;margin-left: auto;margin-right: auto;margin-top:15px;margin-bottom:15px;width:100%;\"><div class=\"fusion-separator-border sep-single\" style=\"--awb-height:20px;--awb-amount:20px;border-color:#ffac00;border-top-width:1px;\"><\/div><\/div><div class=\"fusion-video fusion-youtube fusion-no-small-visibility\" style=\"--awb-max-width:600px;--awb-max-height:360px;\"><div class=\"video-shortcode\"><lite-youtube videoid=\"VRRxIXWIc2I\" class=\"landscape\" params=\"wmode=transparent&autoplay=1&amp;enablejsapi=1\" title=\"YouTube video player 1\" data-button-label=\"Play Video\" width=\"600\" height=\"360\" data-thumbnail-size=\"auto\" data-no-cookie=\"on\"><\/lite-youtube><\/div><\/div><div class=\"fusion-separator fusion-full-width-sep\" style=\"align-self: center;margin-left: auto;margin-right: auto;margin-top:15px;margin-bottom:15px;width:100%;\"><div class=\"fusion-separator-border sep-single\" style=\"--awb-height:20px;--awb-amount:20px;border-color:#ffac00;border-top-width:1px;\"><\/div><\/div><div class=\"fusion-title title fusion-title-2 fusion-sep-none fusion-title-text fusion-title-size-two\" style=\"--awb-margin-top-small:10px;--awb-margin-right-small:0px;--awb-margin-bottom-small:10px;--awb-margin-left-small:0px;\"><h2 class=\"fusion-title-heading title-heading-left fusion-responsive-typography-calculated\" style=\"margin:0;--fontSize:28;line-height:1.2;\"><p style=\"text-align: left;\">R\u00fcckkehr des Sitzes des Katholikats Aller Armenier<\/h2><\/div><div class=\"fusion-text fusion-text-2\"><p>Am Tag der Himmelfahrt wird in der Armenischen Kirche auch an ein anderes wichtiges Ereignis aus der armenischen Geschichte erinnert \u2013 an die R\u00fcckkehr des Sitzes des Katholikats Aller Armenier aus Sis zur\u00fcck nach St. Etschmiadzin. Sicherlich wissen viele, dass das Zentrum der Armenischen Kirche und der Muttersitz des Katholikats Aller Armenier St. Etschmiadzin ist, die im Jahre 301 gem\u00e4\u00df dem Willen des Einziggeborenen Sohnes Gottes vom Hl. Gregor dem Erleuchter in der damaligen Hauptstadt Armeniens, Wagharshapat, errichtet worden ist. Das zusammengesetzte armenische Wort\u00a0<em>\u201eEtsch Miadzin\u201c<\/em>\u00a0bedeutet:\u00a0<em>\u201eDer Einziggeborene ist herabgestiegen\u201c<\/em>. Der Sohn Gottes w\u00e4hlte St. Etschmiadzin als Zentrum und Muttersitz der Armenischen Kirche.<\/p>\n<p>Aber auf Grund der tragischen und unbest\u00e4ndigen Geschichte unseres Volkes musste der Sitz des Katholikats seit 484 immer wieder sein Ort wechseln. Und so etwa 1000 Jahre. Als in Kilikien 1080 das kilikisch-armenische F\u00fcrstentum und etwa 100 Jahre danach K\u00f6nigtum entstand, ging auch der Katholikos nach Kilikien und blieb bis 1441 dort.<\/p>\n<p>1441 ist der Sitz des Katholikats Aller Armenier nach St. Etschmiadzin zur\u00fcckgekehrt. Die Entscheidung \u00fcber die R\u00fcckkehr des Sitzes nach St. Etschmiadzin fiel an der kirchlichen Versammlung, die am Tag der Himmelfahrt, 25. Mai 1441 einberufen war. Aus diesem Grund wird an dieses Ereignis immer am Himmelfahrtstag gedacht.<\/p>\n<\/div><div class=\"fusion-text fusion-text-3\"><p><em><span style=\"font-size: 8pt;\">Zuerst ver\u00f6ffentlicht 2022<\/span><\/em><\/p>\n<\/div><\/div><\/div><\/div><\/div>","protected":false},"excerpt":{"rendered":"","protected":false},"author":1,"featured_media":12111,"comment_status":"closed","ping_status":"open","sticky":false,"template":"","format":"standard","meta":{"footnotes":""},"categories":[58,65],"tags":[169,171,377],"class_list":["post-12117","post","type-post","status-publish","format-standard","has-post-thumbnail","hentry","category-allgemein","category-glaubensfragen","tag-christi-himmelfahrt","tag-himmelfahrt-christi","tag-kirchenjahr"],"_links":{"self":[{"href":"https:\/\/agbw.org\/am\/wp-json\/wp\/v2\/posts\/12117","targetHints":{"allow":["GET"]}}],"collection":[{"href":"https:\/\/agbw.org\/am\/wp-json\/wp\/v2\/posts"}],"about":[{"href":"https:\/\/agbw.org\/am\/wp-json\/wp\/v2\/types\/post"}],"author":[{"embeddable":true,"href":"https:\/\/agbw.org\/am\/wp-json\/wp\/v2\/users\/1"}],"replies":[{"embeddable":true,"href":"https:\/\/agbw.org\/am\/wp-json\/wp\/v2\/comments?post=12117"}],"version-history":[{"count":0,"href":"https:\/\/agbw.org\/am\/wp-json\/wp\/v2\/posts\/12117\/revisions"}],"wp:featuredmedia":[{"embeddable":true,"href":"https:\/\/agbw.org\/am\/wp-json\/wp\/v2\/media\/12111"}],"wp:attachment":[{"href":"https:\/\/agbw.org\/am\/wp-json\/wp\/v2\/media?parent=12117"}],"wp:term":[{"taxonomy":"category","embeddable":true,"href":"https:\/\/agbw.org\/am\/wp-json\/wp\/v2\/categories?post=12117"},{"taxonomy":"post_tag","embeddable":true,"href":"https:\/\/agbw.org\/am\/wp-json\/wp\/v2\/tags?post=12117"}],"curies":[{"name":"wp","href":"https:\/\/api.w.org\/{rel}","templated":true}]}}