{"id":12220,"date":"2022-05-24T08:00:14","date_gmt":"2022-05-24T06:00:14","guid":{"rendered":"https:\/\/agbw.org\/?p=12220"},"modified":"2022-05-25T07:42:27","modified_gmt":"2022-05-25T05:42:27","slug":"katholikentag-in-stuttgart-22","status":"publish","type":"post","link":"https:\/\/agbw.org\/am\/2022\/katholikentag-in-stuttgart-22\/","title":{"rendered":"Katholikentag in Stuttgart"},"content":{"rendered":"<div class=\"fusion-fullwidth fullwidth-box fusion-builder-row-1 fusion-flex-container nonhundred-percent-fullwidth non-hundred-percent-height-scrolling\" style=\"--awb-border-radius-top-left:0px;--awb-border-radius-top-right:0px;--awb-border-radius-bottom-right:0px;--awb-border-radius-bottom-left:0px;--awb-flex-wrap:wrap;\" ><div class=\"fusion-builder-row fusion-row fusion-flex-align-items-flex-start fusion-flex-content-wrap\" style=\"max-width:1248px;margin-left: calc(-4% \/ 2 );margin-right: calc(-4% \/ 2 );\"><div class=\"fusion-layout-column fusion_builder_column fusion-builder-column-0 fusion_builder_column_1_1 1_1 fusion-flex-column\" style=\"--awb-bg-size:cover;--awb-width-large:100%;--awb-margin-top-large:0px;--awb-spacing-right-large:1.92%;--awb-margin-bottom-large:20px;--awb-spacing-left-large:1.92%;--awb-width-medium:100%;--awb-order-medium:0;--awb-spacing-right-medium:1.92%;--awb-spacing-left-medium:1.92%;--awb-width-small:100%;--awb-order-small:0;--awb-spacing-right-small:1.92%;--awb-spacing-left-small:1.92%;\"><div class=\"fusion-column-wrapper fusion-column-has-shadow fusion-flex-justify-content-flex-start fusion-content-layout-column\"><div class=\"fusion-title title fusion-title-1 fusion-sep-none fusion-title-text fusion-title-size-one\" style=\"--awb-margin-top-small:10px;--awb-margin-right-small:0px;--awb-margin-bottom-small:10px;--awb-margin-left-small:0px;\"><h1 class=\"fusion-title-heading title-heading-left fusion-responsive-typography-calculated\" style=\"margin:0;--fontSize:35;line-height:1.2;\"><p class=\"b_is-headline\">Katholikentag 2022 in Stuttgart<\/p><\/h1><\/div><div class=\"fusion-title title fusion-title-2 fusion-sep-none fusion-title-text fusion-title-size-two\" style=\"--awb-margin-top-small:10px;--awb-margin-right-small:0px;--awb-margin-bottom-small:10px;--awb-margin-left-small:0px;\"><h2 class=\"fusion-title-heading title-heading-left fusion-responsive-typography-calculated\" style=\"margin:0;--fontSize:28;line-height:1.2;\">Mitwirkung der Armenischen Apostolischen Kirche bei Veranstaltungen<\/h2><\/div><div class=\"fusion-text fusion-text-1\"><p>In Stuttgart findet <a href=\"https:\/\/www.katholikentag.de\/\" target=\"_blank\" rel=\"noopener\"><strong>vom 25. bis 29. Mai der 102. Deutsche Katholikentag<\/strong><\/a> statt. Auch die Armenische Kirche in Deutschland wirkt dabei mit.<\/p>\n<p>Die Katholische Kirche in Deutschland l\u00e4dt zur Diskussion, Gebet und Feiern ein. Man kann als Dauergast von Mittwoch bis Sonntag teilnehmen oder mit einer Tages- oder Abendkarte einzelne Tage besuchen. Weitere Informationen erhalten Sie auf der Website oder in der App des Katholikentags.<\/p>\n<p><strong>Im Folgenden finden Sie die Veranstaltungen mit unserer Mitwirkung:<\/strong><\/p>\n<\/div><div class=\"fusion-text fusion-text-2\"><header><strong><a href=\"https:\/\/www.katholikentag.de\/pressemitteilungen\/willkommen-in-der-app-des-katholikentags-1-1-1-1\" target=\"_blank\" rel=\"noopener\">Do. 26. &#8211; Sa. 28.05.2022 \/ 11.00\u201318.00 Uhr \/ \u00d6kumene<\/a><\/strong><br \/>\n<strong>ACK Polis auf dem Kleinen Schlossplatz, Stuttgart<br \/>\n<\/strong>Das B\u00fchnenprogramm l\u00e4dt zu kurzweiligen Informationsveranstaltungen, Mittags- und Abendgebeten sowie mitrei\u00dfender Live-Musik ein. Es wird also immer etwas los sein in der \u201e\u00d6kumene-Stadt\u201c auf dem Katholikentag. Kommen Sie vorbei und lassen Sie sich begeistern. Die <a href=\"http:\/\/www.ack-polis.de\/\" target=\"_blank\" rel=\"noopener\">ACK-Polis<\/a> ist ohne Eintrittskarte zug\u00e4nglich.<\/header>\n<header>\n<div class=\"col-xs-7 col-7\">\n<div class=\"eg_PGH_result_activitySubtitle\"><\/div>\n<\/div>\n<\/header>\n<\/div><div class=\"fusion-separator fusion-full-width-sep\" style=\"align-self: center;margin-left: auto;margin-right: auto;margin-top:10px;margin-bottom:10px;width:100%;\"><div class=\"fusion-separator-border sep-single sep-solid\" style=\"--awb-height:20px;--awb-amount:20px;border-color:#ffac00;border-top-width:1px;\"><\/div><\/div><div class=\"fusion-text fusion-text-3\"><header><a href=\"http:\/\/www.ack-polis.de\/\" target=\"_blank\" rel=\"noopener\"><strong><span class=\"nolink\">Am 26.05.2022<\/span> \/ 12.00 &#8211; 12.30 Uhr \/ \u00d6kumene \/ Mittagsgebet<\/strong><\/a><br \/>\n<strong>ACK Polis auf dem Kleinen Schlossplatz, Stuttgart<br \/>\n<\/strong>Naira Yakarian und Andrea Aittersbach (Evangelische Kirche)<\/header>\n<\/div><div class=\"fusion-separator fusion-full-width-sep\" style=\"align-self: center;margin-left: auto;margin-right: auto;margin-top:10px;margin-bottom:10px;width:100%;\"><div class=\"fusion-separator-border sep-single sep-solid\" style=\"--awb-height:20px;--awb-amount:20px;border-color:#ffac00;border-top-width:1px;\"><\/div><\/div><div class=\"fusion-text fusion-text-4\"><header>\n<div><strong><a href=\"https:\/\/www.katholikentag.de\/programm\/suche#session\/1021146101\/V.OEK-016\" target=\"_blank\" rel=\"noopener\">Fr. 27.05.2022 \/ 16.30\u201318.00 Uhr \/ \u00d6kumene \/ Gebet<\/a><\/strong><\/div>\n<div><strong>&#8222;Neige dein Ohr, HERR, und gib mir Antwort&#8220; (<a href=\"https:\/\/www.bibleserver.com\/EU\/Psalm86%2C1\" class=\"bibleserver extern\" target=\"_blank\" rel=\"noopener\">Psalm 86,1<\/a>)<\/strong><\/div>\n<div>Armenische Abendandacht und geistlicher Gesang<\/div>\n<\/header>\n<\/div><div class=\"fusion-separator fusion-full-width-sep\" style=\"align-self: center;margin-left: auto;margin-right: auto;margin-top:10px;margin-bottom:10px;width:100%;\"><div class=\"fusion-separator-border sep-single sep-solid\" style=\"--awb-height:20px;--awb-amount:20px;border-color:#ffac00;border-top-width:1px;\"><\/div><\/div><div class=\"fusion-text fusion-text-5\"><div class=\"eg_PGH_result_date\" style=\"text-align: left;\"><strong><a href=\"https:\/\/www.katholikentag.de\/programm\/suche#session\/1021054101\/V.IRB-011\" target=\"_blank\" rel=\"noopener\">Fr. 27.05.2022 \/ 16.30\u201318.00 Uhr \/ Interreligi\u00f6se Begegnungen \/ Podium<\/a><\/strong><\/div>\n<div class=\"eg_PGH_result_date\" style=\"text-align: left;\"><strong>Gesellschaft gemeinsam gestalten<\/strong><\/div>\n<div class=\"eg_PGH_result_date\" style=\"text-align: left;\">Religionen als Partnerinnen im Raum Stuttgart<\/div>\n<\/div><div class=\"fusion-separator fusion-full-width-sep\" style=\"align-self: center;margin-left: auto;margin-right: auto;margin-top:10px;margin-bottom:10px;width:100%;\"><div class=\"fusion-separator-border sep-single sep-solid\" style=\"--awb-height:20px;--awb-amount:20px;border-color:#ffac00;border-top-width:1px;\"><\/div><\/div><div class=\"fusion-text fusion-text-6\"><p><strong><a href=\"https:\/\/www.katholikentag.de\/programm\/suche#session\/1020634101\/V.OEK-010\" target=\"_blank\" rel=\"noopener\">Sa. 28.05.2022 \/ 16.30\u201318.00 Uhr \/ \u00d6kumene \/ Podium<\/a><br \/>\n<\/strong><strong>Orientalische Christ:innen unter uns<br \/>\n<\/strong>Eine Chance f\u00fcr die \u00d6kumene<\/p>\n<\/div><div class=\"fusion-separator fusion-full-width-sep\" style=\"align-self: center;margin-left: auto;margin-right: auto;margin-top:10px;margin-bottom:10px;width:100%;\"><div class=\"fusion-separator-border sep-single sep-solid\" style=\"--awb-height:20px;--awb-amount:20px;border-color:#ffac00;border-top-width:1px;\"><\/div><\/div><\/div><\/div><\/div><\/div>","protected":false},"excerpt":{"rendered":"","protected":false},"author":1,"featured_media":12221,"comment_status":"closed","ping_status":"open","sticky":false,"template":"","format":"standard","meta":{"footnotes":""},"categories":[64,378,67],"tags":[379],"class_list":["post-12220","post","type-post","status-publish","format-standard","has-post-thumbnail","hentry","category-gemeinde","category-oekumene","category-pressemitteilungen","tag-katholikentag"],"_links":{"self":[{"href":"https:\/\/agbw.org\/am\/wp-json\/wp\/v2\/posts\/12220","targetHints":{"allow":["GET"]}}],"collection":[{"href":"https:\/\/agbw.org\/am\/wp-json\/wp\/v2\/posts"}],"about":[{"href":"https:\/\/agbw.org\/am\/wp-json\/wp\/v2\/types\/post"}],"author":[{"embeddable":true,"href":"https:\/\/agbw.org\/am\/wp-json\/wp\/v2\/users\/1"}],"replies":[{"embeddable":true,"href":"https:\/\/agbw.org\/am\/wp-json\/wp\/v2\/comments?post=12220"}],"version-history":[{"count":0,"href":"https:\/\/agbw.org\/am\/wp-json\/wp\/v2\/posts\/12220\/revisions"}],"wp:featuredmedia":[{"embeddable":true,"href":"https:\/\/agbw.org\/am\/wp-json\/wp\/v2\/media\/12221"}],"wp:attachment":[{"href":"https:\/\/agbw.org\/am\/wp-json\/wp\/v2\/media?parent=12220"}],"wp:term":[{"taxonomy":"category","embeddable":true,"href":"https:\/\/agbw.org\/am\/wp-json\/wp\/v2\/categories?post=12220"},{"taxonomy":"post_tag","embeddable":true,"href":"https:\/\/agbw.org\/am\/wp-json\/wp\/v2\/tags?post=12220"}],"curies":[{"name":"wp","href":"https:\/\/api.w.org\/{rel}","templated":true}]}}