{"id":12408,"date":"2022-06-11T10:33:45","date_gmt":"2022-06-11T08:33:45","guid":{"rendered":"https:\/\/agbw.org\/?p=12408"},"modified":"2022-06-11T10:34:21","modified_gmt":"2022-06-11T08:34:21","slug":"tag-der-weltweiten-kirche-2022","status":"publish","type":"post","link":"https:\/\/agbw.org\/am\/2022\/tag-der-weltweiten-kirche-2022\/","title":{"rendered":"Tag der weltweiten Kirche 2022"},"content":{"rendered":"<div class=\"fusion-fullwidth fullwidth-box fusion-builder-row-1 fusion-flex-container nonhundred-percent-fullwidth non-hundred-percent-height-scrolling\" style=\"--awb-border-radius-top-left:0px;--awb-border-radius-top-right:0px;--awb-border-radius-bottom-right:0px;--awb-border-radius-bottom-left:0px;--awb-flex-wrap:wrap;\" ><div class=\"fusion-builder-row fusion-row fusion-flex-align-items-flex-start fusion-flex-content-wrap\" style=\"max-width:1248px;margin-left: calc(-4% \/ 2 );margin-right: calc(-4% \/ 2 );\"><div class=\"fusion-layout-column fusion_builder_column fusion-builder-column-0 fusion_builder_column_1_1 1_1 fusion-flex-column\" style=\"--awb-bg-size:cover;--awb-width-large:100%;--awb-margin-top-large:0px;--awb-spacing-right-large:1.92%;--awb-margin-bottom-large:20px;--awb-spacing-left-large:1.92%;--awb-width-medium:100%;--awb-order-medium:0;--awb-spacing-right-medium:1.92%;--awb-spacing-left-medium:1.92%;--awb-width-small:100%;--awb-order-small:0;--awb-spacing-right-small:1.92%;--awb-spacing-left-small:1.92%;\"><div class=\"fusion-column-wrapper fusion-column-has-shadow fusion-flex-justify-content-flex-start fusion-content-layout-column\"><div class=\"fusion-title title fusion-title-1 fusion-sep-none fusion-title-text fusion-title-size-one\" style=\"--awb-margin-top-small:10px;--awb-margin-right-small:0px;--awb-margin-bottom-small:10px;--awb-margin-left-small:0px;\"><h1 class=\"fusion-title-heading title-heading-left fusion-responsive-typography-calculated\" style=\"margin:0;--fontSize:35;line-height:1.2;\">Tag der weltweiten Kirche 2022<\/h1><\/div><div class=\"fusion-text fusion-text-1\"><header>\n<h3 class=\"b_is-headline\">\u201eFriede sei mit euch\u201c &#8211; Tag der weltweiten Kirche 2022<\/h3>\n<h4>Am Pfingstmontag rund um die Stuttgarter Stiftskirche<\/h4>\n<\/header>\n<\/div><div class=\"fusion-text fusion-text-2\"><p><strong>Am Pfingstmontag, 6. Juni, fand in der Stuttgarter Stiftskirche der \u00f6kumenische Gottesdienst zum Tag der weltweiten Kirche. Das zentrale Thema: \u201eFriede sei mit euch\u201c. Am Gottesdienst um 11:00 Uhr kamen G\u00e4ste aus Kamerun, Korea und der Ukraine zu Wort.<\/strong><\/p>\n<\/div><div class=\"fusion-text fusion-text-3\"><p>Der Landesbischof der Evangelischen Kirche in W\u00fcrttemberg Dr. h.c. Frank Otfried July hielt im Gottesdienst die Predigt \u00fcber <a href=\"https:\/\/www.bibleserver.com\/EU\/Johannes20%2C21-22\" class=\"bibleserver extern\" target=\"_blank\" rel=\"noopener\">Johannes 20, 21-22<\/a>.<\/p>\n<p>Ab 12:30 Uhr gab es in der Stiftsstra\u00dfe Mittagessen mit Spezialit\u00e4ten aus aller Welt. Auch unsere Gemeinde pr\u00e4sentierte sich mit einem eigenen Stand. Es wurde die Aktion: &#8222;Heimat schaffen. Sanierung der Hl. Kreuz Kirche in G\u00f6ppingen&#8220; vorgestellt, aber auch armenische Spezialit\u00e4ten und Kuchen, vorbereitet von Vorstandsmitgliedern unserer Gemeinde.<\/p>\n<p>Es war ein besonderer Tag voller Begegnungen auf der B\u00fchne, in der Kirche und rund um die Kirche. Informative Gespr\u00e4che und neue Bekanntschaften entstanden.<\/p>\n<p>Der Tag der weltweiten Kirche wird von der Landeskirche, dem Internationalen Konvent Christlicher Gemeinden W\u00fcrttemberg, wo die Armenische Gemeinde Baden-W\u00fcrttemberg Mitglied ist, dem Dienst f\u00fcr Mission, \u00d6kumene, Entwicklung und dem Evangelischen Jugendwerk veranstaltet.<\/p>\n<\/div><\/div><\/div><\/div><\/div>","protected":false},"excerpt":{"rendered":"","protected":false},"author":1,"featured_media":12409,"comment_status":"closed","ping_status":"open","sticky":false,"template":"","format":"standard","meta":{"footnotes":""},"categories":[58,378],"tags":[],"class_list":["post-12408","post","type-post","status-publish","format-standard","has-post-thumbnail","hentry","category-allgemein","category-oekumene"],"_links":{"self":[{"href":"https:\/\/agbw.org\/am\/wp-json\/wp\/v2\/posts\/12408","targetHints":{"allow":["GET"]}}],"collection":[{"href":"https:\/\/agbw.org\/am\/wp-json\/wp\/v2\/posts"}],"about":[{"href":"https:\/\/agbw.org\/am\/wp-json\/wp\/v2\/types\/post"}],"author":[{"embeddable":true,"href":"https:\/\/agbw.org\/am\/wp-json\/wp\/v2\/users\/1"}],"replies":[{"embeddable":true,"href":"https:\/\/agbw.org\/am\/wp-json\/wp\/v2\/comments?post=12408"}],"version-history":[{"count":0,"href":"https:\/\/agbw.org\/am\/wp-json\/wp\/v2\/posts\/12408\/revisions"}],"wp:featuredmedia":[{"embeddable":true,"href":"https:\/\/agbw.org\/am\/wp-json\/wp\/v2\/media\/12409"}],"wp:attachment":[{"href":"https:\/\/agbw.org\/am\/wp-json\/wp\/v2\/media?parent=12408"}],"wp:term":[{"taxonomy":"category","embeddable":true,"href":"https:\/\/agbw.org\/am\/wp-json\/wp\/v2\/categories?post=12408"},{"taxonomy":"post_tag","embeddable":true,"href":"https:\/\/agbw.org\/am\/wp-json\/wp\/v2\/tags?post=12408"}],"curies":[{"name":"wp","href":"https:\/\/api.w.org\/{rel}","templated":true}]}}