{"id":12742,"date":"2022-09-01T12:40:56","date_gmt":"2022-09-01T10:40:56","guid":{"rendered":"https:\/\/agbw.org\/?p=12742"},"modified":"2022-09-01T12:40:56","modified_gmt":"2022-09-01T10:40:56","slug":"oekumenischer-tag-der-schoepfung-2022-2","status":"publish","type":"post","link":"https:\/\/agbw.org\/am\/2022\/oekumenischer-tag-der-schoepfung-2022-2\/","title":{"rendered":"\u00d6kumenischer Tag der Sch\u00f6pfung 2022"},"content":{"rendered":"<div class=\"fusion-fullwidth fullwidth-box fusion-builder-row-1 fusion-flex-container has-pattern-background has-mask-background nonhundred-percent-fullwidth non-hundred-percent-height-scrolling\" style=\"--awb-border-radius-top-left:0px;--awb-border-radius-top-right:0px;--awb-border-radius-bottom-right:0px;--awb-border-radius-bottom-left:0px;--awb-flex-wrap:wrap;\" ><div class=\"fusion-builder-row fusion-row fusion-flex-align-items-flex-start fusion-flex-content-wrap\" style=\"max-width:1248px;margin-left: calc(-4% \/ 2 );margin-right: calc(-4% \/ 2 );\"><div class=\"fusion-layout-column fusion_builder_column fusion-builder-column-0 fusion_builder_column_1_1 1_1 fusion-flex-column\" style=\"--awb-bg-size:cover;--awb-width-large:100%;--awb-margin-top-large:0px;--awb-spacing-right-large:1.92%;--awb-margin-bottom-large:20px;--awb-spacing-left-large:1.92%;--awb-width-medium:100%;--awb-order-medium:0;--awb-spacing-right-medium:1.92%;--awb-spacing-left-medium:1.92%;--awb-width-small:100%;--awb-order-small:0;--awb-spacing-right-small:1.92%;--awb-spacing-left-small:1.92%;\"><div class=\"fusion-column-wrapper fusion-column-has-shadow fusion-flex-justify-content-flex-start fusion-content-layout-column\"><div class=\"fusion-text fusion-text-1\"><h2>Motto: Die Liebe Gottes vers\u00f6hnt und eint die leidende Sch\u00f6pfung<\/h2>\n<p>Anl\u00e4sslich der Vollversammlung des \u00d6kumenischen Rates der Kirchen (\u00d6RK) vom 31. August bis zum 8. September 2022 feiert die ACK in Deutschland den zentralen \u00d6kumenischen Tag der Sch\u00f6pfung am international begangenen Sch\u00f6pfungstag, dem 1. September 2022, mit Christinnen und Christen aus Karlsruhe, Baden-W\u00fcrttemberg und der ganzen Welt.<\/p>\n<p>Das Motto des diesj\u00e4hrigen \u00d6kumenischen Tags der Sch\u00f6pfung lehnt sich an das Tagesmotto der Vollversammlung des \u00d6RK an: &#8222;The purpose of God&#8217;s love for the whole creation &#8211; reconciliation and unity&#8220; und verbindet es mit der deutschen \u00dcbersetzung des Mottos der gesamten Vollversammlung &#8222;Die Liebe Christi bewegt, vers\u00f6hnt und eint die Welt&#8220;. Es ist einerseits eine verhei\u00dfende Zusage, dass Gottes Handeln in der Welt und an der Sch\u00f6pfung m\u00e4chtig ist, andererseits f\u00fchrt es aber auch das menschliche Versagen vor Augen, das erheblichen Anteil daran hat, dass die Sch\u00f6pfung leidet. Daher ist die Zusage auch immer eine Aufgabe an die Menschheit, die Sch\u00f6pfung Gottes zu bewahren, zu vers\u00f6hnen und zu einen.<\/p>\n<p><a href=\"https:\/\/www.oekumene-ack.de\/\" target=\"_blank\" rel=\"noopener\">https:\/\/www.oekumene-ack.de\/<\/a><\/p>\n<hr \/>\n<\/div><div class=\"fusion-text fusion-text-2\"><div id=\"c2258\" class=\"frame frame-default frame-type-text frame-layout-0\">\n<p>Hier k\u00f6nnen Sie den \u00d6kumenischen Tag der Sch\u00f6pfung per Livestream \u00fcber YouTube verfolgen:<\/p>\n<\/div>\n<\/div><div class=\"fusion-video fusion-youtube\" style=\"--awb-max-width:600px;--awb-max-height:360px;--awb-align-self:center;--awb-width:100%;\" data-autoplay=\"1\"><div class=\"video-shortcode\"><lite-youtube videoid=\"xEqH8k-nXQQ\" class=\"landscape\" params=\"wmode=transparent&autoplay=1&amp;enablejsapi=1\" title=\"YouTube video player 1\" data-button-label=\"Play Video\" width=\"600\" height=\"360\" data-thumbnail-size=\"auto\" data-no-cookie=\"on\"><\/lite-youtube><\/div><\/div><\/div><\/div><\/div><\/div>","protected":false},"excerpt":{"rendered":"","protected":false},"author":1,"featured_media":12743,"comment_status":"closed","ping_status":"open","sticky":false,"template":"","format":"standard","meta":{"footnotes":""},"categories":[58,378],"tags":[79],"class_list":["post-12742","post","type-post","status-publish","format-standard","has-post-thumbnail","hentry","category-allgemein","category-oekumene","tag-oekumene"],"_links":{"self":[{"href":"https:\/\/agbw.org\/am\/wp-json\/wp\/v2\/posts\/12742","targetHints":{"allow":["GET"]}}],"collection":[{"href":"https:\/\/agbw.org\/am\/wp-json\/wp\/v2\/posts"}],"about":[{"href":"https:\/\/agbw.org\/am\/wp-json\/wp\/v2\/types\/post"}],"author":[{"embeddable":true,"href":"https:\/\/agbw.org\/am\/wp-json\/wp\/v2\/users\/1"}],"replies":[{"embeddable":true,"href":"https:\/\/agbw.org\/am\/wp-json\/wp\/v2\/comments?post=12742"}],"version-history":[{"count":0,"href":"https:\/\/agbw.org\/am\/wp-json\/wp\/v2\/posts\/12742\/revisions"}],"wp:featuredmedia":[{"embeddable":true,"href":"https:\/\/agbw.org\/am\/wp-json\/wp\/v2\/media\/12743"}],"wp:attachment":[{"href":"https:\/\/agbw.org\/am\/wp-json\/wp\/v2\/media?parent=12742"}],"wp:term":[{"taxonomy":"category","embeddable":true,"href":"https:\/\/agbw.org\/am\/wp-json\/wp\/v2\/categories?post=12742"},{"taxonomy":"post_tag","embeddable":true,"href":"https:\/\/agbw.org\/am\/wp-json\/wp\/v2\/tags?post=12742"}],"curies":[{"name":"wp","href":"https:\/\/api.w.org\/{rel}","templated":true}]}}