{"id":13684,"date":"2022-01-03T08:00:25","date_gmt":"2022-01-03T07:00:25","guid":{"rendered":"https:\/\/agbw.org\/?p=13684"},"modified":"2022-12-31T10:08:15","modified_gmt":"2022-12-31T09:08:15","slug":"samstagstreffs-der-armenischen-jugend","status":"publish","type":"post","link":"https:\/\/agbw.org\/am\/2022\/samstagstreffs-der-armenischen-jugend\/","title":{"rendered":"Samstagstreffs der armenischen Jugend"},"content":{"rendered":"<div class=\"fusion-fullwidth fullwidth-box fusion-builder-row-1 fusion-flex-container has-pattern-background has-mask-background nonhundred-percent-fullwidth non-hundred-percent-height-scrolling\" style=\"--awb-border-radius-top-left:0px;--awb-border-radius-top-right:0px;--awb-border-radius-bottom-right:0px;--awb-border-radius-bottom-left:0px;--awb-flex-wrap:wrap;\" ><div class=\"fusion-builder-row fusion-row fusion-flex-align-items-flex-start fusion-flex-content-wrap\" style=\"max-width:1248px;margin-left: calc(-4% \/ 2 );margin-right: calc(-4% \/ 2 );\"><div class=\"fusion-layout-column fusion_builder_column fusion-builder-column-0 fusion_builder_column_1_1 1_1 fusion-flex-column\" style=\"--awb-bg-size:cover;--awb-width-large:100%;--awb-margin-top-large:0px;--awb-spacing-right-large:1.92%;--awb-margin-bottom-large:20px;--awb-spacing-left-large:1.92%;--awb-width-medium:100%;--awb-order-medium:0;--awb-spacing-right-medium:1.92%;--awb-spacing-left-medium:1.92%;--awb-width-small:100%;--awb-order-small:0;--awb-spacing-right-small:1.92%;--awb-spacing-left-small:1.92%;\"><div class=\"fusion-column-wrapper fusion-column-has-shadow fusion-flex-justify-content-flex-start fusion-content-layout-column\"><div class=\"fusion-title title fusion-title-1 fusion-sep-none fusion-title-center fusion-title-text fusion-title-size-one\" style=\"--awb-margin-top-small:10px;--awb-margin-right-small:0px;--awb-margin-bottom-small:10px;--awb-margin-left-small:0px;\"><h1 class=\"fusion-title-heading title-heading-center fusion-responsive-typography-calculated\" style=\"margin:0;--fontSize:35;line-height:1.2;\">Samstagstreffs der armenischen Jugend<\/h1><\/div><div class=\"fusion-title title fusion-title-2 fusion-sep-none fusion-title-center fusion-title-text fusion-title-size-two\" style=\"--awb-margin-top-small:10px;--awb-margin-right-small:0px;--awb-margin-bottom-small:10px;--awb-margin-left-small:0px;\"><h2 class=\"fusion-title-heading title-heading-center fusion-responsive-typography-calculated\" style=\"margin:0;--fontSize:28;line-height:1.2;\">Unser Jugendausschuss l\u00e4dt junge Gemeindemitglieder zu offenen Treffs ein<\/h2><\/div><div class=\"fusion-text fusion-text-1\"><p class=\"_04xlpA direction-ltr align-center para-style-body\" style=\"text-align: center;\"><span class=\"JsGRdQ\">Du wohnst in Baden-W\u00fcrttemberg und\u00a0<\/span><span class=\"JsGRdQ\">hast Lust,<br \/>\nviele neue Landsleute aus Baden-W\u00fcrttemberg kennenzulernen?<br \/>\nMit denen zusammen deine Wochenenden noch interessanter zu verbringen,<br \/>\nsich an Treffs, Seminaren, Freizeiten und Schulungen zu beteiligen<br \/>\nund vor Ort aktiv zu werden?<\/span><\/p>\n<p class=\"_04xlpA direction-ltr align-center para-style-body\" style=\"text-align: center;\"><span style=\"color: #003366;\"><strong><span class=\"JsGRdQ\">Du bist zwischen 14 und 27 Jahre alt?<\/span><\/strong><\/span><\/p>\n<p class=\"_04xlpA direction-ltr align-center para-style-body\" style=\"text-align: center;\"><span class=\"JsGRdQ\">Dann haben wir genau das Richtige f\u00fcr Dich:<\/span><\/p>\n<p class=\"_04xlpA direction-ltr align-center para-style-body\" style=\"text-align: center;\"><span style=\"color: #003366;\"><strong><span class=\"JsGRdQ\">Wir von JA AGBW laden Dich gerne\u00a0<\/span><\/strong><span class=\"JsGRdQ\"><strong>zu unseren Jugendtreffs ein!<\/strong><\/span><\/span><\/p>\n<p style=\"text-align: center;\">Hier kannst Du die Jugendarbeit unserer Gemeinde mitgestalten,<br \/>\nan Events und Schulungen teilnehmen, einfach chillen und fabelhafte Momente erleben!<\/p>\n<p class=\"_04xlpA direction-ltr align-center para-style-body\" style=\"text-align: center;\"><span style=\"color: #003366;\"><strong><span class=\"JsGRdQ\">Wir freuen uns auf Dich!<\/span><\/strong><\/span><\/p>\n<\/div><div class=\"fusion-separator fusion-full-width-sep\" style=\"align-self: center;margin-left: auto;margin-right: auto;margin-top:15px;margin-bottom:15px;width:100%;\"><div class=\"fusion-separator-border sep-double sep-solid\" style=\"--awb-height:20px;--awb-amount:20px;border-color:#ffac00;border-top-width:1px;border-bottom-width:1px;\"><\/div><\/div><div class=\"fusion-text fusion-text-2\"><p class=\"_04xlpA direction-ltr align-center para-style-body\" style=\"text-align: center;\"><span style=\"color: #ff0000;\"><strong><span class=\"JsGRdQ\">WAS<\/span><\/strong><\/span><\/p>\n<p class=\"_04xlpA direction-ltr align-center para-style-body\" style=\"text-align: center;\"><span class=\"JsGRdQ\">Jugendtreffs, Spa\u00df haben,<br \/>\n<\/span><span class=\"JsGRdQ\">auf Gottes Wort h\u00f6ren, Reisen &amp; Freizeiten,<br \/>\n<\/span><span class=\"JsGRdQ\">Leute treffen, Chillen und vieles mehr\u2026<\/span><\/p>\n<p class=\"_04xlpA direction-ltr align-center para-style-body\" style=\"text-align: center;\"><span style=\"color: #003366;\"><strong><span class=\"JsGRdQ\">WANN<\/span><\/strong><\/span><\/p>\n<p class=\"_04xlpA direction-ltr align-center para-style-body\" style=\"text-align: center;\"><span class=\"JsGRdQ\">Jeden 1. und 3. Samstag im Monat<br \/>\n<\/span><span class=\"JsGRdQ\">ab 16 Uhr<\/span><\/p>\n<p class=\"_04xlpA direction-ltr align-center para-style-body\" style=\"text-align: center;\"><span style=\"color: #ff6600;\"><strong><span class=\"JsGRdQ\">WO<\/span><\/strong><\/span><\/p>\n<p class=\"_04xlpA direction-ltr align-center para-style-body\" style=\"text-align: center;\"><span class=\"JsGRdQ\">B\u00fcrgerhaus Lamm<br \/>\n<\/span><span class=\"JsGRdQ\">Ulmer Stra\u00dfe 352, 70372 Stuttgart \/ Wangen<\/span><\/p>\n<\/div><div class=\"fusion-separator fusion-full-width-sep\" style=\"align-self: center;margin-left: auto;margin-right: auto;margin-top:15px;margin-bottom:15px;width:100%;\"><div class=\"fusion-separator-border sep-double sep-solid\" style=\"--awb-height:20px;--awb-amount:20px;border-color:#ffac00;border-top-width:1px;border-bottom-width:1px;\"><\/div><\/div><div class=\"fusion-text fusion-text-3\"><p class=\"_04xlpA direction-ltr align-center para-style-body\" style=\"text-align: center;\"><span class=\"JsGRdQ\">Willst Du Deine armenische Jugendgruppe vor Ort in Baden-W\u00fcrttemberg aktivieren oder st\u00e4rken? Wir helfen Dir gerne weiter. Unser Jugend-Ausschuss steht Dir gerne zur Verf\u00fcgung.<\/span><\/p>\n<p class=\"_04xlpA direction-ltr align-center para-style-body\" style=\"text-align: center;\"><span class=\"JsGRdQ\">Du kannst dich gern hier per PM melden,\u00a0<\/span><span class=\"JsGRdQ\">unsere Sozial-Media-Kan\u00e4le besuchen, uns eine E-Mail schreiben oder ganz einfach uns im B\u00fcrgerhaus Lamm\u00a0<\/span><span class=\"JsGRdQ\">in Stuttgart besuchen. Wir freuen uns auf Dich!<\/span><\/p>\n<p class=\"_04xlpA direction-ltr align-center para-style-body\" style=\"text-align: center;\"><span style=\"color: #003366;\"><strong><span class=\"JsGRdQ\">DEIN JA AGBW TEAM<\/span><\/strong><\/span><\/p>\n<\/div><\/div><\/div><\/div><\/div>","protected":false},"excerpt":{"rendered":"","protected":false},"author":1,"featured_media":13233,"comment_status":"closed","ping_status":"open","sticky":false,"template":"","format":"standard","meta":{"footnotes":""},"categories":[58,334],"tags":[],"class_list":["post-13684","post","type-post","status-publish","format-standard","has-post-thumbnail","hentry","category-allgemein","category-jugend"],"_links":{"self":[{"href":"https:\/\/agbw.org\/am\/wp-json\/wp\/v2\/posts\/13684","targetHints":{"allow":["GET"]}}],"collection":[{"href":"https:\/\/agbw.org\/am\/wp-json\/wp\/v2\/posts"}],"about":[{"href":"https:\/\/agbw.org\/am\/wp-json\/wp\/v2\/types\/post"}],"author":[{"embeddable":true,"href":"https:\/\/agbw.org\/am\/wp-json\/wp\/v2\/users\/1"}],"replies":[{"embeddable":true,"href":"https:\/\/agbw.org\/am\/wp-json\/wp\/v2\/comments?post=13684"}],"version-history":[{"count":0,"href":"https:\/\/agbw.org\/am\/wp-json\/wp\/v2\/posts\/13684\/revisions"}],"wp:featuredmedia":[{"embeddable":true,"href":"https:\/\/agbw.org\/am\/wp-json\/wp\/v2\/media\/13233"}],"wp:attachment":[{"href":"https:\/\/agbw.org\/am\/wp-json\/wp\/v2\/media?parent=13684"}],"wp:term":[{"taxonomy":"category","embeddable":true,"href":"https:\/\/agbw.org\/am\/wp-json\/wp\/v2\/categories?post=13684"},{"taxonomy":"post_tag","embeddable":true,"href":"https:\/\/agbw.org\/am\/wp-json\/wp\/v2\/tags?post=13684"}],"curies":[{"name":"wp","href":"https:\/\/api.w.org\/{rel}","templated":true}]}}