{"id":14406,"date":"2023-02-12T07:22:00","date_gmt":"2023-02-12T06:22:00","guid":{"rendered":"https:\/\/agbw.org\/?p=14406"},"modified":"2023-02-12T07:22:00","modified_gmt":"2023-02-12T06:22:00","slug":"weint-mit-den-weinenden","status":"publish","type":"post","link":"https:\/\/agbw.org\/am\/2023\/weint-mit-den-weinenden\/","title":{"rendered":"&#8230;weint mit den Weinenden"},"content":{"rendered":"<div class=\"fusion-fullwidth fullwidth-box fusion-builder-row-1 fusion-flex-container has-pattern-background has-mask-background nonhundred-percent-fullwidth non-hundred-percent-height-scrolling\" style=\"--awb-border-radius-top-left:0px;--awb-border-radius-top-right:0px;--awb-border-radius-bottom-right:0px;--awb-border-radius-bottom-left:0px;--awb-flex-wrap:wrap;\" ><div class=\"fusion-builder-row fusion-row fusion-flex-align-items-flex-start fusion-flex-content-wrap\" style=\"max-width:1248px;margin-left: calc(-4% \/ 2 );margin-right: calc(-4% \/ 2 );\"><div class=\"fusion-layout-column fusion_builder_column fusion-builder-column-0 fusion_builder_column_1_1 1_1 fusion-flex-column\" style=\"--awb-bg-size:cover;--awb-width-large:100%;--awb-margin-top-large:0px;--awb-spacing-right-large:1.92%;--awb-margin-bottom-large:20px;--awb-spacing-left-large:1.92%;--awb-width-medium:100%;--awb-order-medium:0;--awb-spacing-right-medium:1.92%;--awb-spacing-left-medium:1.92%;--awb-width-small:100%;--awb-order-small:0;--awb-spacing-right-small:1.92%;--awb-spacing-left-small:1.92%;\"><div class=\"fusion-column-wrapper fusion-column-has-shadow fusion-flex-justify-content-flex-start fusion-content-layout-column\"><div class=\"fusion-title title fusion-title-1 fusion-sep-none fusion-title-text fusion-title-size-one\" style=\"--awb-margin-top-small:10px;--awb-margin-right-small:0px;--awb-margin-bottom-small:10px;--awb-margin-left-small:0px;\"><h1 class=\"fusion-title-heading title-heading-left fusion-responsive-typography-calculated\" style=\"margin:0;--fontSize:35;line-height:1.2;\">&#8230;weint mi den Weinenden<\/h1><\/div><div class=\"fusion-text fusion-text-1\"><div class=\"x11i5rnm xat24cr x1mh8g0r x1vvkbs xdj266r x126k92a\">\n<blockquote>\n<p>Freut euch mit den Fr\u00f6hlichen,<br \/>\nweint mit den Weinenden.<a href=\"https:\/\/www.bibleserver.com\/EU\/R%C3%B6mer12%2C15\" class=\"bibleserver extern\" target=\"_blank\" rel=\"noopener\">R\u00f6m. 12, 15<\/a><\/p>\n<\/blockquote>\n<\/div>\n<p dir=\"auto\">\u201eFreut euch mit den Fr\u00f6hlichen und weint mit den Weinenden.\u201c \u2013 was hei\u00dft es f\u00fcr uns heute, wenn wir die erschreckenden Nachrichten aus der T\u00fcrkei und Syrien h\u00f6ren?<\/p>\n<p dir=\"auto\">Heute, genauso wie vor zweitausend Jahren bedeutet es: sind wir erf\u00fcllt mit der Liebe Christi, machen wir unsere Herzen auf f\u00fcr die Gef\u00fchle des Anderen. Unser Mitmensch ist uns dann nicht mehr fremd &#8211; er ist Bild und Gleichnis Gottes, genau wie wir &#8211; sein Leid und sein Gl\u00fcck sind auch unser Leid und Gl\u00fcck.<\/p>\n<p dir=\"auto\">Als Christen sind wir eingeladen, mitf\u00fchlend zu sein. Gerade jetzt, wo die Menschen in Syrien und der T\u00fcrkei so tiefen Schmerz erleiden m\u00fcssen, leiden wir mit. Unsere Gedanken und unsere Gebete sind mit ihnen. Wir d\u00fcrfen uns nicht abkapseln, sondern uns mitten hinein in die solidarische Kraft des Lebens begeben. Wie k\u00f6nnen wir es tun? In dem wir zumindest beten und mit unseren Spenden Leid und Schmerz lindern.<\/p>\n<p dir=\"auto\">Das Leben ist voller Gl\u00fccksmomente, aber auch voller Leid. Manchmal hat man das Gef\u00fchl, dass es zu viel wird, wenn das Leid \u00fcberhandnimmt, wenn alles erdr\u00fcckt und l\u00e4hmt. Die F\u00fclle des Lebens mit all ihren Facetten kann auch zur Last und zur B\u00fcrde werden. Ich erinnere mich an das Erdbeben in Armenien vom 1988. Den unertr\u00e4glichen Schmerz des Verlustes, die Machtlosigkeit, den Trauer, den mein Volk, meine Familie und ich als ein 8-j\u00e4hriges Kind, in dieser Zeit erlebt haben, kann ich nicht vergessen. Gleichzeitig kann ich die Freude nicht vergessen, als wir damals sahen, wieviele Menschen Anteil an unserem Schmerz genommen haben. Ich erinnere mich, wie froh und gleichzeitig \u00fcberrascht wir alle waren, als Deutschland als erstes Land uns zur Hilfe kam. Ich erinnere mich, wie wir uns gefreut haben, als so viele L\u00e4nder in dieser unglaublichen Zeit sich solidarisch zeigten. Ich erinnere mich aber auch an die Nachricht, dass einige Hilfstransporte durch T\u00fcrkei und Aserbaidschan nach Armenien fuhren, auf die in t\u00fcrkischer Sprache geschrieben war: &#8222;Gratulation zum Erdbeben&#8220;.<\/p>\n<p dir=\"auto\">Was ich nicht vergessen kann, sind auch die Menschen in Arzach (Berg-Karabach), die seit zwei Monaten in einer Blockade leben. Auch die Opfer des V\u00f6lkermordes, der Massaker in Sumgait und Baku, die Opfer des asero-t\u00fcrkischen Angriffs auf Arzach kann ich nicht vergessen.<\/p>\n<p dir=\"auto\">Auch kann ich nicht so tun, als ob wir nicht wissen, dass vor allem in der T\u00fcrkei die Hilfe zu den Minderheiten nur m\u00fchsam kommt.<\/p>\n<p dir=\"auto\">Dennoch d\u00fcrfen wir nicht zulassen, dass unsere Gef\u00fchle und in die falsche Richtung ziehen. Wir k\u00f6nnen unsere Menschlichkeit nicht verlieren und uns gar nicht auf dieses Niveau herablassen, welches wir gesehen haben und welches uns entsetzt. Denn im gleichen Brief des Hl. Apostels lesen wir: &#8222;Segnet, die euch verfolgen; segnet, und verflucht sie nicht\u201c (<a href=\"https:\/\/www.bibleserver.com\/EU\/R%C3%B6mer12%2C14\" class=\"bibleserver extern\" target=\"_blank\" rel=\"noopener\">R\u00f6m 12, 14<\/a>). Deshalb m\u00f6chten wir als Christen allen Menschen in Not unser Mitgef\u00fchl aussprechen und wir m\u00f6chten helfen, wo wir k\u00f6nnen, auch in der T\u00fcrkei, auch in Syrien.<\/p>\n<p dir=\"auto\">Wir m\u00f6chten dem Rat des Hl. Apostel Paulus folgen, denn er hat gewusst, was Leid ist und es wohl oftmals selbst erlebt. Aus tiefer Erfahrung sowohl des Leides als auch der Freude im Christus, r\u00e4t er der Gemeinde in Rom: \u201eSeid fr\u00f6hlich in Hoffnung, geduldig in Tr\u00fcbsal, beharrlich im Gebet\u201c (Rom 12, 12).<\/p>\n<p dir=\"auto\">Ja, vielleicht bringen Beten und der geduldige Einsatz von Menschen, die es gut meinen, irgendwann auch die Hoffnung f\u00fcr Menschen in der T\u00fcrkei und in Syrien zur\u00fcck und sorgend daf\u00fcr das Hass und Ungerechtigkeit verschwinden.<\/p>\n<p dir=\"auto\">Pfr. Dr. Diradur Sardaryan<\/p>\n<\/div><\/div><\/div><\/div><\/div>","protected":false},"excerpt":{"rendered":"","protected":false},"author":1,"featured_media":14407,"comment_status":"closed","ping_status":"open","sticky":false,"template":"","format":"standard","meta":{"footnotes":""},"categories":[58],"tags":[],"class_list":["post-14406","post","type-post","status-publish","format-standard","has-post-thumbnail","hentry","category-allgemein"],"_links":{"self":[{"href":"https:\/\/agbw.org\/am\/wp-json\/wp\/v2\/posts\/14406","targetHints":{"allow":["GET"]}}],"collection":[{"href":"https:\/\/agbw.org\/am\/wp-json\/wp\/v2\/posts"}],"about":[{"href":"https:\/\/agbw.org\/am\/wp-json\/wp\/v2\/types\/post"}],"author":[{"embeddable":true,"href":"https:\/\/agbw.org\/am\/wp-json\/wp\/v2\/users\/1"}],"replies":[{"embeddable":true,"href":"https:\/\/agbw.org\/am\/wp-json\/wp\/v2\/comments?post=14406"}],"version-history":[{"count":0,"href":"https:\/\/agbw.org\/am\/wp-json\/wp\/v2\/posts\/14406\/revisions"}],"wp:featuredmedia":[{"embeddable":true,"href":"https:\/\/agbw.org\/am\/wp-json\/wp\/v2\/media\/14407"}],"wp:attachment":[{"href":"https:\/\/agbw.org\/am\/wp-json\/wp\/v2\/media?parent=14406"}],"wp:term":[{"taxonomy":"category","embeddable":true,"href":"https:\/\/agbw.org\/am\/wp-json\/wp\/v2\/categories?post=14406"},{"taxonomy":"post_tag","embeddable":true,"href":"https:\/\/agbw.org\/am\/wp-json\/wp\/v2\/tags?post=14406"}],"curies":[{"name":"wp","href":"https:\/\/api.w.org\/{rel}","templated":true}]}}