{"id":14766,"date":"2024-02-29T08:00:41","date_gmt":"2024-02-29T07:00:41","guid":{"rendered":"https:\/\/agbw.org\/?p=14766"},"modified":"2024-03-01T09:26:12","modified_gmt":"2024-03-01T08:26:12","slug":"massaker-von-sumgait-1988-2023","status":"publish","type":"post","link":"https:\/\/agbw.org\/am\/2024\/massaker-von-sumgait-1988-2023\/","title":{"rendered":"Massaker von Sumgait 1988"},"content":{"rendered":"<div class=\"fusion-fullwidth fullwidth-box fusion-builder-row-1 fusion-flex-container has-pattern-background has-mask-background nonhundred-percent-fullwidth non-hundred-percent-height-scrolling\" style=\"--awb-border-radius-top-left:0px;--awb-border-radius-top-right:0px;--awb-border-radius-bottom-right:0px;--awb-border-radius-bottom-left:0px;--awb-flex-wrap:wrap;\" ><div class=\"fusion-builder-row fusion-row fusion-flex-align-items-flex-start fusion-flex-content-wrap\" style=\"max-width:1248px;margin-left: calc(-4% \/ 2 );margin-right: calc(-4% \/ 2 );\"><div class=\"fusion-layout-column fusion_builder_column fusion-builder-column-0 fusion_builder_column_1_1 1_1 fusion-flex-column\" style=\"--awb-bg-size:cover;--awb-width-large:100%;--awb-margin-top-large:0px;--awb-spacing-right-large:1.92%;--awb-margin-bottom-large:20px;--awb-spacing-left-large:1.92%;--awb-width-medium:100%;--awb-order-medium:0;--awb-spacing-right-medium:1.92%;--awb-spacing-left-medium:1.92%;--awb-width-small:100%;--awb-order-small:0;--awb-spacing-right-small:1.92%;--awb-spacing-left-small:1.92%;\"><div class=\"fusion-column-wrapper fusion-column-has-shadow fusion-flex-justify-content-flex-start fusion-content-layout-column\"><div class=\"fusion-title title fusion-title-1 fusion-sep-none fusion-title-text fusion-title-size-one\" style=\"--awb-margin-top-small:10px;--awb-margin-right-small:0px;--awb-margin-bottom-small:10px;--awb-margin-left-small:0px;\"><h1 class=\"fusion-title-heading title-heading-left fusion-responsive-typography-calculated\" style=\"margin:0;--fontSize:35;line-height:1.2;\">Massaker von Sumgait 1988<\/h1><\/div><div class=\"fusion-text fusion-text-1\"><p>Vom 27. bis 29. Februar 1988 fanden in Sumgait (Aserbaidschan) <strong><a href=\"https:\/\/agbw.org\/am\/gedenktage\/\" target=\"_blank\" rel=\"noopener\">Massaker an Armeniern<\/a><\/strong> statt, bei denen Hunderte von Menschen get\u00f6tet und Tausende vertrieben wurden. Diese Verbrechen wurden von den aserbaidschanischen Beh\u00f6rden geplant und durchgef\u00fchrt.<\/p>\n<p>Obwohl diese Verbrechen international verurteilt wurden, blieben die wahren Organisatoren und T\u00e4ter unbestraft und es folgten weitere Pogrome und Massaker an Armeniern in anderen armenisch besiedelten Gebieten Aserbaidschans. Als Folge davon wurden Hunderttausende von Armeniern aus ihrer Heimat vertrieben und konnten ihre verletzten Rechte nie wahrnehmen.<\/p>\n<p>Diese Verbrechen waren keine Einzelf\u00e4lle, sondern ein Beispiel f\u00fcr eine staatlich geplante Armenophobie, die sich auch in sp\u00e4teren Ereignissen manifestierte, wie der Vertreibung von Zehntausenden von Armeniern aus anderen Regionen Aserbaidschans.<\/p>\n<p>Die Armenophobie ist in Aserbaidschan immernoch allgegenw\u00e4rtig. Es ist unerl\u00e4sslich, dass die internationale Gemeinschaft diese Verbrechen verurteilt und entsprechende internationale Mechanismen anwendet, um dies zu verhindern. Aserbaidschan muss aufh\u00f6ren, armenische historisch-kulturelle Denkm\u00e4ler und Heiligt\u00fcmer zu zerst\u00f6ren. Genauso ist die Hasspropaganda gegen Armenier auf allen Ebenen inakzeptabel.<\/p>\n<p>Auch wenn die Regierung der Republik Armenien ihr Engagement f\u00fcr eine Friedensagenda bekr\u00e4ftigt, h\u00f6ren die armenienfeindliche Rhetorik und die aggressiven Handlungen Aserbaidschans nicht auf. Die Schaffung eines dauerhaften und umfassenden Friedens und einer umfassenden Sicherheit in der Region ist ein dringendes Erfordernis. Gleichzeitig zeigt die Situation klar und deutlich, dass die Armenier in Berg Karabach einen existenziellen Recht auf Unabh\u00e4ngigkeit und Anerkennung haben.<\/p>\n<p>AGBW<\/p>\n<\/div><\/div><\/div><\/div><\/div>","protected":false},"excerpt":{"rendered":"","protected":false},"author":1,"featured_media":14767,"comment_status":"closed","ping_status":"open","sticky":false,"template":"","format":"standard","meta":{"footnotes":""},"categories":[58,141,140,64],"tags":[],"class_list":["post-14766","post","type-post","status-publish","format-standard","has-post-thumbnail","hentry","category-allgemein","category-armenien","category-arzach","category-gemeinde"],"_links":{"self":[{"href":"https:\/\/agbw.org\/am\/wp-json\/wp\/v2\/posts\/14766","targetHints":{"allow":["GET"]}}],"collection":[{"href":"https:\/\/agbw.org\/am\/wp-json\/wp\/v2\/posts"}],"about":[{"href":"https:\/\/agbw.org\/am\/wp-json\/wp\/v2\/types\/post"}],"author":[{"embeddable":true,"href":"https:\/\/agbw.org\/am\/wp-json\/wp\/v2\/users\/1"}],"replies":[{"embeddable":true,"href":"https:\/\/agbw.org\/am\/wp-json\/wp\/v2\/comments?post=14766"}],"version-history":[{"count":0,"href":"https:\/\/agbw.org\/am\/wp-json\/wp\/v2\/posts\/14766\/revisions"}],"wp:featuredmedia":[{"embeddable":true,"href":"https:\/\/agbw.org\/am\/wp-json\/wp\/v2\/media\/14767"}],"wp:attachment":[{"href":"https:\/\/agbw.org\/am\/wp-json\/wp\/v2\/media?parent=14766"}],"wp:term":[{"taxonomy":"category","embeddable":true,"href":"https:\/\/agbw.org\/am\/wp-json\/wp\/v2\/categories?post=14766"},{"taxonomy":"post_tag","embeddable":true,"href":"https:\/\/agbw.org\/am\/wp-json\/wp\/v2\/tags?post=14766"}],"curies":[{"name":"wp","href":"https:\/\/api.w.org\/{rel}","templated":true}]}}