{"id":15040,"date":"2023-04-04T11:41:44","date_gmt":"2023-04-04T09:41:44","guid":{"rendered":"https:\/\/agbw.org\/?p=15040"},"modified":"2023-04-04T11:51:19","modified_gmt":"2023-04-04T09:51:19","slug":"kunstvoller-schatz-sevrugian","status":"publish","type":"post","link":"https:\/\/agbw.org\/am\/2023\/kunstvoller-schatz-sevrugian\/","title":{"rendered":"Kunstvoller Schatz f\u00fcr die Armenische Gemeinde Baden-W\u00fcrttemberg von Sevrugian"},"content":{"rendered":"<div class=\"fusion-fullwidth fullwidth-box fusion-builder-row-1 fusion-flex-container has-pattern-background has-mask-background nonhundred-percent-fullwidth non-hundred-percent-height-scrolling\" style=\"--awb-border-radius-top-left:0px;--awb-border-radius-top-right:0px;--awb-border-radius-bottom-right:0px;--awb-border-radius-bottom-left:0px;--awb-flex-wrap:wrap;\" ><div class=\"fusion-builder-row fusion-row fusion-flex-align-items-flex-start fusion-flex-content-wrap\" style=\"max-width:1248px;margin-left: calc(-4% \/ 2 );margin-right: calc(-4% \/ 2 );\"><div class=\"fusion-layout-column fusion_builder_column fusion-builder-column-0 fusion_builder_column_1_1 1_1 fusion-flex-column\" style=\"--awb-bg-size:cover;--awb-width-large:100%;--awb-margin-top-large:0px;--awb-spacing-right-large:1.92%;--awb-margin-bottom-large:20px;--awb-spacing-left-large:1.92%;--awb-width-medium:100%;--awb-order-medium:0;--awb-spacing-right-medium:1.92%;--awb-spacing-left-medium:1.92%;--awb-width-small:100%;--awb-order-small:0;--awb-spacing-right-small:1.92%;--awb-spacing-left-small:1.92%;\"><div class=\"fusion-column-wrapper fusion-column-has-shadow fusion-flex-justify-content-flex-start fusion-content-layout-column\"><div class=\"fusion-title title fusion-title-1 fusion-sep-none fusion-title-text fusion-title-size-one\" style=\"--awb-margin-top-small:10px;--awb-margin-right-small:0px;--awb-margin-bottom-small:10px;--awb-margin-left-small:0px;\"><h1 class=\"fusion-title-heading title-heading-left fusion-responsive-typography-calculated\" style=\"margin:0;--fontSize:35;line-height:1.2;\">Kunstvoller Schatz f\u00fcr die Armenische Gemeinde Baden-W\u00fcrttemberg<\/h1><\/div><div class=\"fusion-title title fusion-title-2 fusion-sep-none fusion-title-text fusion-title-size-two\" style=\"--awb-margin-top-small:10px;--awb-margin-right-small:0px;--awb-margin-bottom-small:10px;--awb-margin-left-small:0px;\"><h2 class=\"fusion-title-heading title-heading-left fusion-responsive-typography-calculated\" style=\"margin:0;--fontSize:28;line-height:1.2;\">103 Gem\u00e4lde nach biblischen Motiven aus der Familiensammlung der Sevrugians wird der Armenischen Gemeinde Baden-W\u00fcrttemberg gespendet<\/h2><\/div><div class=\"fusion-text fusion-text-1\"><p><strong>Am 03. April 2023 wurde eine Nachlassvereinbarung zwischen der Armenischen Gemeinde Baden-W\u00fcrttemberg e.V. und Dr. Emanuel Sevrugian, Sohn des Malers Andre Sevrugian und Enkel des ber\u00fchmten Fotografen Antoine Sevrugian, unterzeichnet. Dabei \u00fcberl\u00e4sst Dr. Emanuel Sevrugian als Schenkung 103 beeindruckende Gem\u00e4lde nach biblischen Motiven aus dem Nachlass seiner Familie. Die \u00dcbergabe der Kunstwerke stellt eine bedeutende Bereicherung f\u00fcr die Armenische Gemeinde in Baden-W\u00fcrttemberg dar.<\/strong><\/p>\n<\/div><div class=\"fusion-text fusion-text-2\"><p>Nach der Sanierung der Hl. Kreuz Kirche in Bartenbach werden die biblischen Gem\u00e4lde des iranisch-armenischen K\u00fcnstlers Andr\u00e9 Sevrugian ausgestellt. Die Spende stammt von Dr. Emmanuel Sevrugian, dem Sohn von Andr\u00e9 Sevrugian.<\/p>\n<blockquote>\n<p>&#8222;Mein Vater und Gro\u00dfvater sind als persische, russische, georgische und sogar franz\u00f6sische K\u00fcnstler weltbekannt, aber niemand spricht \u00fcber ihre armenische Abstammung&#8220;, sagte Emmanuel Sevrugian.<\/p>\n<\/blockquote>\n<p><strong>Antoin Sevruguin<\/strong> wurde 1851 in Teheran geboren und studierte Fotografie in Tbilisi. Nach seiner R\u00fcckkehr nach Iran gr\u00fcndete er seinen ersten Fotoladen in Tavriz und aufgrund seiner hohen Qualit\u00e4t und Professionalit\u00e4t wurde er in den k\u00f6niglichen Palast aufgenommen. 1853 gr\u00fcndete Antoin seinen zweiten Fotoladen in Teheran. Dank seiner wunderbaren Portr\u00e4ts wurde er der Fotograf des Palastes von Naser Ed-Din Shah und erhielt den Titel &#8222;Khan&#8220;.<\/p>\n<p><strong>Andr\u00e9 Sevrugian<\/strong>, der Sohn von Antoin, wurde ebenfalls im Iran geboren. Wie sein Vater war auch er ein hoch angesehener K\u00fcnstler. Ihre Werke werden in den ber\u00fchmtesten Museen weltweit ausgestellt. Es gab viele Studien \u00fcber die einzigartige Kunst der Sevruguins und es gibt sogar Alben.<\/p>\n<div id=\"attachment_15044\" style=\"width: 168px\" class=\"wp-caption alignleft\"><img decoding=\"async\" aria-describedby=\"caption-attachment-15044\" class=\"wp-image-15044\" src=\"https:\/\/agbw.org\/wp-content\/uploads\/2023\/04\/Dr.-Emanuel-Sevrugian-1-200x290.jpg\" alt=\"\" width=\"158\" height=\"229\" srcset=\"https:\/\/agbw.org\/wp-content\/uploads\/2023\/04\/Dr.-Emanuel-Sevrugian-1-200x290.jpg 200w, https:\/\/agbw.org\/wp-content\/uploads\/2023\/04\/Dr.-Emanuel-Sevrugian-1-207x300.jpg 207w, https:\/\/agbw.org\/wp-content\/uploads\/2023\/04\/Dr.-Emanuel-Sevrugian-1-400x579.jpg 400w, https:\/\/agbw.org\/wp-content\/uploads\/2023\/04\/Dr.-Emanuel-Sevrugian-1-500x724.jpg 500w, https:\/\/agbw.org\/wp-content\/uploads\/2023\/04\/Dr.-Emanuel-Sevrugian-1-600x869.jpg 600w, https:\/\/agbw.org\/wp-content\/uploads\/2023\/04\/Dr.-Emanuel-Sevrugian-1-700x1014.jpg 700w, https:\/\/agbw.org\/wp-content\/uploads\/2023\/04\/Dr.-Emanuel-Sevrugian-1-707x1024.jpg 707w, https:\/\/agbw.org\/wp-content\/uploads\/2023\/04\/Dr.-Emanuel-Sevrugian-1-768x1112.jpg 768w, https:\/\/agbw.org\/wp-content\/uploads\/2023\/04\/Dr.-Emanuel-Sevrugian-1-800x1159.jpg 800w, https:\/\/agbw.org\/wp-content\/uploads\/2023\/04\/Dr.-Emanuel-Sevrugian-1-1060x1536.jpg 1060w, https:\/\/agbw.org\/wp-content\/uploads\/2023\/04\/Dr.-Emanuel-Sevrugian-1-1200x1738.jpg 1200w, https:\/\/agbw.org\/wp-content\/uploads\/2023\/04\/Dr.-Emanuel-Sevrugian-1-1414x2048.jpg 1414w, https:\/\/agbw.org\/wp-content\/uploads\/2023\/04\/Dr.-Emanuel-Sevrugian-1.jpg 1550w\" sizes=\"(max-width: 158px) 100vw, 158px\" \/><p id=\"caption-attachment-15044\" class=\"wp-caption-text\">Dr. Emanuel Sevrugian<\/p><\/div>\n<p>Andr\u00e9 Sevrugians Sohn Emmanuel ist Mitglied unserer Gemeinde und lebt in Heidelberg. Er erz\u00e4hlt gerne die Geschichte seiner Familie, die 1935 von Iran nach \u00d6sterreich und sp\u00e4ter nach Deutschland zog. Das kulturelle Erbe von Vater und Sohn Sevrugian ist auf der ganzen Welt verbreitet. Die gr\u00f6\u00dfte Sammlung wird in einem der renommiertesten Museen in Washington aufbewahrt. Emmanuel Sevrugian hat einen gro\u00dfen Teil der Familiensammlung der Sevrugians vor ein paar Monaten dem Matenadaran in Yerevan gespendet. Ein Teil dieser \u00e4u\u00dferst wertvollen Sammlung, n\u00e4mlich 103 Gem\u00e4lden mit biblischen Motiven bekommt die Armenische Gemeinde Baden-W\u00fcrttemberg e.V.\u00a0 und wird diese nicht nur pflegen sondern auch gelegentlich der \u00d6ffentlichkeit pr\u00e4sentieren.<\/p>\n<p>F\u00fcr Pfarrer Dr. Diradur Sardaryan ist es ein weiteres Wunder, welches mit der Sanierung der Hl. Kreuz Kirche verbunden ist. &#8222;Der Slogan &#8222;Heimat schaffen&#8220; bekommt allm\u00e4hlich mehr inhaltlichen Sinn. Unsere Gemeinde wird zur Heimat nicht nur f\u00fcr Menschen sondern auch die Werke ihrer H\u00e4nde, die den Namen des Herrn lobpreisen&#8220; &#8211; so unser Gemeindepfarrer. Die Gemeinde bedankt sich ausdr\u00fccklich auch beim Herrn Ernst-Ludwig Dray\u00df, dem langj\u00e4hrigen Freund der Gemeinde, der im Auftrag von Dr. Sevrugian die Einzelheiten um die Schenkung verwaltet.<\/p>\n<p>Andr\u00e9 Sevrugian wirkte gegen Ende des 19. Jahrhunderts und geh\u00f6rt jener Generation der Maler an, die damals etwas Neues in die bildende Kunst Persiens einzuf\u00fchren suchten. Seine Werke behandelten haupts\u00e4chlich die sch\u00f6pferischen Themen der weltber\u00fchmten Dichter Firdusi, Khayyam und Hafez. Andr\u00e9s Ruhm und Ansehen waren durch die geschickte Pinself\u00fchrung und den philosophischen und humanistischen Inhalt der Themen bedingt. Der namhafte Maler starb am 17. Dezember 1996 in Stuttgart.<\/p>\n<\/div><div class=\"fusion-separator fusion-full-width-sep\" style=\"align-self: center;margin-left: auto;margin-right: auto;margin-top:15px;margin-bottom:15px;width:100%;\"><\/div><div class=\"_df_book df-container df-loading\"  data-slug=\"15050\" data-_slug=\"15050\" _slug=\"15050\" data-title=\"\" id=\"df_15050\" data-df-option=\"df_option_15050\" ><\/div><script class=\"df-shortcode-script\" nowprocket type=\"application\/javascript\">window.df_option_15050 = {\"source\":\"https:\\\/\\\/agbw.org\\\/wp-content\\\/uploads\\\/2023\\\/04\\\/Die-Kunst-des-iranischen-Malers-Sevrugian.pdf\",\"outline\":[],\"autoEnableOutline\":false,\"autoEnableThumbnail\":false,\"overwritePDFOutline\":false,\"pageSize\":\"0\",\"slug\":\"15050\",\"wpOptions\":\"true\",\"id\":15050}; if(window.DFLIP && window.DFLIP.parseBooks){window.DFLIP.parseBooks();}<\/script>\n<\/div><\/div><\/div><\/div>","protected":false},"excerpt":{"rendered":"","protected":false},"author":1,"featured_media":15043,"comment_status":"closed","ping_status":"closed","sticky":false,"template":"","format":"standard","meta":{"footnotes":""},"categories":[72,58],"tags":[],"class_list":["post-15040","post","type-post","status-publish","format-standard","has-post-thumbnail","hentry","category-abt3","category-allgemein"],"_links":{"self":[{"href":"https:\/\/agbw.org\/am\/wp-json\/wp\/v2\/posts\/15040","targetHints":{"allow":["GET"]}}],"collection":[{"href":"https:\/\/agbw.org\/am\/wp-json\/wp\/v2\/posts"}],"about":[{"href":"https:\/\/agbw.org\/am\/wp-json\/wp\/v2\/types\/post"}],"author":[{"embeddable":true,"href":"https:\/\/agbw.org\/am\/wp-json\/wp\/v2\/users\/1"}],"replies":[{"embeddable":true,"href":"https:\/\/agbw.org\/am\/wp-json\/wp\/v2\/comments?post=15040"}],"version-history":[{"count":0,"href":"https:\/\/agbw.org\/am\/wp-json\/wp\/v2\/posts\/15040\/revisions"}],"wp:featuredmedia":[{"embeddable":true,"href":"https:\/\/agbw.org\/am\/wp-json\/wp\/v2\/media\/15043"}],"wp:attachment":[{"href":"https:\/\/agbw.org\/am\/wp-json\/wp\/v2\/media?parent=15040"}],"wp:term":[{"taxonomy":"category","embeddable":true,"href":"https:\/\/agbw.org\/am\/wp-json\/wp\/v2\/categories?post=15040"},{"taxonomy":"post_tag","embeddable":true,"href":"https:\/\/agbw.org\/am\/wp-json\/wp\/v2\/tags?post=15040"}],"curies":[{"name":"wp","href":"https:\/\/api.w.org\/{rel}","templated":true}]}}