{"id":15080,"date":"2023-04-06T07:51:40","date_gmt":"2023-04-06T05:51:40","guid":{"rendered":"https:\/\/agbw.org\/?p=15080"},"modified":"2023-04-06T07:57:02","modified_gmt":"2023-04-06T05:57:02","slug":"wir-nehmen-abschied","status":"publish","type":"post","link":"https:\/\/agbw.org\/am\/2023\/wir-nehmen-abschied\/","title":{"rendered":"Wir nehmen Abschied&#8230;"},"content":{"rendered":"<div class=\"fusion-fullwidth fullwidth-box fusion-builder-row-1 fusion-flex-container has-pattern-background has-mask-background nonhundred-percent-fullwidth non-hundred-percent-height-scrolling\" style=\"--awb-border-radius-top-left:0px;--awb-border-radius-top-right:0px;--awb-border-radius-bottom-right:0px;--awb-border-radius-bottom-left:0px;--awb-flex-wrap:wrap;\" ><div class=\"fusion-builder-row fusion-row fusion-flex-align-items-flex-start fusion-flex-content-wrap\" style=\"max-width:1248px;margin-left: calc(-4% \/ 2 );margin-right: calc(-4% \/ 2 );\"><div class=\"fusion-layout-column fusion_builder_column fusion-builder-column-0 fusion_builder_column_1_1 1_1 fusion-flex-column\" style=\"--awb-bg-size:cover;--awb-width-large:100%;--awb-margin-top-large:0px;--awb-spacing-right-large:1.92%;--awb-margin-bottom-large:20px;--awb-spacing-left-large:1.92%;--awb-width-medium:100%;--awb-order-medium:0;--awb-spacing-right-medium:1.92%;--awb-spacing-left-medium:1.92%;--awb-width-small:100%;--awb-order-small:0;--awb-spacing-right-small:1.92%;--awb-spacing-left-small:1.92%;\"><div class=\"fusion-column-wrapper fusion-column-has-shadow fusion-flex-justify-content-flex-start fusion-content-layout-column\"><div class=\"fusion-title title fusion-title-1 fusion-sep-none fusion-title-text fusion-title-size-one\" style=\"--awb-margin-top-small:10px;--awb-margin-right-small:0px;--awb-margin-bottom-small:10px;--awb-margin-left-small:0px;\"><h1 class=\"fusion-title-heading title-heading-left fusion-responsive-typography-calculated\" style=\"margin:0;--fontSize:35;line-height:1.2;\"><p>Wir nehmen Abschied<br \/>\nvon Narsis (Nerses) Karajan<\/p><\/h1><\/div><div class=\"fusion-text fusion-text-1\"><p>Mit gro\u00dfer Trauer haben wir von dem Verlust unseres gesch\u00e4tzten Freundes und Gemeindemitglieds Narsis (Nerses) Karayan erfahren. Heute nehmen wir Abschied von ihm, doch seine unerm\u00fcdliche Arbeit f\u00fcr die armenische Gemeinschaft, seine Leidenschaft f\u00fcr sein Volk und seine Familie werden uns allen unvergesslich bleiben.<\/p>\n<p>Nerses Karayan wurde am 25. Dezember 1936 als Sohn von Sarkis Karajan und Elis (geb. Manukian) in Aleppo, Syrien geboren. Seine Kindheit verbrachte er im Elternhaus in Aleppo und besuchte von seinem 6. bis zum 14. Lebensjahr die \u00f6rtliche Volksschule. Nach seiner dreij\u00e4hrigen Lehrausbildung als Schwei\u00dfer und Stahlbauer bei der Firma Garabedian in Aleppo \u00fcbte er seinen Beruf in verschiedenen L\u00e4ndern aus, darunter Kuwait und Kanada.<\/p>\n<p>Sein Wunsch, Deutschland kennenzulernen, f\u00fchrte ihn schlie\u00dflich nach Frankfurt und Stuttgart, wo er sofort Arbeit als Schweizer und Stahlbauer fand. Hier traf er auch seine sp\u00e4tere Frau Gretel Wegner aus Untert\u00fcrkheim, mit der er am 23. Oktober 1964 heiratete. Nerses Karayan war auch ein liebevoller Ehemann und Vater von drei wundersch\u00f6nen T\u00f6chtern.<\/p>\n<p>Nerses Karayan war ein flei\u00dfiger und engagierter Arbeiter, der bei Daimler-Benz in Stuttgart Untert\u00fcrkheim besch\u00e4ftigt war und schlie\u00dflich zum Gruppenf\u00fchrer aufstieg. Er war jedoch viel mehr als nur ein engagierter Arbeiter. Er war ein anst\u00e4ndiger, patriotischer und liebevoller Mensch, der stets seinen Mitmenschen half und sich f\u00fcr sein Volk einsetzte. Sein reiches Wissen \u00fcber Geschichte und Kultur, seine scharfsinnigen Analysen der Weltpolitik teilte er leidenschaftlich mit seinen Freunden mit. Gleichzeitig waren seine Bescheidenheit und Demut bewundernswert.<\/p>\n<p>Sein Tod hat eine L\u00fccke in unserer Gemeinschaft hinterlassen, die schwer zu f\u00fcllen sein wird. Wir werden ihn immer als eine herausragende Pers\u00f6nlichkeit in Erinnerung behalten, die uns mit ihrer Weisheit und ihrem Wissen bereichert hat.<\/p>\n<p>Unser tiefstes Mitgef\u00fchl gilt seinen T\u00f6chtern, seiner Familie und seinen Freunden in dieser schwierigen Zeit. M\u00f6ge Nerses Karayan in Frieden ruhen und seine Erinnerung f\u00fcr immer in unseren Herzen und in unserer Gemeinschaft unvergessen bleiben.<\/p>\n<\/div><\/div><\/div><\/div><\/div>","protected":false},"excerpt":{"rendered":"","protected":false},"author":1,"featured_media":15081,"comment_status":"closed","ping_status":"closed","sticky":false,"template":"","format":"standard","meta":{"footnotes":""},"categories":[58],"tags":[],"class_list":["post-15080","post","type-post","status-publish","format-standard","has-post-thumbnail","hentry","category-allgemein"],"_links":{"self":[{"href":"https:\/\/agbw.org\/am\/wp-json\/wp\/v2\/posts\/15080","targetHints":{"allow":["GET"]}}],"collection":[{"href":"https:\/\/agbw.org\/am\/wp-json\/wp\/v2\/posts"}],"about":[{"href":"https:\/\/agbw.org\/am\/wp-json\/wp\/v2\/types\/post"}],"author":[{"embeddable":true,"href":"https:\/\/agbw.org\/am\/wp-json\/wp\/v2\/users\/1"}],"replies":[{"embeddable":true,"href":"https:\/\/agbw.org\/am\/wp-json\/wp\/v2\/comments?post=15080"}],"version-history":[{"count":0,"href":"https:\/\/agbw.org\/am\/wp-json\/wp\/v2\/posts\/15080\/revisions"}],"wp:featuredmedia":[{"embeddable":true,"href":"https:\/\/agbw.org\/am\/wp-json\/wp\/v2\/media\/15081"}],"wp:attachment":[{"href":"https:\/\/agbw.org\/am\/wp-json\/wp\/v2\/media?parent=15080"}],"wp:term":[{"taxonomy":"category","embeddable":true,"href":"https:\/\/agbw.org\/am\/wp-json\/wp\/v2\/categories?post=15080"},{"taxonomy":"post_tag","embeddable":true,"href":"https:\/\/agbw.org\/am\/wp-json\/wp\/v2\/tags?post=15080"}],"curies":[{"name":"wp","href":"https:\/\/api.w.org\/{rel}","templated":true}]}}