{"id":15225,"date":"2023-04-25T09:15:38","date_gmt":"2023-04-25T07:15:38","guid":{"rendered":"https:\/\/agbw.org\/?p=15225"},"modified":"2023-04-25T09:58:24","modified_gmt":"2023-04-25T07:58:24","slug":"gedenkveranstaltungen-in-stuttgart","status":"publish","type":"post","link":"https:\/\/agbw.org\/am\/2023\/gedenkveranstaltungen-in-stuttgart\/","title":{"rendered":"Gedenkveranstaltungen in Stuttgart"},"content":{"rendered":"<div class=\"fusion-fullwidth fullwidth-box fusion-builder-row-1 fusion-flex-container has-pattern-background has-mask-background nonhundred-percent-fullwidth non-hundred-percent-height-scrolling\" style=\"--awb-border-radius-top-left:0px;--awb-border-radius-top-right:0px;--awb-border-radius-bottom-right:0px;--awb-border-radius-bottom-left:0px;--awb-flex-wrap:wrap;\" ><div class=\"fusion-builder-row fusion-row fusion-flex-align-items-flex-start fusion-flex-content-wrap\" style=\"max-width:1248px;margin-left: calc(-4% \/ 2 );margin-right: calc(-4% \/ 2 );\"><div class=\"fusion-layout-column fusion_builder_column fusion-builder-column-0 fusion_builder_column_1_1 1_1 fusion-flex-column\" style=\"--awb-bg-size:cover;--awb-width-large:100%;--awb-margin-top-large:0px;--awb-spacing-right-large:1.92%;--awb-margin-bottom-large:20px;--awb-spacing-left-large:1.92%;--awb-width-medium:100%;--awb-order-medium:0;--awb-spacing-right-medium:1.92%;--awb-spacing-left-medium:1.92%;--awb-width-small:100%;--awb-order-small:0;--awb-spacing-right-small:1.92%;--awb-spacing-left-small:1.92%;\"><div class=\"fusion-column-wrapper fusion-column-has-shadow fusion-flex-justify-content-flex-start fusion-content-layout-column\"><div class=\"fusion-title title fusion-title-1 fusion-sep-none fusion-title-text fusion-title-size-one\" style=\"--awb-margin-top-small:10px;--awb-margin-right-small:0px;--awb-margin-bottom-small:10px;--awb-margin-left-small:0px;\"><h1 class=\"fusion-title-heading title-heading-left fusion-responsive-typography-calculated\" style=\"margin:0;--fontSize:35;line-height:1.2;\">Gedenkveranstaltungen in Stuttgart<\/h1><\/div><div class=\"fusion-title title fusion-title-2 fusion-sep-none fusion-title-text fusion-title-size-two\" style=\"--awb-margin-top-small:10px;--awb-margin-right-small:0px;--awb-margin-bottom-small:10px;--awb-margin-left-small:0px;\"><h2 class=\"fusion-title-heading title-heading-left fusion-responsive-typography-calculated\" style=\"margin:0;--fontSize:28;line-height:1.2;\">Armenier in Baden-W\u00fcrttemberg gedenken der V\u00f6lkermord-Opfer. 2015 wurden sie von der Armenischen Apostolischen Kirche heiliggesprochen und zu M\u00e4rtyrern erkl\u00e4rt.<\/h2><\/div><div class=\"fusion-text fusion-text-1\"><p><strong>Weltweit wurden am 24. April zahlreiche Veranstaltungen abgehalten, um an den V\u00f6lkermord an den Armeniern im Osmanischen Reich zu erinnern. Der Gedenktag hat f\u00fcr die armenische Gemeinde weltweit eine hohe Bedeutung und dient als Erinnerung an die schrecklichen Ereignisse, bei denen 1,5 Millionen Armenier ermordet wurden.<\/strong><\/p>\n<p>Auch in der Armenischen Gemeinde Baden-W\u00fcrttemberg fanden am 24. April verschiedene Veranstaltungen statt, um an den V\u00f6lkermord zu erinnern. Der Tag begann mit einem Schweigemarsch und einer Kranzniederlegung vor dem armenischen Kreuzstein am Friedhof Stuttgart Steinhaldenfeld. Im Anschluss daran fand die zentrale Gedenkveranstaltung in der Lutherkirche Bad Cannstatt statt.<\/p>\n<\/div><div class=\"fusion-separator fusion-full-width-sep\" style=\"align-self: center;margin-left: auto;margin-right: auto;margin-top:15px;margin-bottom:15px;width:100%;\"><div class=\"fusion-separator-border sep-single\" style=\"--awb-height:20px;--awb-amount:20px;border-color:#ffac00;border-top-width:1px;\"><\/div><\/div><div class=\"awb-gallery-wrapper awb-gallery-wrapper-1 button-span-no\" style=\"--more-btn-alignment:center;\"><div style=\"margin:-5px;--awb-bordersize:0px;\" class=\"fusion-gallery fusion-gallery-container fusion-grid-1 fusion-columns-total-1 fusion-gallery-layout-grid fusion-gallery-1\"><div style=\"padding:5px;\" class=\"fusion-grid-column fusion-gallery-column fusion-gallery-column-1 hover-type-none\"><div class=\"fusion-gallery-image\"><img decoding=\"async\" src=\"https:\/\/agbw.org\/wp-content\/uploads\/2023\/04\/Hans-Jochen-Schmidt.png\" width=\"900\" height=\"600\" alt=\"\" title=\"Hans-Jochen Schmidt\" aria-label=\"Hans-Jochen Schmidt\" class=\"img-responsive wp-image-15229\" srcset=\"https:\/\/agbw.org\/wp-content\/uploads\/2023\/04\/Hans-Jochen-Schmidt-200x133.png 200w, https:\/\/agbw.org\/wp-content\/uploads\/2023\/04\/Hans-Jochen-Schmidt-400x267.png 400w, https:\/\/agbw.org\/wp-content\/uploads\/2023\/04\/Hans-Jochen-Schmidt-600x400.png 600w, https:\/\/agbw.org\/wp-content\/uploads\/2023\/04\/Hans-Jochen-Schmidt-800x533.png 800w, https:\/\/agbw.org\/wp-content\/uploads\/2023\/04\/Hans-Jochen-Schmidt.png 900w\" sizes=\"(min-width: 2200px) 100vw, (min-width: 640px) 1200px, \" \/><\/div><\/div><div class=\"clearfix\"><\/div><\/div><\/div><div class=\"fusion-separator fusion-full-width-sep\" style=\"align-self: center;margin-left: auto;margin-right: auto;margin-top:15px;margin-bottom:15px;width:100%;\"><div class=\"fusion-separator-border sep-single\" style=\"--awb-height:20px;--awb-amount:20px;border-color:#ffac00;border-top-width:1px;\"><\/div><\/div><div class=\"fusion-text fusion-text-2\"><p>Nach einem Gedenkgottesdienst mit Pfarrer Aygik Hovhannisyan (Gemeindepfarrer der armenischen Gemeinden in Bayern) sprach der Vorstandsvorsitzende der Armenischen Gemeinde Baden-W\u00fcrttemberg, Berc Takesian, ein Gru\u00dfwort und rief zur Erinnerung und zum Einsatz f\u00fcr Gerechtigkeit auf. Musikalisch wurde die Veranstaltung von Lilit Sargsyan begleitet.<\/p>\n<p>Die Anwesenden wurden w\u00e4hrend der Gedenkveranstaltung in der Lutherkirche von Dr. Michael Hambardzumyan, dem stellvertretenden Vorsitzenden des Vorstands, begr\u00fc\u00dft. Die Hauptrede hielt der Botschafter a.D. Hans-Jochen Schmidt. Die Jugend der Armenischen Gemeinde Baden-W\u00fcrttemberg leistete mit einem literarischen Beitrag ihren Beitrag zur Veranstaltung. Musikalisch wurde die Gedenkveranstaltung von Tamara Badalian (Orgel) und Anna Ghazaryan (Sopran) gestaltet.<\/p>\n<p>Mit dem Segen des Gemeindepfarrers Dr. Diradur Sardaryan wurde die Gemeinde am Ende der Veranstaltung entlassen.<\/p>\n<p>Die Veranstaltungen zum 24. April in der armenischen Gemeinde Baden-W\u00fcrttemberg dienen dazu, an den V\u00f6lkermord an den Armeniern zu erinnern und ein Zeichen f\u00fcr Gerechtigkeit und Frieden zu setzen. Die Gemeinde zeigt mit ihren Veranstaltungen, dass sie die Opfer des V\u00f6lkermords nicht vergessen und sich weiterhin f\u00fcr die Anerkennung einsetzen werden.<\/p>\n<p>AGBW<\/p>\n<\/div><\/div><\/div><\/div><\/div>","protected":false},"excerpt":{"rendered":"","protected":false},"author":1,"featured_media":15228,"comment_status":"closed","ping_status":"closed","sticky":false,"template":"","format":"standard","meta":{"footnotes":""},"categories":[58,141,64],"tags":[],"class_list":["post-15225","post","type-post","status-publish","format-standard","has-post-thumbnail","hentry","category-allgemein","category-armenien","category-gemeinde"],"_links":{"self":[{"href":"https:\/\/agbw.org\/am\/wp-json\/wp\/v2\/posts\/15225","targetHints":{"allow":["GET"]}}],"collection":[{"href":"https:\/\/agbw.org\/am\/wp-json\/wp\/v2\/posts"}],"about":[{"href":"https:\/\/agbw.org\/am\/wp-json\/wp\/v2\/types\/post"}],"author":[{"embeddable":true,"href":"https:\/\/agbw.org\/am\/wp-json\/wp\/v2\/users\/1"}],"replies":[{"embeddable":true,"href":"https:\/\/agbw.org\/am\/wp-json\/wp\/v2\/comments?post=15225"}],"version-history":[{"count":0,"href":"https:\/\/agbw.org\/am\/wp-json\/wp\/v2\/posts\/15225\/revisions"}],"wp:featuredmedia":[{"embeddable":true,"href":"https:\/\/agbw.org\/am\/wp-json\/wp\/v2\/media\/15228"}],"wp:attachment":[{"href":"https:\/\/agbw.org\/am\/wp-json\/wp\/v2\/media?parent=15225"}],"wp:term":[{"taxonomy":"category","embeddable":true,"href":"https:\/\/agbw.org\/am\/wp-json\/wp\/v2\/categories?post=15225"},{"taxonomy":"post_tag","embeddable":true,"href":"https:\/\/agbw.org\/am\/wp-json\/wp\/v2\/tags?post=15225"}],"curies":[{"name":"wp","href":"https:\/\/api.w.org\/{rel}","templated":true}]}}