{"id":15237,"date":"2023-04-28T07:50:06","date_gmt":"2023-04-28T05:50:06","guid":{"rendered":"https:\/\/agbw.org\/?p=15237"},"modified":"2023-04-28T07:59:37","modified_gmt":"2023-04-28T05:59:37","slug":"sonderausstellung-werke-von-lieselotte-und-garbis-karabetian","status":"publish","type":"post","link":"https:\/\/agbw.org\/am\/2023\/sonderausstellung-werke-von-lieselotte-und-garbis-karabetian\/","title":{"rendered":"Sonderausstellung: Werke von Lieselotte und Garbis Karabetian"},"content":{"rendered":"<div class=\"fusion-fullwidth fullwidth-box fusion-builder-row-1 fusion-flex-container has-pattern-background has-mask-background nonhundred-percent-fullwidth non-hundred-percent-height-scrolling\" style=\"--awb-border-radius-top-left:0px;--awb-border-radius-top-right:0px;--awb-border-radius-bottom-right:0px;--awb-border-radius-bottom-left:0px;--awb-flex-wrap:wrap;\" ><div class=\"fusion-builder-row fusion-row fusion-flex-align-items-flex-start fusion-flex-content-wrap\" style=\"max-width:1248px;margin-left: calc(-4% \/ 2 );margin-right: calc(-4% \/ 2 );\"><div class=\"fusion-layout-column fusion_builder_column fusion-builder-column-0 fusion_builder_column_1_1 1_1 fusion-flex-column\" style=\"--awb-bg-size:cover;--awb-width-large:100%;--awb-margin-top-large:0px;--awb-spacing-right-large:1.92%;--awb-margin-bottom-large:20px;--awb-spacing-left-large:1.92%;--awb-width-medium:100%;--awb-order-medium:0;--awb-spacing-right-medium:1.92%;--awb-spacing-left-medium:1.92%;--awb-width-small:100%;--awb-order-small:0;--awb-spacing-right-small:1.92%;--awb-spacing-left-small:1.92%;\"><div class=\"fusion-column-wrapper fusion-column-has-shadow fusion-flex-justify-content-flex-start fusion-content-layout-column\"><div class=\"fusion-title title fusion-title-1 fusion-sep-none fusion-title-text fusion-title-size-one\" style=\"--awb-margin-top-small:10px;--awb-margin-right-small:0px;--awb-margin-bottom-small:10px;--awb-margin-left-small:0px;\"><h1 class=\"fusion-title-heading title-heading-left fusion-responsive-typography-calculated\" style=\"margin:0;--fontSize:35;line-height:1.2;\">Sonderausstellung:<\/h1><\/div><div class=\"fusion-title title fusion-title-2 fusion-sep-none fusion-title-text fusion-title-size-two\" style=\"--awb-margin-top-small:10px;--awb-margin-right-small:0px;--awb-margin-bottom-small:10px;--awb-margin-left-small:0px;\"><h2 class=\"fusion-title-heading title-heading-left fusion-responsive-typography-calculated\" style=\"margin:0;--fontSize:28;line-height:1.2;\">Werke von Lieselotte und Garbis Karabetian<\/h2><\/div><div class=\"fusion-text fusion-text-1\"><p>In seiner 74. Sonderausstellung zeigt das <a href=\"http:\/\/www.heimatverein-buoch.de\/darauf-stehen-wir-boeden-gesteine-und-fossilien-2\/\" target=\"_blank\" rel=\"noopener\">Museum im Hirsch in Remshalden-Buoch<\/a> Email- und Goldschmiedearbeiten der K\u00fcnstler Lieselotte und Garbis Karabetian.Pr\u00e4sentiert wird ein Querschnitt ihrer k\u00fcnstlerischen Arbeiten. Zu sehen sind Email-bilder und Bronzen, sowie Schmuck und Fotos ausgew\u00e4hlter Objekte. Die Kunstwerke dieser besonderen Ausstellung sind entstanden in ihrer differenzierten Vielf\u00e4ltigkeit aus dem Wissen um das Email-Handwerk, dessen Urspr\u00fcnge weit in die Antike zur\u00fcckreichen. Altes Wissen haben Liselotte und Garbis Karabetian in gekonnter und sehr atmosph\u00e4risch ber\u00fchrender Weise in Bilder aus dem Leben \u00fcbersetzt. Beide nehmen einen ganz\u00a0 besonderen Platz in der \u201eBuocher K\u00fcnstlerkolonie\u201c ein.<\/p>\n<p>Garbis Karabetian erlernte das Goldschmiede-Handwerk in seiner Geburtsstadt Athen. Neben der Herstellung von Schmuck entstanden zunehmend Emailbilder und Kleinbronzen. Inhaltlich erz\u00e4hlen die Bilder und Bronzen Lebensgeschichten aus dem Alltag, die von Caf\u00e9 Szenen bis zu ber\u00fchrenden Darstellungen des Passionsgeschehens reichen. Immer wieder arbeitete er in Buoch mit dem Maler Hans Gottfried von Stockhausen zusammen. Es entstanden Objekte f\u00fcr verschiedene kirchliche R\u00e4ume.<\/p>\n<p>Lieselotte Karabetian studierte in Schw\u00e4bisch Gm\u00fcnd an der Fachschule f\u00fcr Gestaltung, Schmuck und Ger\u00e4t. Danach lebte sie f\u00fcr einige Jahre in Athen, wo sie Garbis Karabetian kennenlernte. Ihr Werk umfa\u00dft ebenfalls Schmuck, emaillierte Teller, Schalen und andere Gef\u00e4\u00dfe.<\/p>\n<p>Zu Beginn der 70er Jahre ziehen beide nach Stuttgart. Danach leben und arbeiten sie in Remshalden-Buoch. Garbis Karabetian starb 2009.<\/p>\n<p><strong>Zu sehen ist die Ausstellung vom 29.04.2023 bis 24.09.2023<\/strong><br \/>\nSamstags 14 \u2013 16 Uhr<br \/>\nSonntags 10 \u2013 12 und 14 \u2013 16 Uhr<br \/>\nDie Vernissage findet statt <span class=\"nolink\">am 28.4.23<\/span>, 19:30 Uhr, die Finissage <span class=\"nolink\">am 24.9.23<\/span>.<br \/>\nAn ausgew\u00e4hlten <strong><a href=\"http:\/\/www.heimatverein-buoch.de\/veranstaltungen\/\">Terminen<\/a> <\/strong>finden F\u00fchrungen durch die Ausstellung statt.<\/p>\n<\/div><\/div><\/div><\/div><\/div>","protected":false},"excerpt":{"rendered":"","protected":false},"author":1,"featured_media":15238,"comment_status":"closed","ping_status":"closed","sticky":false,"template":"","format":"standard","meta":{"footnotes":""},"categories":[58],"tags":[],"class_list":["post-15237","post","type-post","status-publish","format-standard","has-post-thumbnail","hentry","category-allgemein"],"_links":{"self":[{"href":"https:\/\/agbw.org\/am\/wp-json\/wp\/v2\/posts\/15237","targetHints":{"allow":["GET"]}}],"collection":[{"href":"https:\/\/agbw.org\/am\/wp-json\/wp\/v2\/posts"}],"about":[{"href":"https:\/\/agbw.org\/am\/wp-json\/wp\/v2\/types\/post"}],"author":[{"embeddable":true,"href":"https:\/\/agbw.org\/am\/wp-json\/wp\/v2\/users\/1"}],"replies":[{"embeddable":true,"href":"https:\/\/agbw.org\/am\/wp-json\/wp\/v2\/comments?post=15237"}],"version-history":[{"count":0,"href":"https:\/\/agbw.org\/am\/wp-json\/wp\/v2\/posts\/15237\/revisions"}],"wp:featuredmedia":[{"embeddable":true,"href":"https:\/\/agbw.org\/am\/wp-json\/wp\/v2\/media\/15238"}],"wp:attachment":[{"href":"https:\/\/agbw.org\/am\/wp-json\/wp\/v2\/media?parent=15237"}],"wp:term":[{"taxonomy":"category","embeddable":true,"href":"https:\/\/agbw.org\/am\/wp-json\/wp\/v2\/categories?post=15237"},{"taxonomy":"post_tag","embeddable":true,"href":"https:\/\/agbw.org\/am\/wp-json\/wp\/v2\/tags?post=15237"}],"curies":[{"name":"wp","href":"https:\/\/api.w.org\/{rel}","templated":true}]}}