{"id":15346,"date":"2023-05-13T10:04:05","date_gmt":"2023-05-13T08:04:05","guid":{"rendered":"https:\/\/agbw.org\/?p=15346"},"modified":"2023-05-13T10:06:53","modified_gmt":"2023-05-13T08:06:53","slug":"vier-jahre-bischofsweihe","status":"publish","type":"post","link":"https:\/\/agbw.org\/am\/2023\/vier-jahre-bischofsweihe\/","title":{"rendered":"Vier Jahre Bischofsweihe"},"content":{"rendered":"<div class=\"fusion-fullwidth fullwidth-box fusion-builder-row-1 fusion-flex-container has-pattern-background has-mask-background nonhundred-percent-fullwidth non-hundred-percent-height-scrolling\" style=\"--awb-border-radius-top-left:0px;--awb-border-radius-top-right:0px;--awb-border-radius-bottom-right:0px;--awb-border-radius-bottom-left:0px;--awb-flex-wrap:wrap;\" ><div class=\"fusion-builder-row fusion-row fusion-flex-align-items-flex-start fusion-flex-content-wrap\" style=\"max-width:1248px;margin-left: calc(-4% \/ 2 );margin-right: calc(-4% \/ 2 );\"><div class=\"fusion-layout-column fusion_builder_column fusion-builder-column-0 fusion_builder_column_1_1 1_1 fusion-flex-column\" style=\"--awb-bg-size:cover;--awb-width-large:100%;--awb-margin-top-large:0px;--awb-spacing-right-large:1.92%;--awb-margin-bottom-large:20px;--awb-spacing-left-large:1.92%;--awb-width-medium:100%;--awb-order-medium:0;--awb-spacing-right-medium:1.92%;--awb-spacing-left-medium:1.92%;--awb-width-small:100%;--awb-order-small:0;--awb-spacing-right-small:1.92%;--awb-spacing-left-small:1.92%;\"><div class=\"fusion-column-wrapper fusion-column-has-shadow fusion-flex-justify-content-flex-start fusion-content-layout-column\"><div class=\"fusion-title title fusion-title-1 fusion-sep-none fusion-title-text fusion-title-size-one\" style=\"--awb-margin-top-small:10px;--awb-margin-right-small:0px;--awb-margin-bottom-small:10px;--awb-margin-left-small:0px;\"><h1 class=\"fusion-title-heading title-heading-left fusion-responsive-typography-calculated\" style=\"margin:0;--fontSize:35;line-height:1.2;\"><strong>Vier Jahre Bischofsweihe von S. E. Bischof Serovp\u00e9 Isakhanyan<\/strong><\/h1><\/div><div class=\"fusion-title title fusion-title-2 fusion-sep-none fusion-title-text fusion-title-size-two\" style=\"--awb-margin-top-small:10px;--awb-margin-right-small:0px;--awb-margin-bottom-small:10px;--awb-margin-left-small:0px;\"><h2 class=\"fusion-title-heading title-heading-left fusion-responsive-typography-calculated\" style=\"margin:0;--fontSize:28;line-height:1.2;\"><strong>Ein engagierter Kirchenmann und Bef\u00fcrworter des Friedens<\/strong><\/h2><\/div><div class=\"fusion-text fusion-text-1\"><p><span class=\"nolink\">Am 12.05 <\/span><b>feierte unsere Di\u00f6zese die vierj\u00e4hrige Bischofsweihe von S. E. Bischof Serovp\u00e9 Isakhanyan, dem Di\u00f6zesanbischof der Armenischen Kirche in Deutschland. In dieser Zeit hat er sich als engagierter Kirchenmann erwiesen und eine bedeutende Rolle bei der Entwicklung der Di\u00f6zese sowie beim Aufbau guter Kontakte in der \u00d6kumene gespielt. Ferner zeichnet sich Bischof Serovp\u00e9 durch sein unerm\u00fcdliches Engagement f\u00fcr Armenien aus und setzt sich als st\u00e4ndiger K\u00e4mpfer f\u00fcr den Frieden in Berg Karabach und Armenien ein.<\/b><\/p>\n<\/div><div class=\"fusion-title title fusion-title-3 fusion-sep-none fusion-title-text fusion-title-size-three\" style=\"--awb-margin-top-small:10px;--awb-margin-right-small:0px;--awb-margin-bottom-small:10px;--awb-margin-left-small:0px;\"><h3 class=\"fusion-title-heading title-heading-left fusion-responsive-typography-calculated\" style=\"margin:0;--fontSize:23;--minFontSize:23;line-height:1.2;\"><p><strong>Beeindruckende Arbeit in kurzer Zeit,<br \/>\nvoller Herausforderungen<\/strong><\/p><\/h3><\/div><div class=\"fusion-text fusion-text-2\"><p>Seit seiner Bischofsweihe vor vier Jahren in Etschmiadzin hat Bischof Serovp\u00e9 Isakhanyan eine beeindruckende Arbeit als Di\u00f6zesanbischof der Armenischen Kirche in Deutschland geleistet. Mit seiner Vision und seinem Engagement hat er die Di\u00f6zese auf einen Weg des Wachstums und der Weiterentwicklung gef\u00fchrt. Durch seine inspirierenden Predigten und seine leidenschaftliche F\u00fchrung hat er das spirituelle Leben der Gl\u00e4ubigen (u.a. aktive Besuche der Gemeinden, Begegnungen, Initiierung des Projektes \u201eWort zum Sonntag\u201c, Wiederbelebung des Projektes Kindercamp der Di\u00f6zese, etc.) bereichert und zur St\u00e4rkung der Gemeinden beigetragen. Einmalig ist auch der Prozess der Restrukturierung der Di\u00f6zese, welches mit seinem Segen durch die Di\u00f6zesandelegiertenversammlung ins Leben gerufen wurde.<\/p>\n<p>Bischof Serovp\u00e9 hat auch gro\u00dfe Anstrengungen unternommen, um gute Kontakte in der \u00d6kumene aufzubauen. Durch den Dialog mit anderen christlichen Konfessionen und verschiedenen armenischen und nichtarmenischen kulturellen Organisationen hat er Br\u00fccken der Verst\u00e4ndigung geschaffen und den interkulturellen Austausch gef\u00f6rdert. Sein Engagement tr\u00e4gt dazu bei, dass die Botschaft der Liebe und des Friedens in einer zunehmend vernetzten Welt weitergetragen wird und die Position der Armenischen Kirche hier in Deutschland geh\u00f6rt wird.<\/p>\n<p>Besonders bemerkenswert ist Bischof Serovpes Einsatz f\u00fcr Armenien. In einer Zeit gro\u00dfer Herausforderungen und politischer Spannungen hat er sich unerm\u00fcdlich f\u00fcr den Frieden in Berg Karabach und Armenien eingesetzt. Seine Stimme wird geh\u00f6rt, wenn es darum geht, Gewalt und Konflikte zu \u00fcberwinden und eine nachhaltige L\u00f6sung anzustreben. Mit seinem unersch\u00fctterlichen Glauben an den Wert des Friedens setzt Bischof Serovp\u00e9 ein wichtiges Zeichen f\u00fcr Zusammenarbeit im Bereich des Sozialen, um die \u00c4rmsten und Bed\u00fcrftigen beiseite zu stehen.<\/p>\n<\/div><div class=\"fusion-title title fusion-title-4 fusion-sep-none fusion-title-text fusion-title-size-three\" style=\"--awb-margin-top-small:10px;--awb-margin-right-small:0px;--awb-margin-bottom-small:10px;--awb-margin-left-small:0px;\"><h3 class=\"fusion-title-heading title-heading-left fusion-responsive-typography-calculated\" style=\"margin:0;--fontSize:23;--minFontSize:23;line-height:1.2;\"><p><strong>Die Armenische Gemeinde Baden-W\u00fcrttemberg<br \/>\ngratuliert den Bischof. <\/strong><\/p><\/h3><\/div><div class=\"fusion-text fusion-text-3\"><p>Die Armenische Gemeinde Baden-W\u00fcrttemberg, der Vorstand und der Gemeindepfarrer gratulieren S. E. Bischof Serovp\u00e9 Isakhanyan herzlich zu seiner vierj\u00e4hrigen Bischofsweihe. Seine Arbeit als engagierter Kirchenmann, sein Einsatz f\u00fcr die Entwicklung der Di\u00f6zese und seine Bem\u00fchungen um gute Kontakte in der \u00d6kumene verdienen unsere Anerkennung. Er ist ein inspirierendes Vorbild f\u00fcr einen starken Glauben, f\u00fcr den unerm\u00fcdlichen Einsatz f\u00fcr die Gemeinde und f\u00fcr den Frieden in Berg Karabach und Armenien. M\u00f6ge er weiterhin mit seiner Arbeit segensreich wirken und uns allen ein Beispiel an Engagement und Mitmenschlichkeit sein.<\/p>\n<p>AGBW<\/p>\n<\/div><\/div><\/div><\/div><\/div>","protected":false},"excerpt":{"rendered":"","protected":false},"author":1,"featured_media":15347,"comment_status":"closed","ping_status":"closed","sticky":false,"template":"","format":"standard","meta":{"footnotes":""},"categories":[58,60,61],"tags":[],"class_list":["post-15346","post","type-post","status-publish","format-standard","has-post-thumbnail","hentry","category-allgemein","category-bischof","category-dioezese"],"_links":{"self":[{"href":"https:\/\/agbw.org\/am\/wp-json\/wp\/v2\/posts\/15346","targetHints":{"allow":["GET"]}}],"collection":[{"href":"https:\/\/agbw.org\/am\/wp-json\/wp\/v2\/posts"}],"about":[{"href":"https:\/\/agbw.org\/am\/wp-json\/wp\/v2\/types\/post"}],"author":[{"embeddable":true,"href":"https:\/\/agbw.org\/am\/wp-json\/wp\/v2\/users\/1"}],"replies":[{"embeddable":true,"href":"https:\/\/agbw.org\/am\/wp-json\/wp\/v2\/comments?post=15346"}],"version-history":[{"count":0,"href":"https:\/\/agbw.org\/am\/wp-json\/wp\/v2\/posts\/15346\/revisions"}],"wp:featuredmedia":[{"embeddable":true,"href":"https:\/\/agbw.org\/am\/wp-json\/wp\/v2\/media\/15347"}],"wp:attachment":[{"href":"https:\/\/agbw.org\/am\/wp-json\/wp\/v2\/media?parent=15346"}],"wp:term":[{"taxonomy":"category","embeddable":true,"href":"https:\/\/agbw.org\/am\/wp-json\/wp\/v2\/categories?post=15346"},{"taxonomy":"post_tag","embeddable":true,"href":"https:\/\/agbw.org\/am\/wp-json\/wp\/v2\/tags?post=15346"}],"curies":[{"name":"wp","href":"https:\/\/api.w.org\/{rel}","templated":true}]}}