{"id":16216,"date":"2023-09-01T08:00:56","date_gmt":"2023-09-01T06:00:56","guid":{"rendered":"https:\/\/agbw.org\/?p=16216"},"modified":"2023-06-22T06:34:04","modified_gmt":"2023-06-22T04:34:04","slug":"50-jahre-ack-stuttgart","status":"publish","type":"post","link":"https:\/\/agbw.org\/am\/2023\/50-jahre-ack-stuttgart\/","title":{"rendered":"50 Jahre ACK Stuttgart"},"content":{"rendered":"<div class=\"fusion-fullwidth fullwidth-box fusion-builder-row-1 fusion-flex-container has-pattern-background has-mask-background nonhundred-percent-fullwidth non-hundred-percent-height-scrolling\" style=\"--awb-border-radius-top-left:0px;--awb-border-radius-top-right:0px;--awb-border-radius-bottom-right:0px;--awb-border-radius-bottom-left:0px;--awb-flex-wrap:wrap;\" ><div class=\"fusion-builder-row fusion-row fusion-flex-align-items-flex-start fusion-flex-content-wrap\" style=\"max-width:1248px;margin-left: calc(-4% \/ 2 );margin-right: calc(-4% \/ 2 );\"><div class=\"fusion-layout-column fusion_builder_column fusion-builder-column-0 fusion_builder_column_1_1 1_1 fusion-flex-column\" style=\"--awb-bg-size:cover;--awb-width-large:100%;--awb-margin-top-large:0px;--awb-spacing-right-large:1.92%;--awb-margin-bottom-large:20px;--awb-spacing-left-large:1.92%;--awb-width-medium:100%;--awb-order-medium:0;--awb-spacing-right-medium:1.92%;--awb-spacing-left-medium:1.92%;--awb-width-small:100%;--awb-order-small:0;--awb-spacing-right-small:1.92%;--awb-spacing-left-small:1.92%;\"><div class=\"fusion-column-wrapper fusion-column-has-shadow fusion-flex-justify-content-flex-start fusion-content-layout-column\"><div class=\"fusion-title title fusion-title-1 fusion-sep-none fusion-title-text fusion-title-size-one\" style=\"--awb-margin-top-small:10px;--awb-margin-right-small:0px;--awb-margin-bottom-small:10px;--awb-margin-left-small:0px;\"><h1 class=\"fusion-title-heading title-heading-left fusion-responsive-typography-calculated\" style=\"margin:0;--fontSize:35;line-height:1.2;\"><strong>ACK Stuttgart besteht <\/strong><strong>seit 50 Jahren<\/strong><\/h1><\/div><div class=\"fusion-text fusion-text-1\"><p>Bereits 1971 hatte zwischen den christlichen Kirchen in Baden-W\u00fcrttemberg und in der Stadt Stuttgart etwas begonnen, was bis dahin kaum vorstellbar war: Der Versuch, \u00d6kumene erkennbar werden zu lassen; das Gespr\u00e4ch \u00fcber Gemeinsames im christlichen Glauben zu suchen. Wo das jeweils Verschiedene und Trennende lag, das war oft genug wiederholt worden. Die Suche nach mehr erkennbarer Einheit in der Christenheit war aus einer Phase `<em>\u00f6kumenischer Windstille<\/em>` zu einer neuen Kraft geworden. In einem war man sich einig: <em>Jesus Christus<\/em> ist der Integrationspunkt der Einheit.<\/p>\n<p>Auch im Leben ist es guter Brauch, aus einem gewissen Abstand innezuhalten und den Blick auf eine zur\u00fcckgelegte Wegstrecke zu richten. Meistens kommt man dabei ins Staunen, zur Freude und Dankbarkeit. 50 Jahre sind in diesem Jahr so ein Zeitabschnitt im Miteinander der Kirchen in Stuttgart, der ein solches Innehalten nahelegt.<\/p>\n<p>Eine Arbeits- und Gespr\u00e4chsebene zwischen den so bekenntnis- und traditionsverschiedenen christlichen Kirchen zu haben, ist heute eine Selbstverst\u00e4ndlichkeit. Bis vor 50 Jahren war das nur f\u00fcr wenige Menschen vorstellbar. Und so fand sich bereits 1971 eine Gruppe aus den beiden gro\u00dfen Kirchen zu sog. Regionaltagungen zusammen, die im <em>Bernh\u00e4user Forst<\/em> unter dem Titel: \u00d6KUMENE AM ORT konkrete Fragen diskutierte. Da ging es z.B. um die Verabredung gemeinsamer Aufgaben im sozialen und gesellschaftlichen Bereich. Die Frage gemeinsamer Gottesdienste wurde er\u00f6rtert; ebenso das praktische Miteinander im Blick auf bekenntnisverschiedene Ehen und Familien. Und vieles mehr.<\/p>\n<p>In dieser Gruppe wurden die ersten Perspektiven und Ziele vorausgedacht, die schlie\u00dflich am 29. Oktober 1973 zur Konstituierung der <strong>Arbeitsgemeinschaft Christlicher Kirchen<\/strong> <strong>in Stuttgart <\/strong>(ACK Stuttgart) gef\u00fchrt haben. In einem gemeinsamen Gottesdienst in der Leonhardskirche wurde die neue Gr\u00fcndung der \u00d6ffentlichkeit noch am selben Tag bekannt gemacht.<\/p>\n<p>Schon der Name sollte es zum Ausdruck bringen: Ein \u00fcber-kirchliches, institutionelles Eigengewicht war nicht angestrebt. Den Gr\u00fcndern schwebte vor, eine gemeinsame, verbindliche Gespr\u00e4chs- und Arbeitsebene zu schaffen, von der aus man sich auch gegen\u00fcber der Stadt und den Beh\u00f6rden als Ansprechpartner anbieten konnte. So wurde gro\u00dfes Gewicht darauf gelegt, eine breite kirchliche Repr\u00e4sentanz zu schaffen. Die <em>Liste der Gr\u00fcndungs-kirchen<\/em> war daher schon gleich zu Beginn bemerkenswert lang.<\/p>\n<p>Zu ihnen z\u00e4hlten &#8211; neben den Dekanaten und den st\u00e4dtischen Gesamtkirchengemeinden der Ev. Landes-kirche und der R\u00f6m.-Katholischen Kirche \u2013 von Beginn an die Alt-Katholische Kirche, die Heilsarmee, die Ev.-Freikirchliche Gemeinde, die Ev.-Methodistische Kirche, die Mennoniten-Gemeinde, die Gesamtkirchengemeinde Bad Cannstatt. Die Selbst\u00e4ndige Ev.-Lutherische Kirche (SELK) und die Evangelisch-Freikirchliche Gemeinde (Baptisten) beantragten den Gaststatus. Der Beitritt war gebunden an eine schriftliche Erkl\u00e4rung des jeweiligen Kirchen-Leitungs-Gremiums mit der verbindlichen Anerkennung der Ordnung der ACK Stuttgart.<\/p>\n<p>1981 wurde Pfarrer Hartwig K\u00f6rtje, trotz seines Gaststatus, in den Vorstand gew\u00e4hlt. 2002 beantragte die Ev.-Luth. Immanuelsgemeinde die Mitgliedschaft. Nicht zuletzt infolge der kontinuierlichen Mitarbeit ist der pers\u00f6nliche Kontakt zu den Nachbarkirchen und Gemeinden sehr geschwisterlich und frei von jeder St\u00f6rung. Das ist eine sch\u00f6ne Bilanz.<\/p>\n<hr \/>\n<p><strong>Herzliche Einladung zum <\/strong><strong>Festwochenende<br \/>\n<\/strong><strong>in der Gaisburger Kirche<br \/>\n<\/strong>(Stuttgart-Ost, Faberstr. 17)<\/p>\n<p><strong><u>Freitag<\/u>, 22.09.2023<\/strong><\/p>\n<p>19 Uhr: Festabend mit Erzpriester Radu Constantin Miron aus K\u00f6ln, Vorsitzender der ACK Deutschland,<\/p>\n<p><strong><u>Samstag<\/u>, 23.09.2023<\/strong><\/p>\n<p>19 Uhr: Duo Camillo -Fabian Vogt und Martin Schulthei\u00df<\/p>\n<p>Musikkabarett vom Feinsten, mitrei\u00dfend, inspirierend und mit ansteckender Begeisterung.<\/p>\n<p><strong><u>Sonntag<\/u>: 24.09.2023<\/strong><\/p>\n<p>10.30 Uhr Festgottesdienst mit Pfarrer PD Dr. Albrecht Haizmann, Gesch\u00e4ftsf\u00fchrer der ACK Baden-W\u00fcrttemberg und Posaunenbl\u00e4sern aus den Stuttgarter Gemeinden und dem \u00d6kumenischen Chor aus der Christus- und St. Konradsgemeinde.<\/p>\n<\/div><\/div><\/div><\/div><\/div>","protected":false},"excerpt":{"rendered":"","protected":false},"author":1,"featured_media":16217,"comment_status":"closed","ping_status":"closed","sticky":false,"template":"","format":"standard","meta":{"footnotes":""},"categories":[58],"tags":[],"class_list":["post-16216","post","type-post","status-publish","format-standard","has-post-thumbnail","hentry","category-allgemein"],"_links":{"self":[{"href":"https:\/\/agbw.org\/am\/wp-json\/wp\/v2\/posts\/16216","targetHints":{"allow":["GET"]}}],"collection":[{"href":"https:\/\/agbw.org\/am\/wp-json\/wp\/v2\/posts"}],"about":[{"href":"https:\/\/agbw.org\/am\/wp-json\/wp\/v2\/types\/post"}],"author":[{"embeddable":true,"href":"https:\/\/agbw.org\/am\/wp-json\/wp\/v2\/users\/1"}],"replies":[{"embeddable":true,"href":"https:\/\/agbw.org\/am\/wp-json\/wp\/v2\/comments?post=16216"}],"version-history":[{"count":0,"href":"https:\/\/agbw.org\/am\/wp-json\/wp\/v2\/posts\/16216\/revisions"}],"wp:featuredmedia":[{"embeddable":true,"href":"https:\/\/agbw.org\/am\/wp-json\/wp\/v2\/media\/16217"}],"wp:attachment":[{"href":"https:\/\/agbw.org\/am\/wp-json\/wp\/v2\/media?parent=16216"}],"wp:term":[{"taxonomy":"category","embeddable":true,"href":"https:\/\/agbw.org\/am\/wp-json\/wp\/v2\/categories?post=16216"},{"taxonomy":"post_tag","embeddable":true,"href":"https:\/\/agbw.org\/am\/wp-json\/wp\/v2\/tags?post=16216"}],"curies":[{"name":"wp","href":"https:\/\/api.w.org\/{rel}","templated":true}]}}