{"id":16595,"date":"2023-07-18T19:00:34","date_gmt":"2023-07-18T17:00:34","guid":{"rendered":"https:\/\/agbw.org\/?p=16595"},"modified":"2023-07-19T05:54:08","modified_gmt":"2023-07-19T03:54:08","slug":"verklaerung-des-herrn-in-stuttgart","status":"publish","type":"post","link":"https:\/\/agbw.org\/am\/2023\/verklaerung-des-herrn-in-stuttgart\/","title":{"rendered":"Verkl\u00e4rung des Herrn in Stuttgart"},"content":{"rendered":"<div class=\"fusion-fullwidth fullwidth-box fusion-builder-row-1 fusion-flex-container has-pattern-background has-mask-background nonhundred-percent-fullwidth non-hundred-percent-height-scrolling\" style=\"--awb-border-radius-top-left:0px;--awb-border-radius-top-right:0px;--awb-border-radius-bottom-right:0px;--awb-border-radius-bottom-left:0px;--awb-flex-wrap:wrap;\" ><div class=\"fusion-builder-row fusion-row fusion-flex-align-items-flex-start fusion-flex-content-wrap\" style=\"max-width:1248px;margin-left: calc(-4% \/ 2 );margin-right: calc(-4% \/ 2 );\"><div class=\"fusion-layout-column fusion_builder_column fusion-builder-column-0 fusion_builder_column_1_1 1_1 fusion-flex-column\" style=\"--awb-bg-size:cover;--awb-width-large:100%;--awb-margin-top-large:0px;--awb-spacing-right-large:1.92%;--awb-margin-bottom-large:20px;--awb-spacing-left-large:1.92%;--awb-width-medium:100%;--awb-order-medium:0;--awb-spacing-right-medium:1.92%;--awb-spacing-left-medium:1.92%;--awb-width-small:100%;--awb-order-small:0;--awb-spacing-right-small:1.92%;--awb-spacing-left-small:1.92%;\"><div class=\"fusion-column-wrapper fusion-column-has-shadow fusion-flex-justify-content-flex-start fusion-content-layout-column\"><div class=\"fusion-title title fusion-title-1 fusion-sep-none fusion-title-text fusion-title-size-one\" style=\"--awb-margin-top-small:10px;--awb-margin-right-small:0px;--awb-margin-bottom-small:10px;--awb-margin-left-small:0px;\"><h1 class=\"fusion-title-heading title-heading-left fusion-responsive-typography-calculated\" style=\"margin:0;--fontSize:35;line-height:1.2;\">Verkl\u00e4rung des Herrn in Stuttgart gefeiert<\/h1><\/div><div class=\"fusion-text fusion-text-1\"><p>Am vergangenen Sonntag, den 16. Juli 2023, feierte unsere Gemeinde in der evangelischen Lutherkirche in Bad Cannstatt das Fest der Verkl\u00e4rung des Herrn. Dieses besondere Ereignis, das auch als Wardawar bekannt ist, geh\u00f6rt zu den f\u00fcnf Hochfesten der armenischen Kirche und wird weltweit in den Armenischen Apostolischen Kirchen begangen.<\/p>\n<p>Der Gottesdienst wurde von Gemeindepfarrer Dr. Diradur Sardaryan zelebriert. In seiner <strong><a href=\"https:\/\/agbw.org\/am\/2023\/wort-zum-verklaerungsfest\/\" target=\"_blank\" rel=\"noopener\">Predigt sprach er \u00fcber die Bedeutung des Festes<\/a><\/strong> im Leben der Gl\u00e4ubigen. Der Chor der Gemeinde, unter der Leitung von Lilit Sargsyan-K\u00e4rcher, begleitete den Gottesdienst. Armenischen Christen aus Nah und Fern versammelten sich, um gemeinsam diesen bedeutenden Feiertag zu begehen. Im Anschluss an den Gottesdienst fanden die traditionellen Wasserspiele statt. Dabei symbolisiert das Wasser die Reinigung und Erneuerung des Glaubens.<\/p>\n<p>Die Verkl\u00e4rung des Herrn ist das Fest der Gotteserkenntnis, da sie den Glauben an die menschliche und g\u00f6ttliche Natur Jesu Christi und seine Herrlichkeit verdeutlicht. In allen armenischen Kirchen wird an diesem Tag mit feierlichen Gottesdiensten und festlichen Veranstaltungen das Hochfest begangen.<\/p>\n<p>Das Fest der Verkl\u00e4rung des Herrn ist nicht nur eine spirituelle Erfahrung, sondern auch ein Fest der Begegnung und des Austauschs. Menschen unterschiedlicher Generationen und Hintergr\u00fcnde kommen zusammen, um ihre Verbundenheit im Glauben zu feiern und sich gegenseitig zu st\u00e4rken.<\/p>\n<p>Die Armenische Gemeinde Baden-W\u00fcrttemberg l\u00e4dt ihre Mitglieder und Freunde an den Gottesdiensten und kirchlichen Feiertagen aktiver teilzunehmen. Es ist eine einzigartige Gelegenheit, nicht nur im geistlichen Sinne, sondern auch der Begegnung mit der armenischen Kultur und Tradition in einer herzlichen Atmosph\u00e4re der armenischen Gemeinschaft in Baden-W\u00fcrttemberg.<\/p>\n<\/div><\/div><\/div><\/div><\/div>","protected":false},"excerpt":{"rendered":"","protected":false},"author":1,"featured_media":16599,"comment_status":"closed","ping_status":"closed","sticky":false,"template":"","format":"standard","meta":{"footnotes":""},"categories":[58,64],"tags":[],"class_list":["post-16595","post","type-post","status-publish","format-standard","has-post-thumbnail","hentry","category-allgemein","category-gemeinde"],"_links":{"self":[{"href":"https:\/\/agbw.org\/am\/wp-json\/wp\/v2\/posts\/16595","targetHints":{"allow":["GET"]}}],"collection":[{"href":"https:\/\/agbw.org\/am\/wp-json\/wp\/v2\/posts"}],"about":[{"href":"https:\/\/agbw.org\/am\/wp-json\/wp\/v2\/types\/post"}],"author":[{"embeddable":true,"href":"https:\/\/agbw.org\/am\/wp-json\/wp\/v2\/users\/1"}],"replies":[{"embeddable":true,"href":"https:\/\/agbw.org\/am\/wp-json\/wp\/v2\/comments?post=16595"}],"version-history":[{"count":0,"href":"https:\/\/agbw.org\/am\/wp-json\/wp\/v2\/posts\/16595\/revisions"}],"wp:featuredmedia":[{"embeddable":true,"href":"https:\/\/agbw.org\/am\/wp-json\/wp\/v2\/media\/16599"}],"wp:attachment":[{"href":"https:\/\/agbw.org\/am\/wp-json\/wp\/v2\/media?parent=16595"}],"wp:term":[{"taxonomy":"category","embeddable":true,"href":"https:\/\/agbw.org\/am\/wp-json\/wp\/v2\/categories?post=16595"},{"taxonomy":"post_tag","embeddable":true,"href":"https:\/\/agbw.org\/am\/wp-json\/wp\/v2\/tags?post=16595"}],"curies":[{"name":"wp","href":"https:\/\/api.w.org\/{rel}","templated":true}]}}