{"id":16771,"date":"2023-08-11T14:58:01","date_gmt":"2023-08-11T12:58:01","guid":{"rendered":"https:\/\/agbw.org\/?p=16771"},"modified":"2023-08-11T14:58:01","modified_gmt":"2023-08-11T12:58:01","slug":"forderung-bezueglich-der-humanitaeren-krise-in-berg-karabach","status":"publish","type":"post","link":"https:\/\/agbw.org\/am\/2023\/forderung-bezueglich-der-humanitaeren-krise-in-berg-karabach\/","title":{"rendered":"Forderung bez\u00fcglich der humanit\u00e4ren Krise in Berg Karabach"},"content":{"rendered":"<div class=\"fusion-fullwidth fullwidth-box fusion-builder-row-1 fusion-flex-container has-pattern-background has-mask-background nonhundred-percent-fullwidth non-hundred-percent-height-scrolling\" style=\"--awb-border-radius-top-left:0px;--awb-border-radius-top-right:0px;--awb-border-radius-bottom-right:0px;--awb-border-radius-bottom-left:0px;--awb-flex-wrap:wrap;\" ><div class=\"fusion-builder-row fusion-row fusion-flex-align-items-flex-start fusion-flex-content-wrap\" style=\"max-width:1248px;margin-left: calc(-4% \/ 2 );margin-right: calc(-4% \/ 2 );\"><div class=\"fusion-layout-column fusion_builder_column fusion-builder-column-0 fusion_builder_column_1_1 1_1 fusion-flex-column\" style=\"--awb-bg-size:cover;--awb-width-large:100%;--awb-margin-top-large:0px;--awb-spacing-right-large:1.92%;--awb-margin-bottom-large:20px;--awb-spacing-left-large:1.92%;--awb-width-medium:100%;--awb-order-medium:0;--awb-spacing-right-medium:1.92%;--awb-spacing-left-medium:1.92%;--awb-width-small:100%;--awb-order-small:0;--awb-spacing-right-small:1.92%;--awb-spacing-left-small:1.92%;\"><div class=\"fusion-column-wrapper fusion-column-has-shadow fusion-flex-justify-content-flex-start fusion-content-layout-column\"><div class=\"fusion-title title fusion-title-1 fusion-sep-none fusion-title-text fusion-title-size-one\" style=\"--awb-margin-top-small:10px;--awb-margin-right-small:0px;--awb-margin-bottom-small:10px;--awb-margin-left-small:0px;\"><h1 class=\"fusion-title-heading title-heading-left fusion-responsive-typography-calculated\" style=\"margin:0;--fontSize:35;line-height:1.2;\"><p>Forderung bez\u00fcglich der humanit\u00e4ren Krise<br \/>\nin Berg Karabach<\/p><\/h1><\/div><div class=\"fusion-title title fusion-title-2 fusion-sep-none fusion-title-text fusion-title-size-two\" style=\"--awb-margin-top-small:10px;--awb-margin-right-small:0px;--awb-margin-bottom-small:10px;--awb-margin-left-small:0px;\"><h2 class=\"fusion-title-heading title-heading-left fusion-responsive-typography-calculated\" style=\"margin:0;--fontSize:28;line-height:1.2;\">Gemeinsamer Brief des \u00d6kumenischen Rates der Kirchen (\u00d6RK) und der Konferenz Europ\u00e4ischer Kirchen (KEK) an die Europ\u00e4ische Union zur Aufhebung der Blockade von Berg-Karabach<\/h2><\/div><div class=\"fusion-text fusion-text-1\"><div class=\"x11i5rnm xat24cr x1mh8g0r x1vvkbs xtlvy1s x126k92a\">\n<div dir=\"auto\">Josep Borrell i Fontelles<\/div>\n<div dir=\"auto\">Hoher Vertreter der Europ\u00e4ischen Union<\/div>\n<div dir=\"auto\">f\u00fcr Au\u00dfen- und Sicherheitspolitik<\/div>\n<\/div>\n<div class=\"x11i5rnm xat24cr x1mh8g0r x1vvkbs xtlvy1s x126k92a\">\n<div dir=\"auto\">Genf und Br\u00fcssel Genf und Br\u00fcssel, 1. August 2023<\/div>\n<\/div>\n<div class=\"x11i5rnm xat24cr x1mh8g0r x1vvkbs xtlvy1s x126k92a\">\n<div dir=\"auto\">\n<p>Eure Exzellenz,<\/p>\n<\/div>\n<\/div>\n<div class=\"x11i5rnm xat24cr x1mh8g0r x1vvkbs xtlvy1s x126k92a\">\n<div dir=\"auto\">wir vom \u00d6kumenischen Rat der Kirchen (\u00d6RK) und von der Konferenz Europ\u00e4ischer Kirchen (KEK) sind zutiefst besorgt \u00fcber die aktuelle Situation in Berg-Karabach. Angesichts der Notlage der armenischen B\u00fcrger fordern wir alle auf, in unseren jeweiligen Verantwortungsbereichen gr\u00f6\u00dftm\u00f6gliche Anstrengungen zu unternehmen, um Aserbaidschan davon zu \u00fcberzeugen, die Anordnungen des Internationalen Gerichtshofs zu respektieren und die Blockade von Berg-Karabach durch die Wiederer\u00f6ffnung des Latschin-Korridors unverz\u00fcglich aufzuheben.<\/div>\n<div dir=\"auto\"><\/div>\n<\/div>\n<div class=\"x11i5rnm xat24cr x1mh8g0r x1vvkbs xtlvy1s x126k92a\">\n<div dir=\"auto\">Die humanit\u00e4re Krise in der blockierten Enklave Berg-Karabach (Arzach) eskaliert zu einem tragischen Ausma\u00df an Erfahrungen mit den anhaltenden Entbehrungen und dem Leid der Zivilbev\u00f6lkerung. Wir sind daher veranlasst, die Dringlichkeit zu betonen, L\u00f6sungen f\u00fcr die anhaltende Krise zu finden. Wir bekr\u00e4ftigen unsere fr\u00fcheren Erkl\u00e4rungen und Positionen zur Notwendigkeit dringender und sofortiger Ma\u00dfnahmen der internationalen Gemeinschaft.<\/div>\n<\/div>\n<div class=\"x11i5rnm xat24cr x1mh8g0r x1vvkbs xtlvy1s x126k92a\">\n<div dir=\"auto\">Der Lachin-Korridor ist die einzige Stra\u00dfe, die die Region mit Armenien verbindet. Er ist seit mehr als sieben Monaten blockiert, was das Leben und die Lebensbedingungen von 120.000 Menschen, darunter auch Kindern, erheblich beeintr\u00e4chtigt. Es mangelt ihnen an Nahrungsmitteln, Medikamenten, Strom und Treibstoff. Ihre grundlegenden Menschenrechte werden t\u00e4glich zunehmend verletzt.<\/div>\n<\/div>\n<div class=\"x11i5rnm xat24cr x1mh8g0r x1vvkbs xtlvy1s x126k92a\">\n<div dir=\"auto\"><\/div>\n<div dir=\"auto\">Wir haben Aserbaidschan und andere Akteure aufgefordert, sich in den Prozess der Stabilisierung einzubinden und neue Anstrengungen zur sofortigen Aufhebung der Blockade durch die Wiederer\u00f6ffnung des Latschin-Korridors zu unternehmen, um die freie und sichere Durchreise von Zivilisten, ungehinderten Transport usw. zu erm\u00f6glichen Der Warenfluss entlang dieser Route soll den Zugang zu humanit\u00e4rer Hilfe gew\u00e4hrleisten und das Leid der armenischen Bev\u00f6lkerung von Arzach (Berg-Karabach) lindern.<\/div>\n<\/div>\n<div class=\"x11i5rnm xat24cr x1mh8g0r x1vvkbs xtlvy1s x126k92a\">\n<div dir=\"auto\"><\/div>\n<div dir=\"auto\">Die immer versch\u00e4rfte Blockade bringt die Lage der Menschen in Berg-Karabach weiterhin in eine ernstzunehmende Verschlechterung. Es verhindert, dass die Fortschritte bei der L\u00f6sung offener Fragen zwischen Aserbaidschan und Armenien im Rahmen ihres Abkommens vom 9. November 2020 vorangetrieben werden und man sich den rechtlichen, politischen und ethischen Folgen des grausamen Berg-Karabach-Krieges 2020 in vollem Umfang stellt.<\/div>\n<\/div>\n<div class=\"x11i5rnm xat24cr x1mh8g0r x1vvkbs xtlvy1s x126k92a\">\n<div dir=\"auto\"><\/div>\n<div dir=\"auto\">Der \u00d6RK und die KEK fordern die Europ\u00e4ische Union und die gesamte internationale Gemeinschaft dringend auf, ihre Bem\u00fchungen unverz\u00fcglich zu verst\u00e4rken und unverz\u00fcglich zu handeln, um die Blockade zu beenden, um das Leben der Bewohner von Arzach zu retten und ihre Grundrechte und Freiheiten wiederherzustellen und zu respektieren.<\/div>\n<\/div>\n<div class=\"x11i5rnm xat24cr x1mh8g0r x1vvkbs xtlvy1s x126k92a\">\n<div dir=\"auto\"><\/div>\n<div dir=\"auto\">In diesem Zusammenhang glauben wir, dass der nachhaltige Dialog zwischen Baku und Stepanakert\/Khankendi f\u00fcr eine Normalisierung der Beziehungen zwischen Armenien und Aserbaidschan \u00e4u\u00dferst notwendig ist.<\/div>\n<\/div>\n<div class=\"x11i5rnm xat24cr x1mh8g0r x1vvkbs xtlvy1s x126k92a\">\n<div dir=\"auto\"><\/div>\n<div dir=\"auto\">Wir bekr\u00e4ftigen unsere feste \u00dcberzeugung, dass ein dauerhafter Frieden nur auf dem echten Engagement aller interessierten Verhandlungsparteien aufgebaut werden kann, die die uneingeschr\u00e4nkte Einhaltung aller Menschenrechte und der Grundfreiheiten aller Menschen auf der Grundlage gegenseitigen Vertrauens und Respekts ernst nehmen.<\/div>\n<\/div>\n<div class=\"x11i5rnm xat24cr x1mh8g0r x1vvkbs xtlvy1s x126k92a\">\n<div dir=\"auto\"><\/div>\n<div dir=\"auto\">Wir hoffen und beten weiterhin f\u00fcr die Beendigung dieser Blockade, damit Frieden, Harmonie und Gerechtigkeit herrschen k\u00f6nnen.<\/div>\n<\/div>\n<div class=\"x11i5rnm xat24cr x1mh8g0r x1vvkbs xtlvy1s x126k92a\">\n<div dir=\"auto\">Hochachtungsvoll<\/div>\n<\/div>\n<div class=\"x11i5rnm xat24cr x1mh8g0r x1vvkbs xtlvy1s x126k92a\">\n<div dir=\"auto\">Rev. Prof. Dr. Jerry Pillay<\/div>\n<div dir=\"auto\">Generalsekret\u00e4r<\/div>\n<div dir=\"auto\">\u00d6kumenischer Rat der Kirchen<\/div>\n<\/div>\n<div class=\"x11i5rnm xat24cr x1mh8g0r x1vvkbs xtlvy1s x126k92a\">\n<div dir=\"auto\">Dr. J\u00f8rgen Skov S\u00f8rensen<\/div>\n<div dir=\"auto\">Generalsekret\u00e4r<\/div>\n<div dir=\"auto\">\n<p>Konferenz Europ\u00e4ischer Kirchen<\/p>\n<p>Quelle: <a href=\"https:\/\/www.oikoumene.orghttps:\/\/www.oikoumene.org\/sites\/default\/files\/2023-08\/2023-08-04%20Final%20letter%20to%20send%20WCC%20and%20CEC_Lachin%20corridor_-2.pdf?fbclid=IwAR3kuwc3OlqgmpArn7_sAq5wnhwOkpaJtcAmKx4hZ1hY_sqiOkD9tesCNjQ\" target=\"_blank\" rel=\"noopener\">https:\/\/www.oikoumene.org<\/a><\/p>\n<\/div>\n<\/div>\n<\/div><\/div><\/div><\/div><\/div>","protected":false},"excerpt":{"rendered":"","protected":false},"author":1,"featured_media":16772,"comment_status":"closed","ping_status":"closed","sticky":false,"template":"","format":"standard","meta":{"footnotes":""},"categories":[58],"tags":[],"class_list":["post-16771","post","type-post","status-publish","format-standard","has-post-thumbnail","hentry","category-allgemein"],"_links":{"self":[{"href":"https:\/\/agbw.org\/am\/wp-json\/wp\/v2\/posts\/16771","targetHints":{"allow":["GET"]}}],"collection":[{"href":"https:\/\/agbw.org\/am\/wp-json\/wp\/v2\/posts"}],"about":[{"href":"https:\/\/agbw.org\/am\/wp-json\/wp\/v2\/types\/post"}],"author":[{"embeddable":true,"href":"https:\/\/agbw.org\/am\/wp-json\/wp\/v2\/users\/1"}],"replies":[{"embeddable":true,"href":"https:\/\/agbw.org\/am\/wp-json\/wp\/v2\/comments?post=16771"}],"version-history":[{"count":0,"href":"https:\/\/agbw.org\/am\/wp-json\/wp\/v2\/posts\/16771\/revisions"}],"wp:featuredmedia":[{"embeddable":true,"href":"https:\/\/agbw.org\/am\/wp-json\/wp\/v2\/media\/16772"}],"wp:attachment":[{"href":"https:\/\/agbw.org\/am\/wp-json\/wp\/v2\/media?parent=16771"}],"wp:term":[{"taxonomy":"category","embeddable":true,"href":"https:\/\/agbw.org\/am\/wp-json\/wp\/v2\/categories?post=16771"},{"taxonomy":"post_tag","embeddable":true,"href":"https:\/\/agbw.org\/am\/wp-json\/wp\/v2\/tags?post=16771"}],"curies":[{"name":"wp","href":"https:\/\/api.w.org\/{rel}","templated":true}]}}