{"id":17108,"date":"2023-10-06T12:40:53","date_gmt":"2023-10-06T10:40:53","guid":{"rendered":"https:\/\/agbw.org\/?p=17108"},"modified":"2023-10-06T12:40:53","modified_gmt":"2023-10-06T10:40:53","slug":"solidaritaet-mit-bergkarabach","status":"publish","type":"post","link":"https:\/\/agbw.org\/am\/2023\/solidaritaet-mit-bergkarabach\/","title":{"rendered":"Solidarit\u00e4t mit Bergkarabach"},"content":{"rendered":"<div class=\"fusion-fullwidth fullwidth-box fusion-builder-row-1 fusion-flex-container has-pattern-background has-mask-background nonhundred-percent-fullwidth non-hundred-percent-height-scrolling\" style=\"--awb-border-radius-top-left:0px;--awb-border-radius-top-right:0px;--awb-border-radius-bottom-right:0px;--awb-border-radius-bottom-left:0px;--awb-flex-wrap:wrap;\" ><div class=\"fusion-builder-row fusion-row fusion-flex-align-items-flex-start fusion-flex-content-wrap\" style=\"max-width:1248px;margin-left: calc(-4% \/ 2 );margin-right: calc(-4% \/ 2 );\"><div class=\"fusion-layout-column fusion_builder_column fusion-builder-column-0 fusion_builder_column_1_1 1_1 fusion-flex-column\" style=\"--awb-bg-size:cover;--awb-width-large:100%;--awb-margin-top-large:0px;--awb-spacing-right-large:1.92%;--awb-margin-bottom-large:20px;--awb-spacing-left-large:1.92%;--awb-width-medium:100%;--awb-order-medium:0;--awb-spacing-right-medium:1.92%;--awb-spacing-left-medium:1.92%;--awb-width-small:100%;--awb-order-small:0;--awb-spacing-right-small:1.92%;--awb-spacing-left-small:1.92%;\"><div class=\"fusion-column-wrapper fusion-column-has-shadow fusion-flex-justify-content-flex-start fusion-content-layout-column\"><div class=\"fusion-title title fusion-title-1 fusion-sep-none fusion-title-text fusion-title-size-one\" style=\"--awb-margin-top-small:10px;--awb-margin-right-small:0px;--awb-margin-bottom-small:10px;--awb-margin-left-small:0px;\"><h1 class=\"fusion-title-heading title-heading-left fusion-responsive-typography-calculated\" style=\"margin:0;--fontSize:35;line-height:1.2;\"><strong>Solidarit\u00e4t mit Bergkarabach<\/strong><\/h1><\/div><div class=\"fusion-title title fusion-title-2 fusion-sep-none fusion-title-text fusion-title-size-two\" style=\"--awb-margin-top-small:10px;--awb-margin-right-small:0px;--awb-margin-bottom-small:10px;--awb-margin-left-small:0px;\"><h2 class=\"fusion-title-heading title-heading-left fusion-responsive-typography-calculated\" style=\"margin:0;--fontSize:28;line-height:1.2;\"><strong>Armenier protestieren vor dem Europ\u00e4ischen Parlament. EU Parlament verurteilt Aserbaidschan.<\/strong><\/h2><\/div><div class=\"fusion-text fusion-text-1\"><\/div><div class=\"fusion-text fusion-text-2\"><p>Am 3. Oktober 2023 versammelten sich Armenier aus Frankreich und Deutschland vor dem Europ\u00e4ischen Parlament in Stra\u00dfburg, um auf die j\u00fcngsten Entwicklungen in Bergkarabach aufmerksam zu machen und ihre Solidarit\u00e4t mit den Opfern des Konflikts zu zeigen.<\/p>\n<p>Bergkarabach steht erneut im Mittelpunkt internationaler Aufmerksamkeit, nachdem Aserbaidschan am 19. September eine milit\u00e4rische Offensive gestartet hat. Dieser Angriff f\u00fchrte zur erneuten Eskalation des langj\u00e4hrigen Konflikts. 120 000 Armenier, nach neunmonatiger Blockade wurden bombardiert und d\u00fcrften durch ein Korridor nach Armenien fliehen.<\/p>\n<p>Die Armenier vor Ort protestierten nicht nur gegen die Aggression Aserbaidschans, sondern forderten auch die internationale Gemeinschaft auf, die Rechte der Vertriebenen aus Bergkarabach zu sch\u00fctzen. Unter den Demonstranten befanden sich auch Jugendliche und Vorstandsmitglieder aus der Armenischen Gemeinde Baden-W\u00fcrttemberg und der Armenischen Gemeinde Kehl, die sich aktiv f\u00fcr die Belange ihrer Landsleute einsetzen.<\/p>\n<p>Die Protestierenden betonten die Notwendigkeit einer gerechten L\u00f6sung des Konflikts und dr\u00e4ngten darauf, dass die Rechte der Menschen in der Region respektiert werden.<\/p>\n<p>Am Dienstag hat das Europ\u00e4ische Parlament \u00fcber die Lage in Bergkarabach diskutiert. Die internationale Gemeinschaft, die aufmerksam die Entwicklungen in der Region verfolgt, hofft auf eine friedliche L\u00f6sung, die die Rechte und Sicherheit aller Menschen in Bergkarabach gew\u00e4hrleistet. Gleichzeitig wird die Agression Aserbaidschans verurteilt.<\/p>\n<\/div><div class=\"fusion-title title fusion-title-3 fusion-sep-none fusion-title-text fusion-title-size-two\" style=\"--awb-margin-top-small:10px;--awb-margin-right-small:0px;--awb-margin-bottom-small:10px;--awb-margin-left-small:0px;\"><h2 class=\"fusion-title-heading title-heading-left fusion-responsive-typography-calculated\" style=\"margin:0;--fontSize:28;line-height:1.2;\"><strong>EU-Parlament wirft \u201eethnische S\u00e4uberung\u201c vor<\/strong><\/h2><\/div><div class=\"fusion-text fusion-text-3\"><p>Das Europ\u00e4ische Parlament hat Aserbaidschan wegen seiner Milit\u00e4roffensive in Bergkarabach beschuldigt, eine \u201eethnische S\u00e4uberung\u201c der armenischen Bev\u00f6lkerung in dieser Region durchgef\u00fchrt zu haben. In der Resolution des Parlament, welches am Donnerstag, den 5. Oktober 2023 stattfand, sprach sich eine klare Mehrheit der Abgeordneten f\u00fcr Sanktionen gegen die Regierung Aserbaidschans aus. In dem Text wird die Bedrohung und Gewalt durch aserbaidschanische Truppen entschieden verurteilt.<\/p>\n<p>Die Abgeordneten forderten die EU-Mitgliedsstaaten auf, \u201egezielte Sanktionen gegen Personen in der aserbaidschanischen Regierung\u201c zu verh\u00e4ngen, die am Angriff beteiligt waren, sowie wegen mutma\u00dflicher Menschenrechtsverletzungen in Bergkarabach. Gleichzeitig wurde betont, dass die EU ihre Abh\u00e4ngigkeit von Gasimporten aus Aserbaidschan reduzieren und ihre Beziehungen zu dem Land \u00fcberdenken sollte.<\/p>\n<p>Die Resolution erhielt die Zustimmung von 491 Abgeordneten, w\u00e4hrend neun dagegen stimmten. Es ist jedoch wichtig anzumerken, dass die Entscheidung des Europaparlaments nicht rechtlich bindend ist. Bisher haben EU-L\u00e4nder nach Angaben von Diplomaten noch keine Sanktionen gegen Aserbaidschan in Erw\u00e4gung gezogen.<\/p>\n<\/div><div class=\"fusion-text fusion-text-4\"><\/div><div class=\"fusion-title title fusion-title-4 fusion-sep-none fusion-title-text fusion-title-size-two\" style=\"--awb-margin-top-small:10px;--awb-margin-right-small:0px;--awb-margin-bottom-small:10px;--awb-margin-left-small:0px;\"><h2 class=\"fusion-title-heading title-heading-left fusion-responsive-typography-calculated\" style=\"margin:0;--fontSize:28;line-height:1.2;\"><p class=\"erpl_title-h1 text-break\"><strong> <a href=\"https:\/\/www.europarl.europa.eu\/doceo\/document\/RC-9-2023-0393_DE.html\" target=\"_blank\" rel=\"noopener\">GEMEINSAMER ENTSCHLIESSUNGSANTRAG\u00a0<\/a><\/strong><br \/>\n<strong>zu der Lage in Bergkarabach nach Aserbaidschans Angriff und den anhaltenden Bedrohungen gegen Armenien<\/strong><\/p><\/h2><\/div><\/div><\/div><\/div><\/div>","protected":false},"excerpt":{"rendered":"","protected":false},"author":1,"featured_media":17109,"comment_status":"closed","ping_status":"closed","sticky":false,"template":"","format":"standard","meta":{"footnotes":""},"categories":[58],"tags":[],"class_list":["post-17108","post","type-post","status-publish","format-standard","has-post-thumbnail","hentry","category-allgemein"],"_links":{"self":[{"href":"https:\/\/agbw.org\/am\/wp-json\/wp\/v2\/posts\/17108","targetHints":{"allow":["GET"]}}],"collection":[{"href":"https:\/\/agbw.org\/am\/wp-json\/wp\/v2\/posts"}],"about":[{"href":"https:\/\/agbw.org\/am\/wp-json\/wp\/v2\/types\/post"}],"author":[{"embeddable":true,"href":"https:\/\/agbw.org\/am\/wp-json\/wp\/v2\/users\/1"}],"replies":[{"embeddable":true,"href":"https:\/\/agbw.org\/am\/wp-json\/wp\/v2\/comments?post=17108"}],"version-history":[{"count":0,"href":"https:\/\/agbw.org\/am\/wp-json\/wp\/v2\/posts\/17108\/revisions"}],"wp:featuredmedia":[{"embeddable":true,"href":"https:\/\/agbw.org\/am\/wp-json\/wp\/v2\/media\/17109"}],"wp:attachment":[{"href":"https:\/\/agbw.org\/am\/wp-json\/wp\/v2\/media?parent=17108"}],"wp:term":[{"taxonomy":"category","embeddable":true,"href":"https:\/\/agbw.org\/am\/wp-json\/wp\/v2\/categories?post=17108"},{"taxonomy":"post_tag","embeddable":true,"href":"https:\/\/agbw.org\/am\/wp-json\/wp\/v2\/tags?post=17108"}],"curies":[{"name":"wp","href":"https:\/\/api.w.org\/{rel}","templated":true}]}}