{"id":17127,"date":"2023-10-07T23:25:53","date_gmt":"2023-10-07T21:25:53","guid":{"rendered":"https:\/\/agbw.org\/?p=17127"},"modified":"2023-10-07T23:37:21","modified_gmt":"2023-10-07T21:37:21","slug":"armenische-kulturtage-stuttgart-19-29-oktober-2023","status":"publish","type":"post","link":"https:\/\/agbw.org\/am\/2023\/armenische-kulturtage-stuttgart-19-29-oktober-2023\/","title":{"rendered":"Armenische Kulturtage Stuttgart: 19. &#8211; 29. Oktober 2023"},"content":{"rendered":"<div class=\"fusion-fullwidth fullwidth-box fusion-builder-row-1 fusion-flex-container has-pattern-background has-mask-background nonhundred-percent-fullwidth non-hundred-percent-height-scrolling\" style=\"--awb-border-radius-top-left:0px;--awb-border-radius-top-right:0px;--awb-border-radius-bottom-right:0px;--awb-border-radius-bottom-left:0px;--awb-flex-wrap:wrap;\" ><div class=\"fusion-builder-row fusion-row fusion-flex-align-items-flex-start fusion-flex-content-wrap\" style=\"max-width:1248px;margin-left: calc(-4% \/ 2 );margin-right: calc(-4% \/ 2 );\"><div class=\"fusion-layout-column fusion_builder_column fusion-builder-column-0 fusion_builder_column_1_1 1_1 fusion-flex-column\" style=\"--awb-bg-size:cover;--awb-width-large:100%;--awb-margin-top-large:0px;--awb-spacing-right-large:1.92%;--awb-margin-bottom-large:20px;--awb-spacing-left-large:1.92%;--awb-width-medium:100%;--awb-order-medium:0;--awb-spacing-right-medium:1.92%;--awb-spacing-left-medium:1.92%;--awb-width-small:100%;--awb-order-small:0;--awb-spacing-right-small:1.92%;--awb-spacing-left-small:1.92%;\"><div class=\"fusion-column-wrapper fusion-column-has-shadow fusion-flex-justify-content-flex-start fusion-content-layout-column\"><div class=\"fusion-title title fusion-title-1 fusion-sep-none fusion-title-text fusion-title-size-one\" style=\"--awb-margin-top-small:10px;--awb-margin-right-small:0px;--awb-margin-bottom-small:10px;--awb-margin-left-small:0px;\"><h1 class=\"fusion-title-heading title-heading-left fusion-responsive-typography-calculated\" style=\"margin:0;--fontSize:35;line-height:1.2;\">Gemeinsam f\u00fcr den Frieden<\/h1><\/div><div class=\"fusion-title title fusion-title-2 fusion-sep-none fusion-title-text fusion-title-size-two\" style=\"--awb-margin-top-small:10px;--awb-margin-right-small:0px;--awb-margin-bottom-small:10px;--awb-margin-left-small:0px;\"><h2 class=\"fusion-title-heading title-heading-left fusion-responsive-typography-calculated\" style=\"margin:0;--fontSize:28;line-height:1.2;\"><strong>19. &#8211; 29. Oktober 2023<\/strong><\/h2><\/div><div class=\"fusion-text fusion-text-1\"><p>Seit ihrer Premiere im Jahr 2011 haben sich die Armenischen Kulturtage in Stuttgart zu einem j\u00e4hrlichen H\u00f6hepunkt entwickelt. Dieses Jahr stehen sie ganz im Zeichen des Mottos &#8222;Gemeinsam f\u00fcr den Frieden&#8220;.<\/p>\n<p>Unsere Absicht geht \u00fcber die Feier unserer reichen armenischen Kultur hinaus \u2013 wir m\u00f6chten auch eine Botschaft des Friedens senden. Unsere Veranstaltungen, darunter Konzerte, Vortr\u00e4ge, Lesungen, Buchpr\u00e4sentationen, Symposien und Ausstellungen, bieten Raum f\u00fcr Begegnungen und Dialoge und f\u00fchren uns auf dem Weg zu einer gemeinsamen Zukunft in Deutschland und Europa. Angesichts der aktuellen Lage in Bezug auf Berg Karabach und die Massenvertreibung der Armenier haben wir einige Anpassungen in unserem Programm vorgenommen. Die geplante ER\u00d6FFNUNGSGALA mit dem herausragenden Komponisten Vache Sharafyan und dem HOVER Chor aus Armenien mussten wir leider ersetzen. Stattdessen wird ein BENEFIZKONZERT &#8222;DONA NOBIS PACEM&#8220; mit der wunderbaren Seda Amir-Kanyan in der Stiftskirche veranstaltet. Die Erl\u00f6se aus diesem Konzert, ebenso wie die Einnahmen des Abschlusskonzertes, werden f\u00fcr die Unterst\u00fctzung von sozialen Projekten f\u00fcr die Vertriebenen verwendet.<br \/>\nAutorengespr\u00e4che und Buchpr\u00e4sentationen, darunter eine mit der gefeierten Schriftstellerin Narine Abgaryan, sowie eine Podiumsdiskussion zum Berg-Karabach-Konflikt, Filme und weitere Veranstaltungen bieten Gelegenheiten f\u00fcr Begegnungen und den Austausch<br \/>\nvon Gedanken.<\/p>\n<p>Das als Highlight des diesj\u00e4hrigen Programms geplante GALAKONZERT wird in ein BENEFIZKONZERT &#8222;SIMPHONIE DES FRIEDENS&#8220; mit dem Staatlichen Kammerorchester Armeniens unter der Leitung des Gastdirigenten Ruben Gazaryan umgewandelt. Dabei werden Werke von Ruben Altunyan, Felix Mendelssohn Bartholdy und Edward Mirsojan erklingen.<\/p>\n<p>Wir laden Sie herzlich ein, Teil dieser bewegenden Initiative zu sein, die die transformative Kraft der Kultur nutzt, um f\u00fcr Frieden und Verst\u00e4ndigung zu werben. Tauchen Sie ein in eine Welt voller Musik, Literatur, Diskussionen und Begegnungen \u2013 gemeinsam f\u00fcr eine friedliche Zukunft.<br \/>\nOhne gro\u00dfz\u00fcgige F\u00f6rderer und ehrenamtliche Helfer w\u00e4ren ein solches Programm und die Durchf\u00fchrung der Armenischen Kulturtage Stuttgart nicht m\u00f6glich.<br \/>\nUnser besonderer Dank gilt ihnen allen, namentlich der Familie K\u00e4rcher, der Alfred K\u00e4rcher SE &amp; Co KG und der CRONIMET Mining AG, dem Kulturamt der<br \/>\nStadt Stuttgart, sowie unseren Partnern und mitwirkenden K\u00fcnstlern.<\/p>\n<\/div><div class=\"fusion-separator fusion-full-width-sep\" style=\"align-self: center;margin-left: auto;margin-right: auto;width:100%;\"><div class=\"fusion-separator-border sep-single\" style=\"--awb-height:20px;--awb-amount:20px;border-color:#ffac00;border-top-width:1px;\"><\/div><\/div><div class=\"fusion-text fusion-text-2\"><p><strong>Herzlich, Ihr Pfr. Dr. Diradur Sardaryan <\/strong><br \/>\n<strong>und die Armenische Gemeinde Baden-W\u00fcrttemberg<\/strong><\/p>\n<\/div><\/div><\/div><\/div><\/div>","protected":false},"excerpt":{"rendered":"","protected":false},"author":8,"featured_media":17133,"comment_status":"closed","ping_status":"closed","sticky":false,"template":"","format":"standard","meta":{"footnotes":""},"categories":[72,142,58],"tags":[],"class_list":["post-17127","post","type-post","status-publish","format-standard","has-post-thumbnail","hentry","category-abt3","category-aktuell","category-allgemein"],"_links":{"self":[{"href":"https:\/\/agbw.org\/am\/wp-json\/wp\/v2\/posts\/17127","targetHints":{"allow":["GET"]}}],"collection":[{"href":"https:\/\/agbw.org\/am\/wp-json\/wp\/v2\/posts"}],"about":[{"href":"https:\/\/agbw.org\/am\/wp-json\/wp\/v2\/types\/post"}],"author":[{"embeddable":true,"href":"https:\/\/agbw.org\/am\/wp-json\/wp\/v2\/users\/8"}],"replies":[{"embeddable":true,"href":"https:\/\/agbw.org\/am\/wp-json\/wp\/v2\/comments?post=17127"}],"version-history":[{"count":0,"href":"https:\/\/agbw.org\/am\/wp-json\/wp\/v2\/posts\/17127\/revisions"}],"wp:featuredmedia":[{"embeddable":true,"href":"https:\/\/agbw.org\/am\/wp-json\/wp\/v2\/media\/17133"}],"wp:attachment":[{"href":"https:\/\/agbw.org\/am\/wp-json\/wp\/v2\/media?parent=17127"}],"wp:term":[{"taxonomy":"category","embeddable":true,"href":"https:\/\/agbw.org\/am\/wp-json\/wp\/v2\/categories?post=17127"},{"taxonomy":"post_tag","embeddable":true,"href":"https:\/\/agbw.org\/am\/wp-json\/wp\/v2\/tags?post=17127"}],"curies":[{"name":"wp","href":"https:\/\/api.w.org\/{rel}","templated":true}]}}