{"id":17162,"date":"2023-10-18T09:22:41","date_gmt":"2023-10-18T07:22:41","guid":{"rendered":"https:\/\/agbw.org\/?p=17162"},"modified":"2023-10-18T09:38:49","modified_gmt":"2023-10-18T07:38:49","slug":"armenische-kulturtage-starten-ab-morgen","status":"publish","type":"post","link":"https:\/\/agbw.org\/am\/2023\/armenische-kulturtage-starten-ab-morgen\/","title":{"rendered":"Armenische Kulturtage starten ab morgen"},"content":{"rendered":"<div class=\"fusion-fullwidth fullwidth-box fusion-builder-row-1 fusion-flex-container has-pattern-background has-mask-background nonhundred-percent-fullwidth non-hundred-percent-height-scrolling\" style=\"--awb-border-radius-top-left:0px;--awb-border-radius-top-right:0px;--awb-border-radius-bottom-right:0px;--awb-border-radius-bottom-left:0px;--awb-flex-wrap:wrap;\" ><div class=\"fusion-builder-row fusion-row fusion-flex-align-items-flex-start fusion-flex-content-wrap\" style=\"max-width:1248px;margin-left: calc(-4% \/ 2 );margin-right: calc(-4% \/ 2 );\"><div class=\"fusion-layout-column fusion_builder_column fusion-builder-column-0 fusion_builder_column_1_1 1_1 fusion-flex-column\" style=\"--awb-bg-size:cover;--awb-width-large:100%;--awb-margin-top-large:0px;--awb-spacing-right-large:1.92%;--awb-margin-bottom-large:20px;--awb-spacing-left-large:1.92%;--awb-width-medium:100%;--awb-order-medium:0;--awb-spacing-right-medium:1.92%;--awb-spacing-left-medium:1.92%;--awb-width-small:100%;--awb-order-small:0;--awb-spacing-right-small:1.92%;--awb-spacing-left-small:1.92%;\"><div class=\"fusion-column-wrapper fusion-column-has-shadow fusion-flex-justify-content-flex-start fusion-content-layout-column\"><div class=\"fusion-title title fusion-title-1 fusion-sep-none fusion-title-text fusion-title-size-one\" style=\"--awb-margin-top-small:10px;--awb-margin-right-small:0px;--awb-margin-bottom-small:10px;--awb-margin-left-small:0px;\"><h1 class=\"fusion-title-heading title-heading-left fusion-responsive-typography-calculated\" style=\"margin:0;--fontSize:35;line-height:1.2;\">Gemeinsam f\u00fcr den Frieden!<\/h1><\/div><div class=\"fusion-title title fusion-title-2 fusion-sep-none fusion-title-text fusion-title-size-two\" style=\"--awb-margin-top-small:10px;--awb-margin-right-small:0px;--awb-margin-bottom-small:10px;--awb-margin-left-small:0px;\"><h2 class=\"fusion-title-heading title-heading-left fusion-responsive-typography-calculated\" style=\"margin:0;--fontSize:28;line-height:1.2;\"><p>Armenische Kulturtage Stuttgart<br \/>\nvom 19. bis 29. Oktober 2023<\/p><\/h2><\/div><div class=\"fusion-text fusion-text-1\"><p><em><strong>Die <a href=\"https:\/\/armenische-kulturtage-stuttgart.de\/\" target=\"_blank\" rel=\"noopener\">Armenischen Kulturtage Stuttgart<\/a> sind zur\u00fcck und versprechen eine inspirierende Reise durch die reiche armenische Kultur. Ab morgen, dem 19. Oktober, bis zum 29. Oktober 2023 erwarten uns spannende Veranstaltungen und kulturelle H\u00f6hepunkte. Doch dieses Jahr geht es weit \u00fcber das Feiern der Kultur hinaus, denn das Motto lautet: \u201eGemeinsam f\u00fcr den Frieden.\u201c<\/strong><\/em><\/p>\n<p>Seit ihrer Premiere im Jahr 2011 haben sich die <a href=\"https:\/\/armenische-kulturtage-stuttgart.de\/\" target=\"_blank\" rel=\"noopener\">Armenischen Kulturtage<\/a> zu einem j\u00e4hrlichen H\u00f6hepunkt entwickelt. Diese Veranstaltungen sind eine einzigartige Gelegenheit, die faszinierende Welt der armenischen Kultur zu erkunden und tiefe Einblicke in die Geschichte und Traditionen zu gewinnen.<\/p>\n<p>Das Programm ist vielf\u00e4ltig und umfasst Konzerte, Vortr\u00e4ge, Lesungen, Buchpr\u00e4sentationen, Symposien und Ausstellungen. Diese Veranstaltungen bieten Raum f\u00fcr Begegnungen und Dialoge, die uns auf dem Weg zu einer gemeinsamen Zukunft in Deutschland und Europa begleiten.<\/p>\n<p>Aufgrund der aktuellen Lage in Bezug auf Arzach (Berg Karabach) und die Massenvertreibung der Armenier, wurden einige Anpassungen am Programm vorgenommen. So musste die geplante Er\u00f6ffnungsgala leider ersetzt werden. Stattdessen wird ein Konzert mit dem Titel <strong><a href=\"https:\/\/armenische-kulturtage-stuttgart.de\/events\/dona-nobis-pacem\/\" target=\"_blank\" rel=\"noopener\">\u201eDona nobis pacem\u201c<\/a><\/strong> in der Stiftskirche veranstaltet. Autorengespr\u00e4che, Buchpr\u00e4sentationen, Podiumsdiskussionen, Filme und weitere Veranstaltungen bieten zahlreiche Gelegenheiten zum Gedankenaustausch und Begegnung.<\/p>\n<p>Ein Highlight des diesj\u00e4hrigen Programms ist das Konzert <strong><a href=\"https:\/\/armenische-kulturtage-stuttgart.de\/events\/simphonie-des-friedens\/\" target=\"_blank\" rel=\"noopener\">\u201eSymphonie des Friedens\u201c<\/a><\/strong> mit dem Staatlichen Kammerorchester Armeniens unter der Leitung des Gastdirigenten Ruben Gazarian. Diese Auff\u00fchrung verspricht ein unvergessliches Klangerlebnis mit Werken von Ruben Altunyan, Felix Mendelssohn Bartholdy und Edward Mirsojan.<\/p>\n<\/div><div class=\"fusion-separator fusion-full-width-sep\" style=\"align-self: center;margin-left: auto;margin-right: auto;margin-top:15px;margin-bottom:15px;width:100%;\"><div class=\"fusion-separator-border sep-single\" style=\"--awb-height:20px;--awb-amount:20px;border-color:#ffac00;border-top-width:1px;\"><\/div><\/div><div class=\"fusion-video fusion-youtube\" style=\"--awb-max-width:600px;--awb-max-height:360px;--awb-align-self:center;--awb-width:100%;\"><div class=\"video-shortcode\"><lite-youtube videoid=\"VxcDwWOIB_Y\" class=\"landscape\" params=\"wmode=transparent&autoplay=1&amp;enablejsapi=1\" title=\"YouTube video player 1\" data-button-label=\"Play Video\" width=\"600\" height=\"360\" data-thumbnail-size=\"auto\" data-no-cookie=\"on\"><\/lite-youtube><\/div><\/div><div class=\"fusion-separator fusion-full-width-sep\" style=\"align-self: center;margin-left: auto;margin-right: auto;margin-top:15px;margin-bottom:15px;width:100%;\"><div class=\"fusion-separator-border sep-single\" style=\"--awb-height:20px;--awb-amount:20px;border-color:#ffac00;border-top-width:1px;\"><\/div><\/div><div class=\"fusion-text fusion-text-2\"><p>Wir m\u00f6chten alle Gemeindemitglieder ermutigen, nicht nur an den Kulturtagen teilzunehmen, sondern auch Freunde und Bekannte einzuladen. Denn gemeinsam k\u00f6nnen wir f\u00fcr den Frieden eintreten und die Vielfalt der armenischen Kultur feiern. Auf der <strong><a href=\"https:\/\/armenische-kulturtage-stuttgart.de\/\" target=\"_blank\" rel=\"noopener\">Web-Seite der Armenischen Kulturtage Stuttgart<\/a><\/strong> finden Sie wichtige Informationen zu den Veranstaltungen, sowie Hintergrundinfos und spannende Storys. Auch unser <strong><a href=\"https:\/\/armenische-kulturtage-stuttgart.de\/veranstaltungsarchiv\/\" target=\"_blank\" rel=\"noopener\">Veranstaltungsarchiv<\/a><\/strong> ist ein wahrer Schatz, der die Erinnerungen an all die Jahre festh\u00e4lt.<\/p>\n<p>Wir sind bereit f\u00fcr eine weitere aufregende Ausgabe der Armenischen Kulturtage in Stuttgart, und wir hoffen, Sie dabei zu haben. Lassen Sie uns gemeinsam die Vielfalt und Sch\u00f6nheit der armenischen Kultur feiern und den kulturellen Dialog zwischen unseren V\u00f6lkern vorantreiben. Wir freuen uns auf Ihren Besuch und auf eine wundervolle Zeit gemeinsam!<\/p>\n<p>IHR AGBW TEAM<\/p>\n<\/div><\/div><\/div><\/div><\/div>","protected":false},"excerpt":{"rendered":"","protected":false},"author":1,"featured_media":17163,"comment_status":"closed","ping_status":"closed","sticky":false,"template":"","format":"standard","meta":{"footnotes":""},"categories":[58],"tags":[],"class_list":["post-17162","post","type-post","status-publish","format-standard","has-post-thumbnail","hentry","category-allgemein"],"_links":{"self":[{"href":"https:\/\/agbw.org\/am\/wp-json\/wp\/v2\/posts\/17162","targetHints":{"allow":["GET"]}}],"collection":[{"href":"https:\/\/agbw.org\/am\/wp-json\/wp\/v2\/posts"}],"about":[{"href":"https:\/\/agbw.org\/am\/wp-json\/wp\/v2\/types\/post"}],"author":[{"embeddable":true,"href":"https:\/\/agbw.org\/am\/wp-json\/wp\/v2\/users\/1"}],"replies":[{"embeddable":true,"href":"https:\/\/agbw.org\/am\/wp-json\/wp\/v2\/comments?post=17162"}],"version-history":[{"count":0,"href":"https:\/\/agbw.org\/am\/wp-json\/wp\/v2\/posts\/17162\/revisions"}],"wp:featuredmedia":[{"embeddable":true,"href":"https:\/\/agbw.org\/am\/wp-json\/wp\/v2\/media\/17163"}],"wp:attachment":[{"href":"https:\/\/agbw.org\/am\/wp-json\/wp\/v2\/media?parent=17162"}],"wp:term":[{"taxonomy":"category","embeddable":true,"href":"https:\/\/agbw.org\/am\/wp-json\/wp\/v2\/categories?post=17162"},{"taxonomy":"post_tag","embeddable":true,"href":"https:\/\/agbw.org\/am\/wp-json\/wp\/v2\/tags?post=17162"}],"curies":[{"name":"wp","href":"https:\/\/api.w.org\/{rel}","templated":true}]}}