{"id":17392,"date":"2023-11-08T14:25:05","date_gmt":"2023-11-08T13:25:05","guid":{"rendered":"https:\/\/agbw.org\/?p=17392"},"modified":"2023-11-08T14:25:05","modified_gmt":"2023-11-08T13:25:05","slug":"zukunft-gemeinde","status":"publish","type":"post","link":"https:\/\/agbw.org\/am\/2023\/zukunft-gemeinde\/","title":{"rendered":"Zukunft Gemeinde"},"content":{"rendered":"<div class=\"fusion-fullwidth fullwidth-box fusion-builder-row-1 fusion-flex-container has-pattern-background has-mask-background nonhundred-percent-fullwidth non-hundred-percent-height-scrolling\" style=\"--awb-border-radius-top-left:0px;--awb-border-radius-top-right:0px;--awb-border-radius-bottom-right:0px;--awb-border-radius-bottom-left:0px;--awb-flex-wrap:wrap;\" ><div class=\"fusion-builder-row fusion-row fusion-flex-align-items-flex-start fusion-flex-content-wrap\" style=\"max-width:1248px;margin-left: calc(-4% \/ 2 );margin-right: calc(-4% \/ 2 );\"><div class=\"fusion-layout-column fusion_builder_column fusion-builder-column-0 fusion_builder_column_1_1 1_1 fusion-flex-column\" style=\"--awb-bg-size:cover;--awb-width-large:100%;--awb-margin-top-large:0px;--awb-spacing-right-large:1.92%;--awb-margin-bottom-large:20px;--awb-spacing-left-large:1.92%;--awb-width-medium:100%;--awb-order-medium:0;--awb-spacing-right-medium:1.92%;--awb-spacing-left-medium:1.92%;--awb-width-small:100%;--awb-order-small:0;--awb-spacing-right-small:1.92%;--awb-spacing-left-small:1.92%;\"><div class=\"fusion-column-wrapper fusion-column-has-shadow fusion-flex-justify-content-flex-start fusion-content-layout-column\"><div class=\"fusion-title title fusion-title-1 fusion-sep-none fusion-title-text fusion-title-size-one\" style=\"--awb-margin-top-small:10px;--awb-margin-right-small:0px;--awb-margin-bottom-small:10px;--awb-margin-left-small:0px;\"><h1 class=\"fusion-title-heading title-heading-left fusion-responsive-typography-calculated\" style=\"margin:0;--fontSize:35;line-height:1.2;\">\u201eBegegnungszentrum Arche Noah\u201c<\/h1><\/div><div class=\"fusion-title title fusion-title-2 fusion-sep-none fusion-title-text fusion-title-size-two\" style=\"--awb-margin-top-small:10px;--awb-margin-right-small:0px;--awb-margin-bottom-small:10px;--awb-margin-left-small:0px;\"><h2 class=\"fusion-title-heading title-heading-left fusion-responsive-typography-calculated\" style=\"margin:0;--fontSize:28;line-height:1.2;\">Einladung zum Gedankenaustausch zum Thema Gemeindezentrum in Stuttgart<\/h2><\/div><div class=\"fusion-text fusion-text-1\"><p>Liebe Mitglieder der Armenischen Gemeinde Baden-W\u00fcrttemberg e.V.,<br \/>\nLiebe Landsleute aus Baden-W\u00fcrttemberg,<\/p>\n<p>gerne laden wir Sie zu einem ersten Treffen in Bezug auf das Projekt \u201eGemeindezentrum in Stuttgart\u201c:<\/p>\n<p><strong>am 19. November 2023, um 12 Uhr, <\/strong><br \/>\n<strong>in der Andre\u00e4kirche Stuttgart <\/strong><br \/>\n<strong>(Andre\u00e4stra\u00dfe 15, 70374 Stuttgart) ein.<\/strong><\/p>\n<p>Dieses Treffen ist von gro\u00dfer Bedeutung, da es um die Zukunft unserer Gemeinde geht und die Ideen und Meinungen jedes Einzelnen von Ihnen gefragt sind.<\/p>\n<p><strong>Worum geht es?<\/strong><\/p>\n<p>Die Armenische Gemeinde Baden-W\u00fcrttemberg e.V. hat sich seit vielen Jahren intensiv mit dem Projekt mit Arbeitstitel \u201eBegegnungszentrum Arche Noah\u201c auseinandergesetzt. Dieses Projekt ist von gro\u00dfer Bedeutung, da es eine M\u00f6glichkeit bietet, verschiedene Angebote zu b\u00fcndeln und die Gemeinschaft zu st\u00e4rken. Die \u201eArche Noah\u201c soll ein Ort der Begegnung f\u00fcr Menschen unterschiedlicher Generationen sein und Glaube, Bildung, Kultur sowie soziale Dienste f\u00f6rdern.<\/p>\n<p>In der Arche Noah sind verschiedene Angebote geplant:<\/p>\n<ul>\n<li><strong>Glaube, Kunst &amp; Kultur:<\/strong> Ein Mittelpunkt f\u00fcr die Armenische Gemeinde Baden-W\u00fcrttemberg und R\u00e4ume f\u00fcr kulturelle Veranstaltungen.<\/li>\n<li><strong>Lern-Oase f\u00fcr Jung &amp; Alt:<\/strong> Erwachsenenbildung, Familienbildung, Sprachzentrum f\u00fcr West- und Ost-armenisch.<\/li>\n<li><strong>Kinder &amp; Jugendliche:<\/strong> Kita, Jugendarbeit, Bildungsangebote, digitales Lernen.<\/li>\n<li><strong>Senioren:<\/strong> Mittagstisch, Begegnungstreff, Tagespflege, Wohnangebote.<\/li>\n<li><strong>Informationszentrum:<\/strong> F\u00f6rderung der deutsch-armenischen Beziehungen f\u00fcr Politik, Handel, Kultur und Gesellschaft.<\/li>\n<li><strong>Fairer Handel:<\/strong> Unterst\u00fctzung der \u00dcberwindung von Armut in l\u00e4ndlichen Regionen Armeniens.<\/li>\n<li><strong>Armenisches Caf\u00e9:<\/strong> Ein Treffpunkt f\u00fcr die Gemeinde und alle, die die armenische K\u00fcche und Gastfreundschaft sch\u00e4tzen.<\/li>\n<\/ul>\n<p>Die Ideen f\u00fcr dieses spannende Projekt sind vielf\u00e4ltig, und nun ist die Zeit gekommen, sie zu konkretisieren und mit tragf\u00e4higen Kostenkalkulationen zu versehen.<\/p>\n<p><strong>Ziele des Pilotprojekts:<\/strong><\/p>\n<p>In den n\u00e4chsten beiden Jahren m\u00f6chten wir folgende Schritte unternehmen, um die Realisierung der Arche Noah voranzutreiben:<\/p>\n<ul>\n<li>Pr\u00fcfung der uns vorgeschlagenen \u00d6rtlichkeiten und Entwicklung eines konkreten Plans bis Ende 2024.<\/li>\n<li>Sch\u00e4rfung der Konzeption des Mehrgenerationenhauses unter Einbeziehung der Gemeinde und interessierter B\u00fcrger.<\/li>\n<li>Entwicklung eines Projektplans zur Realisierung der \u201eArche Noah\u201c.<\/li>\n<li>Erstellung eines Kostenplans.<\/li>\n<li>Aufbau eines Projektteams f\u00fcr die Realisierungsphase.<\/li>\n<\/ul>\n<p>Dies ist der Beginn eines spannenden Prozesses, und wir m\u00f6chten Sie herzlich dazu einladen, sich aktiv an der Zukunftsgestaltung unserer Gemeinde und eines m\u00f6glichen Gemeindezentrums in Stuttgart zu beteiligen. Ihre Gedanken und Ideen sind von unsch\u00e4tzbarem Wert.<\/p>\n<p>Wir beginnen unser Treffen mit einem Surb Badarak, gefolgt von einer Besichtigung der R\u00e4umlichkeiten der Andre\u00e4kirche und einem Gedankenaustausch, bei dem wir auf Ihre Ideen und Meinungen gespannt sind.<\/p>\n<p>Gemeinsam k\u00f6nnen wir die Zukunft unserer Gemeinde gestalten und sicherstellen, dass sie f\u00fcr kommende Generationen ein Ort der Begegnung und des Austauschs bleibt. Wir freuen uns darauf, Sie am 19. November in Stuttgart zu begr\u00fc\u00dfen.<\/p>\n<p>Mit herzlichen Gr\u00fc\u00dfen,<\/p>\n<p>Vorstand und Gemeindepfarrer der<br \/>\nArmenischen Gemeinde Baden-W\u00fcrttemberg e.V.<\/p>\n<p>P.S. <em>F\u00fcr das leibliche Wohl wird selbstverst\u00e4ndlich gesorgt sein, und wir w\u00fcrden uns freuen, wenn Landsleute sich in die Helferliste eintragen k\u00f6nnten, um dem Vorstand bei dieser Veranstaltung zu unterst\u00fctzen.<\/em><\/p>\n<\/div><div class=\"fusion-separator fusion-full-width-sep\" style=\"align-self: center;margin-left: auto;margin-right: auto;margin-top:15px;margin-bottom:15px;width:100%;\"><div class=\"fusion-separator-border sep-single sep-solid\" style=\"--awb-height:20px;--awb-amount:20px;border-color:#ffac00;border-top-width:1px;\"><\/div><\/div>\n<div class=\"wpcf7 no-js\" id=\"wpcf7-f6963-o1\" lang=\"de-DE\" dir=\"ltr\" data-wpcf7-id=\"6963\">\n<div class=\"screen-reader-response\"><p role=\"status\" aria-live=\"polite\" aria-atomic=\"true\"><\/p> <ul><\/ul><\/div>\n<form action=\"\/am\/wp-json\/wp\/v2\/posts\/17392#wpcf7-f6963-o1\" method=\"post\" class=\"wpcf7-form init\" aria-label=\"Kontaktformular\" novalidate=\"novalidate\" data-status=\"init\" data-trp-original-action=\"\/am\/wp-json\/wp\/v2\/posts\/17392#wpcf7-f6963-o1\">\n<fieldset class=\"hidden-fields-container\"><input type=\"hidden\" name=\"_wpcf7\" value=\"6963\" \/><input type=\"hidden\" name=\"_wpcf7_version\" value=\"6.1.5\" \/><input type=\"hidden\" name=\"_wpcf7_locale\" value=\"de_DE\" \/><input type=\"hidden\" name=\"_wpcf7_unit_tag\" value=\"wpcf7-f6963-o1\" \/><input type=\"hidden\" name=\"_wpcf7_container_post\" value=\"0\" \/><input type=\"hidden\" name=\"_wpcf7_posted_data_hash\" value=\"\" \/><input type=\"hidden\" name=\"_wpcf7_recaptcha_response\" value=\"\" \/>\n<\/fieldset>\n<div class=\"fusion-alert alert custom alert-custom fusion-alert-center wpcf7-response-output awb-alert-native-link-color alert-dismissable awb-alert-close-boxed\" style=\"--awb-border-size:1px;--awb-border-top-left-radius:0px;--awb-border-top-right-radius:0px;--awb-border-bottom-left-radius:0px;--awb-border-bottom-right-radius:0px;\" role=\"alert\"><div class=\"fusion-alert-content-wrapper\"><span class=\"fusion-alert-content\"><\/span><\/div><button type=\"button\" class=\"close toggle-alert\" data-dismiss=\"alert\" aria-label=\"Close\">&times;<\/button><\/div>\n<p><label> Ihr Name<br \/>\n<span class=\"wpcf7-form-control-wrap\" data-name=\"your-name\"><input size=\"40\" maxlength=\"400\" class=\"wpcf7-form-control wpcf7-text wpcf7-validates-as-required\" aria-required=\"true\" aria-invalid=\"false\" value=\"\" type=\"text\" name=\"your-name\" \/><\/span> <\/label>\n<\/p>\n<p><label> Ihre E-Mail-Adresse<br \/>\n<span class=\"wpcf7-form-control-wrap\" data-name=\"your-email\"><input size=\"40\" maxlength=\"400\" class=\"wpcf7-form-control wpcf7-email wpcf7-validates-as-required wpcf7-text wpcf7-validates-as-email\" aria-required=\"true\" aria-invalid=\"false\" value=\"\" type=\"email\" name=\"your-email\" \/><\/span> <\/label>\n<\/p>\n<p><label> Betreff<br \/>\n<span class=\"wpcf7-form-control-wrap\" data-name=\"betreff\"><input size=\"40\" maxlength=\"400\" class=\"wpcf7-form-control wpcf7-text\" aria-invalid=\"false\" value=\"\" type=\"text\" name=\"betreff\" \/><\/span> <\/label>\n<\/p>\n<p><label> Ihre Nachricht<br \/>\n<span class=\"wpcf7-form-control-wrap\" data-name=\"ihre-nachricht\"><textarea cols=\"40\" rows=\"10\" maxlength=\"2000\" class=\"wpcf7-form-control wpcf7-textarea\" aria-invalid=\"false\" name=\"ihre-nachricht\"><\/textarea><\/span> <\/label>\n<\/p>\n<p><label> <input class=\"wpcf7-form-control wpcf7-submit has-spinner\" type=\"submit\" value=\"Senden\" \/> <\/label>\n<\/p>\n<input type=\"hidden\" name=\"trp-form-language\" value=\"am\"\/><\/form>\n<\/div>\n<\/div><\/div><\/div><\/div>","protected":false},"excerpt":{"rendered":"","protected":false},"author":1,"featured_media":17395,"comment_status":"closed","ping_status":"closed","sticky":false,"template":"","format":"standard","meta":{"footnotes":""},"categories":[142,58],"tags":[],"class_list":["post-17392","post","type-post","status-publish","format-standard","has-post-thumbnail","hentry","category-aktuell","category-allgemein"],"_links":{"self":[{"href":"https:\/\/agbw.org\/am\/wp-json\/wp\/v2\/posts\/17392","targetHints":{"allow":["GET"]}}],"collection":[{"href":"https:\/\/agbw.org\/am\/wp-json\/wp\/v2\/posts"}],"about":[{"href":"https:\/\/agbw.org\/am\/wp-json\/wp\/v2\/types\/post"}],"author":[{"embeddable":true,"href":"https:\/\/agbw.org\/am\/wp-json\/wp\/v2\/users\/1"}],"replies":[{"embeddable":true,"href":"https:\/\/agbw.org\/am\/wp-json\/wp\/v2\/comments?post=17392"}],"version-history":[{"count":0,"href":"https:\/\/agbw.org\/am\/wp-json\/wp\/v2\/posts\/17392\/revisions"}],"wp:featuredmedia":[{"embeddable":true,"href":"https:\/\/agbw.org\/am\/wp-json\/wp\/v2\/media\/17395"}],"wp:attachment":[{"href":"https:\/\/agbw.org\/am\/wp-json\/wp\/v2\/media?parent=17392"}],"wp:term":[{"taxonomy":"category","embeddable":true,"href":"https:\/\/agbw.org\/am\/wp-json\/wp\/v2\/categories?post=17392"},{"taxonomy":"post_tag","embeddable":true,"href":"https:\/\/agbw.org\/am\/wp-json\/wp\/v2\/tags?post=17392"}],"curies":[{"name":"wp","href":"https:\/\/api.w.org\/{rel}","templated":true}]}}