{"id":17398,"date":"2023-11-08T15:32:11","date_gmt":"2023-11-08T14:32:11","guid":{"rendered":"https:\/\/agbw.org\/?p=17398"},"modified":"2023-11-08T15:32:11","modified_gmt":"2023-11-08T14:32:11","slug":"diavortrag","status":"publish","type":"post","link":"https:\/\/agbw.org\/am\/2023\/diavortrag\/","title":{"rendered":"Diavortrag: Kulturelle Erbe der Armenier in Berg Karabach"},"content":{"rendered":"<div class=\"fusion-fullwidth fullwidth-box fusion-builder-row-1 fusion-flex-container has-pattern-background has-mask-background nonhundred-percent-fullwidth non-hundred-percent-height-scrolling\" style=\"--awb-border-radius-top-left:0px;--awb-border-radius-top-right:0px;--awb-border-radius-bottom-right:0px;--awb-border-radius-bottom-left:0px;--awb-flex-wrap:wrap;\" ><div class=\"fusion-builder-row fusion-row fusion-flex-align-items-flex-start fusion-flex-content-wrap\" style=\"max-width:1248px;margin-left: calc(-4% \/ 2 );margin-right: calc(-4% \/ 2 );\"><div class=\"fusion-layout-column fusion_builder_column fusion-builder-column-0 fusion_builder_column_1_1 1_1 fusion-flex-column\" style=\"--awb-bg-size:cover;--awb-width-large:100%;--awb-margin-top-large:0px;--awb-spacing-right-large:1.92%;--awb-margin-bottom-large:20px;--awb-spacing-left-large:1.92%;--awb-width-medium:100%;--awb-order-medium:0;--awb-spacing-right-medium:1.92%;--awb-spacing-left-medium:1.92%;--awb-width-small:100%;--awb-order-small:0;--awb-spacing-right-small:1.92%;--awb-spacing-left-small:1.92%;\"><div class=\"fusion-column-wrapper fusion-column-has-shadow fusion-flex-justify-content-flex-start fusion-content-layout-column\"><div class=\"fusion-title title fusion-title-1 fusion-sep-none fusion-title-text fusion-title-size-one\" style=\"--awb-margin-top-small:10px;--awb-margin-right-small:0px;--awb-margin-bottom-small:10px;--awb-margin-left-small:0px;\"><h1 class=\"fusion-title-heading title-heading-left fusion-responsive-typography-calculated\" style=\"margin:0;--fontSize:35;line-height:1.2;\">Kulturelle Erbe der Armenier in Berg Karabach<\/h1><\/div><div class=\"fusion-title title fusion-title-2 fusion-sep-none fusion-title-text fusion-title-size-two\" style=\"--awb-margin-top-small:10px;--awb-margin-right-small:0px;--awb-margin-bottom-small:10px;--awb-margin-left-small:0px;\"><h2 class=\"fusion-title-heading title-heading-left fusion-responsive-typography-calculated\" style=\"margin:0;--fontSize:28;line-height:1.2;\">Schutz des armenischen Kulturerbes<\/h2><\/div><div class=\"fusion-text fusion-text-1\"><p>Der Berg-Karabach-Konflikt hat nicht nur menschliches Leid verursacht, sondern bedroht auch das kulturelle Erbe einer ganzen Nation. Seit Jahrtausenden haben die Armenier diese Region zu ihrer Heimat gemacht und ein reiches kulturelles Erbe geschaffen. Nun ist dieses Erbe stark bedroht.<\/p>\n<p>Mit einer bewegenden Diashow pr\u00e4sentierte Pfr. Garegin Hambardzumyan<br \/>\ndie Ereignisse und hatte nicht nur auf die prek\u00e4re Lage der Menschen in Berg-Karabach aufmerksam machen wollen, sondern wies auch auf die Bedrohung unsch\u00e4tzbarer christlicher Kulturdenkm\u00e4ler hin. Jene Denkm\u00e4ler sind nicht nur Verm\u00e4chtnisse armenischer Geschichte, sondern haben auch eine gro\u00dfe kulturelle Bedeutung f\u00fcr die gesamte Region.<\/p>\n<\/div><div class=\"fusion-image-carousel fusion-image-carousel-auto fusion-image-carousel-1 fusion-carousel-border\"><div class=\"awb-carousel awb-swiper awb-swiper-carousel awb-carousel--carousel awb-swiper-dots-position-bottom\" data-layout=\"carousel\" data-autoplay=\"no\" data-autoplayspeed=\"2500\" data-autoplaypause=\"no\" data-loop=\"yes\" data-columns=\"2\" data-columnsmedium=\"1\" data-columnssmall=\"1\" data-itemmargin=\"13\" data-itemwidth=\"180\" data-touchscroll=\"no\" data-freemode=\"no\" data-imagesize=\"auto\" data-scrollitems=\"0\" data-centeredslides=\"no\" data-rotationangle=\"50\" data-depth=\"100\" data-speed=\"500\" data-shadow=\"no\" data-pagination=\"bullets\" style=\"--awb-columns:2;--awb-border-width:1px;--awb-border-color:#e9eaee;\"><div class=\"swiper-wrapper awb-image-carousel-wrapper fusion-flex-align-items-center\"><div class=\"swiper-slide\"><div class=\"fusion-carousel-item-wrapper\"><div class=\"fusion-image-wrapper hover-type-none\"><img decoding=\"async\" width=\"900\" height=\"600\" src=\"https:\/\/agbw.org\/wp-content\/uploads\/2023\/11\/2.jpg\" class=\"attachment-full size-full\" alt=\"\" srcset=\"https:\/\/agbw.org\/wp-content\/uploads\/2023\/11\/2-200x133.jpg 200w, https:\/\/agbw.org\/wp-content\/uploads\/2023\/11\/2-400x267.jpg 400w, https:\/\/agbw.org\/wp-content\/uploads\/2023\/11\/2-600x400.jpg 600w, https:\/\/agbw.org\/wp-content\/uploads\/2023\/11\/2-800x533.jpg 800w, https:\/\/agbw.org\/wp-content\/uploads\/2023\/11\/2.jpg 900w\" sizes=\"(min-width: 2200px) 100vw, (min-width: 712px) 594px, (min-width: 640px) 712px, \" \/><\/div><\/div><\/div><div class=\"swiper-slide\"><div class=\"fusion-carousel-item-wrapper\"><div class=\"fusion-image-wrapper hover-type-none\"><img decoding=\"async\" width=\"900\" height=\"600\" src=\"https:\/\/agbw.org\/wp-content\/uploads\/2023\/11\/3.jpg\" class=\"attachment-full size-full\" alt=\"\" srcset=\"https:\/\/agbw.org\/wp-content\/uploads\/2023\/11\/3-200x133.jpg 200w, https:\/\/agbw.org\/wp-content\/uploads\/2023\/11\/3-400x267.jpg 400w, https:\/\/agbw.org\/wp-content\/uploads\/2023\/11\/3-600x400.jpg 600w, https:\/\/agbw.org\/wp-content\/uploads\/2023\/11\/3-800x533.jpg 800w, https:\/\/agbw.org\/wp-content\/uploads\/2023\/11\/3.jpg 900w\" sizes=\"(min-width: 2200px) 100vw, (min-width: 712px) 594px, (min-width: 640px) 712px, \" \/><\/div><\/div><\/div><div class=\"swiper-slide\"><div class=\"fusion-carousel-item-wrapper\"><div class=\"fusion-image-wrapper hover-type-none\"><img decoding=\"async\" width=\"900\" height=\"600\" src=\"https:\/\/agbw.org\/wp-content\/uploads\/2023\/11\/4.jpg\" class=\"attachment-full size-full\" alt=\"\" srcset=\"https:\/\/agbw.org\/wp-content\/uploads\/2023\/11\/4-200x133.jpg 200w, https:\/\/agbw.org\/wp-content\/uploads\/2023\/11\/4-400x267.jpg 400w, https:\/\/agbw.org\/wp-content\/uploads\/2023\/11\/4-600x400.jpg 600w, https:\/\/agbw.org\/wp-content\/uploads\/2023\/11\/4-800x533.jpg 800w, https:\/\/agbw.org\/wp-content\/uploads\/2023\/11\/4.jpg 900w\" sizes=\"(min-width: 2200px) 100vw, (min-width: 712px) 594px, (min-width: 640px) 712px, \" \/><\/div><\/div><\/div><div class=\"swiper-slide\"><div class=\"fusion-carousel-item-wrapper\"><div class=\"fusion-image-wrapper hover-type-none\"><img decoding=\"async\" width=\"900\" height=\"600\" src=\"https:\/\/agbw.org\/wp-content\/uploads\/2023\/11\/6.jpg\" class=\"attachment-full size-full\" alt=\"\" srcset=\"https:\/\/agbw.org\/wp-content\/uploads\/2023\/11\/6-200x133.jpg 200w, https:\/\/agbw.org\/wp-content\/uploads\/2023\/11\/6-400x267.jpg 400w, https:\/\/agbw.org\/wp-content\/uploads\/2023\/11\/6-600x400.jpg 600w, https:\/\/agbw.org\/wp-content\/uploads\/2023\/11\/6-800x533.jpg 800w, https:\/\/agbw.org\/wp-content\/uploads\/2023\/11\/6.jpg 900w\" sizes=\"(min-width: 2200px) 100vw, (min-width: 712px) 594px, (min-width: 640px) 712px, \" \/><\/div><\/div><\/div><\/div><div class=\"awb-swiper-button awb-swiper-button-prev\"><i class=\"awb-icon-angle-left\" aria-hidden=\"true\"><\/i><\/div><div class=\"awb-swiper-button awb-swiper-button-next\"><i class=\"awb-icon-angle-right\" aria-hidden=\"true\"><\/i><\/div><\/div><\/div><div class=\"fusion-text fusion-text-2\"><p>Pfr. Garegin Hambardzumyan ging auch auf die aktuellen Herausforderungen ein, welche diese Kulturdenkm\u00e4ler derzeit bedrohen.<br \/>\nDurch die Eskalation des Konflikts wurden viele Denkm\u00e4ler besch\u00e4digt oder drohen weiterer Zerst\u00f6rung, was nicht nur der Verlust der armenischen Bev\u00f6lkerung ist, sondern der der gesamten Weltgemeinschaft.<\/p>\n<p>Es ist wichtig, dass die Welt \u00fcber diese Bedrohungen Bescheid wei\u00df und sich f\u00fcr den Schutz dieses kulturellen Erbes einsetzt. Die Diashow bot nicht nur die M\u00f6glichkeit, sich \u00fcber die unsichere Lage in Berg-Karabach zu informieren, sondern auch aktiv an der Unterst\u00fctzung der armenischen Bev\u00f6lkerung und des kulturellen Erbes mitzuwirken.<\/p>\n<\/div><div class=\"fusion-image-carousel fusion-image-carousel-auto fusion-image-carousel-2 fusion-carousel-border\"><div class=\"awb-carousel awb-swiper awb-swiper-carousel awb-carousel--carousel awb-swiper-dots-position-bottom\" data-layout=\"carousel\" data-autoplay=\"no\" data-autoplayspeed=\"2500\" data-autoplaypause=\"no\" data-loop=\"yes\" data-columns=\"2\" data-columnsmedium=\"1\" data-columnssmall=\"1\" data-itemmargin=\"13\" data-itemwidth=\"180\" data-touchscroll=\"no\" data-freemode=\"no\" data-imagesize=\"auto\" data-scrollitems=\"0\" data-centeredslides=\"no\" data-rotationangle=\"50\" data-depth=\"100\" data-speed=\"500\" data-shadow=\"no\" data-pagination=\"bullets\" style=\"--awb-columns:2;--awb-border-width:1px;--awb-border-color:#e9eaee;\"><div class=\"swiper-wrapper awb-image-carousel-wrapper fusion-flex-align-items-center\"><div class=\"swiper-slide\"><div class=\"fusion-carousel-item-wrapper\"><div class=\"fusion-image-wrapper hover-type-none\"><img decoding=\"async\" width=\"900\" height=\"600\" src=\"https:\/\/agbw.org\/wp-content\/uploads\/2023\/11\/5.jpg\" class=\"attachment-full size-full\" alt=\"\" srcset=\"https:\/\/agbw.org\/wp-content\/uploads\/2023\/11\/5-200x133.jpg 200w, https:\/\/agbw.org\/wp-content\/uploads\/2023\/11\/5-400x267.jpg 400w, https:\/\/agbw.org\/wp-content\/uploads\/2023\/11\/5-600x400.jpg 600w, https:\/\/agbw.org\/wp-content\/uploads\/2023\/11\/5-800x533.jpg 800w, https:\/\/agbw.org\/wp-content\/uploads\/2023\/11\/5.jpg 900w\" sizes=\"(min-width: 2200px) 100vw, (min-width: 712px) 594px, (min-width: 640px) 712px, \" \/><\/div><\/div><\/div><div class=\"swiper-slide\"><div class=\"fusion-carousel-item-wrapper\"><div class=\"fusion-image-wrapper hover-type-none\"><img decoding=\"async\" width=\"900\" height=\"600\" src=\"https:\/\/agbw.org\/wp-content\/uploads\/2023\/11\/7.jpg\" class=\"attachment-full size-full\" alt=\"\" srcset=\"https:\/\/agbw.org\/wp-content\/uploads\/2023\/11\/7-200x133.jpg 200w, https:\/\/agbw.org\/wp-content\/uploads\/2023\/11\/7-400x267.jpg 400w, https:\/\/agbw.org\/wp-content\/uploads\/2023\/11\/7-600x400.jpg 600w, https:\/\/agbw.org\/wp-content\/uploads\/2023\/11\/7-800x533.jpg 800w, https:\/\/agbw.org\/wp-content\/uploads\/2023\/11\/7.jpg 900w\" sizes=\"(min-width: 2200px) 100vw, (min-width: 712px) 594px, (min-width: 640px) 712px, \" \/><\/div><\/div><\/div><div class=\"swiper-slide\"><div class=\"fusion-carousel-item-wrapper\"><div class=\"fusion-image-wrapper hover-type-none\"><img decoding=\"async\" width=\"900\" height=\"600\" src=\"https:\/\/agbw.org\/wp-content\/uploads\/2023\/11\/8.jpg\" class=\"attachment-full size-full\" alt=\"\" srcset=\"https:\/\/agbw.org\/wp-content\/uploads\/2023\/11\/8-200x133.jpg 200w, https:\/\/agbw.org\/wp-content\/uploads\/2023\/11\/8-400x267.jpg 400w, https:\/\/agbw.org\/wp-content\/uploads\/2023\/11\/8-600x400.jpg 600w, https:\/\/agbw.org\/wp-content\/uploads\/2023\/11\/8-800x533.jpg 800w, https:\/\/agbw.org\/wp-content\/uploads\/2023\/11\/8.jpg 900w\" sizes=\"(min-width: 2200px) 100vw, (min-width: 712px) 594px, (min-width: 640px) 712px, \" \/><\/div><\/div><\/div><\/div><div class=\"awb-swiper-button awb-swiper-button-prev\"><i class=\"awb-icon-angle-left\" aria-hidden=\"true\"><\/i><\/div><div class=\"awb-swiper-button awb-swiper-button-next\"><i class=\"awb-icon-angle-right\" aria-hidden=\"true\"><\/i><\/div><\/div><\/div><div class=\"fusion-text fusion-text-3\"><p>Daher gilt es den Schutz des armenischen Kulturerbes zu initiieren und dazu beizutragen, dass ein weltweit einzigartiges Kulturerbe f\u00fcr k\u00fcnftige Generationen erhalten bleibt.<\/p>\n<\/div><\/div><\/div><\/div><\/div>","protected":false},"excerpt":{"rendered":"","protected":false},"author":8,"featured_media":17407,"comment_status":"closed","ping_status":"closed","sticky":false,"template":"","format":"standard","meta":{"footnotes":""},"categories":[72,58,64],"tags":[],"class_list":["post-17398","post","type-post","status-publish","format-standard","has-post-thumbnail","hentry","category-abt3","category-allgemein","category-gemeinde"],"_links":{"self":[{"href":"https:\/\/agbw.org\/am\/wp-json\/wp\/v2\/posts\/17398","targetHints":{"allow":["GET"]}}],"collection":[{"href":"https:\/\/agbw.org\/am\/wp-json\/wp\/v2\/posts"}],"about":[{"href":"https:\/\/agbw.org\/am\/wp-json\/wp\/v2\/types\/post"}],"author":[{"embeddable":true,"href":"https:\/\/agbw.org\/am\/wp-json\/wp\/v2\/users\/8"}],"replies":[{"embeddable":true,"href":"https:\/\/agbw.org\/am\/wp-json\/wp\/v2\/comments?post=17398"}],"version-history":[{"count":0,"href":"https:\/\/agbw.org\/am\/wp-json\/wp\/v2\/posts\/17398\/revisions"}],"wp:featuredmedia":[{"embeddable":true,"href":"https:\/\/agbw.org\/am\/wp-json\/wp\/v2\/media\/17407"}],"wp:attachment":[{"href":"https:\/\/agbw.org\/am\/wp-json\/wp\/v2\/media?parent=17398"}],"wp:term":[{"taxonomy":"category","embeddable":true,"href":"https:\/\/agbw.org\/am\/wp-json\/wp\/v2\/categories?post=17398"},{"taxonomy":"post_tag","embeddable":true,"href":"https:\/\/agbw.org\/am\/wp-json\/wp\/v2\/tags?post=17398"}],"curies":[{"name":"wp","href":"https:\/\/api.w.org\/{rel}","templated":true}]}}