{"id":17422,"date":"2023-11-09T12:03:28","date_gmt":"2023-11-09T11:03:28","guid":{"rendered":"https:\/\/agbw.org\/?p=17422"},"modified":"2023-11-09T12:03:32","modified_gmt":"2023-11-09T11:03:32","slug":"literarisch-musikalische-matinee","status":"publish","type":"post","link":"https:\/\/agbw.org\/am\/2023\/literarisch-musikalische-matinee\/","title":{"rendered":"Literarisch-Musikalische Matinee"},"content":{"rendered":"<div class=\"fusion-fullwidth fullwidth-box fusion-builder-row-1 fusion-flex-container has-pattern-background has-mask-background nonhundred-percent-fullwidth non-hundred-percent-height-scrolling\" style=\"--awb-border-radius-top-left:0px;--awb-border-radius-top-right:0px;--awb-border-radius-bottom-right:0px;--awb-border-radius-bottom-left:0px;--awb-flex-wrap:wrap;\" ><div class=\"fusion-builder-row fusion-row fusion-flex-align-items-flex-start fusion-flex-content-wrap\" style=\"max-width:1248px;margin-left: calc(-4% \/ 2 );margin-right: calc(-4% \/ 2 );\"><div class=\"fusion-layout-column fusion_builder_column fusion-builder-column-0 fusion_builder_column_1_1 1_1 fusion-flex-column\" style=\"--awb-bg-size:cover;--awb-width-large:100%;--awb-margin-top-large:0px;--awb-spacing-right-large:1.92%;--awb-margin-bottom-large:20px;--awb-spacing-left-large:1.92%;--awb-width-medium:100%;--awb-order-medium:0;--awb-spacing-right-medium:1.92%;--awb-spacing-left-medium:1.92%;--awb-width-small:100%;--awb-order-small:0;--awb-spacing-right-small:1.92%;--awb-spacing-left-small:1.92%;\"><div class=\"fusion-column-wrapper fusion-column-has-shadow fusion-flex-justify-content-flex-start fusion-content-layout-column\"><div class=\"fusion-title title fusion-title-1 fusion-sep-none fusion-title-text fusion-title-size-one\" style=\"--awb-margin-top-small:10px;--awb-margin-right-small:0px;--awb-margin-bottom-small:10px;--awb-margin-left-small:0px;\"><h1 class=\"fusion-title-heading title-heading-left fusion-responsive-typography-calculated\" style=\"margin:0;--fontSize:35;line-height:1.2;\">Literarisch-Musikalische Matinee<\/h1><\/div><div class=\"fusion-title title fusion-title-2 fusion-sep-none fusion-title-text fusion-title-size-two\" style=\"--awb-margin-top-small:10px;--awb-margin-right-small:0px;--awb-margin-bottom-small:10px;--awb-margin-left-small:0px;\"><h2 class=\"fusion-title-heading title-heading-left fusion-responsive-typography-calculated\" style=\"margin:0;--fontSize:28;line-height:1.2;\">Kunstausstellung<\/h2><\/div><div class=\"fusion-text fusion-text-1\"><p>Der 28. Oktober begann mit einem bezaubernden Vormittag voller Kunst und Musik. Die renommierten K\u00fcnstler Gayane und Anush Mikayelyan waren aus Armenien angereist, um ihre Werke zu pr\u00e4sentieren und \u00fcber ihre Kunst zu sprechen. Sie gaben den Besuchern auch einen Einblick in die faszinierende Geschichte der armenischen Kunst.<\/p>\n<\/div><div class=\"fusion-image-carousel fusion-image-carousel-auto fusion-image-carousel-1 fusion-carousel-border\"><div class=\"awb-carousel awb-swiper awb-swiper-carousel awb-carousel--carousel awb-swiper-dots-position-bottom\" data-layout=\"carousel\" data-autoplay=\"no\" data-autoplayspeed=\"2500\" data-autoplaypause=\"no\" data-loop=\"yes\" data-columns=\"2\" data-columnsmedium=\"1\" data-columnssmall=\"1\" data-itemmargin=\"13\" data-itemwidth=\"180\" data-touchscroll=\"no\" data-freemode=\"no\" data-imagesize=\"auto\" data-scrollitems=\"0\" data-centeredslides=\"no\" data-rotationangle=\"50\" data-depth=\"100\" data-speed=\"500\" data-shadow=\"no\" data-pagination=\"bullets\" style=\"--awb-columns:2;--awb-border-width:1px;--awb-border-color:#e9eaee;\"><div class=\"swiper-wrapper awb-image-carousel-wrapper fusion-flex-align-items-center\"><div class=\"swiper-slide\"><div class=\"fusion-carousel-item-wrapper\"><div class=\"fusion-image-wrapper hover-type-none\"><img decoding=\"async\" width=\"900\" height=\"600\" src=\"https:\/\/agbw.org\/wp-content\/uploads\/2023\/11\/10-1.jpg\" class=\"attachment-full size-full\" alt=\"\" srcset=\"https:\/\/agbw.org\/wp-content\/uploads\/2023\/11\/10-1-200x133.jpg 200w, https:\/\/agbw.org\/wp-content\/uploads\/2023\/11\/10-1-400x267.jpg 400w, https:\/\/agbw.org\/wp-content\/uploads\/2023\/11\/10-1-600x400.jpg 600w, https:\/\/agbw.org\/wp-content\/uploads\/2023\/11\/10-1-800x533.jpg 800w, https:\/\/agbw.org\/wp-content\/uploads\/2023\/11\/10-1.jpg 900w\" sizes=\"(min-width: 2200px) 100vw, (min-width: 712px) 594px, (min-width: 640px) 712px, \" \/><\/div><\/div><\/div><div class=\"swiper-slide\"><div class=\"fusion-carousel-item-wrapper\"><div class=\"fusion-image-wrapper hover-type-none\"><img decoding=\"async\" width=\"900\" height=\"600\" src=\"https:\/\/agbw.org\/wp-content\/uploads\/2023\/11\/12-1.jpg\" class=\"attachment-full size-full\" alt=\"\" srcset=\"https:\/\/agbw.org\/wp-content\/uploads\/2023\/11\/12-1-200x133.jpg 200w, https:\/\/agbw.org\/wp-content\/uploads\/2023\/11\/12-1-400x267.jpg 400w, https:\/\/agbw.org\/wp-content\/uploads\/2023\/11\/12-1-600x400.jpg 600w, https:\/\/agbw.org\/wp-content\/uploads\/2023\/11\/12-1-800x533.jpg 800w, https:\/\/agbw.org\/wp-content\/uploads\/2023\/11\/12-1.jpg 900w\" sizes=\"(min-width: 2200px) 100vw, (min-width: 712px) 594px, (min-width: 640px) 712px, \" \/><\/div><\/div><\/div><\/div><div class=\"awb-swiper-button awb-swiper-button-prev\"><i class=\"awb-icon-angle-left\" aria-hidden=\"true\"><\/i><\/div><div class=\"awb-swiper-button awb-swiper-button-next\"><i class=\"awb-icon-angle-right\" aria-hidden=\"true\"><\/i><\/div><\/div><\/div><div class=\"fusion-text fusion-text-2\"><p>Die Atmosph\u00e4re w\u00e4hrend der Veranstaltung war unglaublich k\u00fcnstlerisch und energiegeladen. Armenische K\u00fcnstler zeigten ihr Talent durch einzigartige Techniken ihres Handwerks, die von der armenischen Kultur und Natur inspiriert waren. Ihre wunderbaren Werke wurden im Rahmen der Armenischen Kulturtage ausgestellt und beeindruckten die Besucher zutiefst.<br \/>\n.<\/p>\n<\/div><div class=\"fusion-image-carousel fusion-image-carousel-auto fusion-image-carousel-2 fusion-carousel-border\"><div class=\"awb-carousel awb-swiper awb-swiper-carousel awb-carousel--carousel awb-swiper-dots-position-bottom\" data-layout=\"carousel\" data-autoplay=\"no\" data-autoplayspeed=\"2500\" data-autoplaypause=\"no\" data-loop=\"yes\" data-columns=\"2\" data-columnsmedium=\"1\" data-columnssmall=\"1\" data-itemmargin=\"13\" data-itemwidth=\"180\" data-touchscroll=\"no\" data-freemode=\"no\" data-imagesize=\"auto\" data-scrollitems=\"0\" data-centeredslides=\"no\" data-rotationangle=\"50\" data-depth=\"100\" data-speed=\"500\" data-shadow=\"no\" data-pagination=\"bullets\" style=\"--awb-columns:2;--awb-border-width:1px;--awb-border-color:#e9eaee;\"><div class=\"swiper-wrapper awb-image-carousel-wrapper fusion-flex-align-items-center\"><div class=\"swiper-slide\"><div class=\"fusion-carousel-item-wrapper\"><div class=\"fusion-image-wrapper hover-type-none\"><img decoding=\"async\" width=\"900\" height=\"600\" src=\"https:\/\/agbw.org\/wp-content\/uploads\/2023\/11\/11.jpg\" class=\"attachment-full size-full\" alt=\"\" srcset=\"https:\/\/agbw.org\/wp-content\/uploads\/2023\/11\/11-200x133.jpg 200w, https:\/\/agbw.org\/wp-content\/uploads\/2023\/11\/11-400x267.jpg 400w, https:\/\/agbw.org\/wp-content\/uploads\/2023\/11\/11-600x400.jpg 600w, https:\/\/agbw.org\/wp-content\/uploads\/2023\/11\/11-800x533.jpg 800w, https:\/\/agbw.org\/wp-content\/uploads\/2023\/11\/11.jpg 900w\" sizes=\"(min-width: 2200px) 100vw, (min-width: 712px) 594px, (min-width: 640px) 712px, \" \/><\/div><\/div><\/div><div class=\"swiper-slide\"><div class=\"fusion-carousel-item-wrapper\"><div class=\"fusion-image-wrapper hover-type-none\"><img decoding=\"async\" width=\"900\" height=\"600\" src=\"https:\/\/agbw.org\/wp-content\/uploads\/2023\/11\/13.jpg\" class=\"attachment-full size-full\" alt=\"\" srcset=\"https:\/\/agbw.org\/wp-content\/uploads\/2023\/11\/13-200x133.jpg 200w, https:\/\/agbw.org\/wp-content\/uploads\/2023\/11\/13-400x267.jpg 400w, https:\/\/agbw.org\/wp-content\/uploads\/2023\/11\/13-600x400.jpg 600w, https:\/\/agbw.org\/wp-content\/uploads\/2023\/11\/13-800x533.jpg 800w, https:\/\/agbw.org\/wp-content\/uploads\/2023\/11\/13.jpg 900w\" sizes=\"(min-width: 2200px) 100vw, (min-width: 712px) 594px, (min-width: 640px) 712px, \" \/><\/div><\/div><\/div><div class=\"swiper-slide\"><div class=\"fusion-carousel-item-wrapper\"><div class=\"fusion-image-wrapper hover-type-none\"><img decoding=\"async\" width=\"900\" height=\"600\" src=\"https:\/\/agbw.org\/wp-content\/uploads\/2023\/11\/14.jpg\" class=\"attachment-full size-full\" alt=\"\" srcset=\"https:\/\/agbw.org\/wp-content\/uploads\/2023\/11\/14-200x133.jpg 200w, https:\/\/agbw.org\/wp-content\/uploads\/2023\/11\/14-400x267.jpg 400w, https:\/\/agbw.org\/wp-content\/uploads\/2023\/11\/14-600x400.jpg 600w, https:\/\/agbw.org\/wp-content\/uploads\/2023\/11\/14-800x533.jpg 800w, https:\/\/agbw.org\/wp-content\/uploads\/2023\/11\/14.jpg 900w\" sizes=\"(min-width: 2200px) 100vw, (min-width: 712px) 594px, (min-width: 640px) 712px, \" \/><\/div><\/div><\/div><\/div><div class=\"awb-swiper-button awb-swiper-button-prev\"><i class=\"awb-icon-angle-left\" aria-hidden=\"true\"><\/i><\/div><div class=\"awb-swiper-button awb-swiper-button-next\"><i class=\"awb-icon-angle-right\" aria-hidden=\"true\"><\/i><\/div><\/div><\/div><div class=\"fusion-text fusion-text-3\"><p>Im Anschluss an diese Ausstellung fand ein gro\u00dfartiges musikalisches Konzertprogramm statt. Die darbietenden Musiker waren von au\u00dferordentlicher Qualit\u00e4t und ihre Auftritte ber\u00fchrten die Seelen der G\u00e4ste. Die Kl\u00e4nge der traditionellen armenischen Musik erf\u00fcllten den Raum und schufen eine magische Atmosph\u00e4re, die unvergesslich\u00a0war.<\/p>\n<\/div><\/div><\/div><\/div><\/div>","protected":false},"excerpt":{"rendered":"","protected":false},"author":8,"featured_media":17431,"comment_status":"closed","ping_status":"closed","sticky":false,"template":"","format":"standard","meta":{"footnotes":""},"categories":[72,58,64],"tags":[],"class_list":["post-17422","post","type-post","status-publish","format-standard","has-post-thumbnail","hentry","category-abt3","category-allgemein","category-gemeinde"],"_links":{"self":[{"href":"https:\/\/agbw.org\/am\/wp-json\/wp\/v2\/posts\/17422","targetHints":{"allow":["GET"]}}],"collection":[{"href":"https:\/\/agbw.org\/am\/wp-json\/wp\/v2\/posts"}],"about":[{"href":"https:\/\/agbw.org\/am\/wp-json\/wp\/v2\/types\/post"}],"author":[{"embeddable":true,"href":"https:\/\/agbw.org\/am\/wp-json\/wp\/v2\/users\/8"}],"replies":[{"embeddable":true,"href":"https:\/\/agbw.org\/am\/wp-json\/wp\/v2\/comments?post=17422"}],"version-history":[{"count":0,"href":"https:\/\/agbw.org\/am\/wp-json\/wp\/v2\/posts\/17422\/revisions"}],"wp:featuredmedia":[{"embeddable":true,"href":"https:\/\/agbw.org\/am\/wp-json\/wp\/v2\/media\/17431"}],"wp:attachment":[{"href":"https:\/\/agbw.org\/am\/wp-json\/wp\/v2\/media?parent=17422"}],"wp:term":[{"taxonomy":"category","embeddable":true,"href":"https:\/\/agbw.org\/am\/wp-json\/wp\/v2\/categories?post=17422"},{"taxonomy":"post_tag","embeddable":true,"href":"https:\/\/agbw.org\/am\/wp-json\/wp\/v2\/tags?post=17422"}],"curies":[{"name":"wp","href":"https:\/\/api.w.org\/{rel}","templated":true}]}}