{"id":17997,"date":"2023-12-09T14:22:24","date_gmt":"2023-12-09T13:22:24","guid":{"rendered":"https:\/\/agbw.org\/?p=17997"},"modified":"2023-12-17T05:46:08","modified_gmt":"2023-12-17T04:46:08","slug":"gedenktag-die-heilige-anna","status":"publish","type":"post","link":"https:\/\/agbw.org\/am\/2023\/gedenktag-die-heilige-anna\/","title":{"rendered":"Gedenktag: Die Heilige Anna"},"content":{"rendered":"<div class=\"fusion-fullwidth fullwidth-box fusion-builder-row-1 fusion-flex-container has-pattern-background has-mask-background nonhundred-percent-fullwidth non-hundred-percent-height-scrolling\" style=\"--awb-border-radius-top-left:0px;--awb-border-radius-top-right:0px;--awb-border-radius-bottom-right:0px;--awb-border-radius-bottom-left:0px;--awb-flex-wrap:wrap;\" ><div class=\"fusion-builder-row fusion-row fusion-flex-align-items-flex-start fusion-flex-content-wrap\" style=\"max-width:1248px;margin-left: calc(-4% \/ 2 );margin-right: calc(-4% \/ 2 );\"><div class=\"fusion-layout-column fusion_builder_column fusion-builder-column-0 fusion_builder_column_1_1 1_1 fusion-flex-column\" style=\"--awb-bg-size:cover;--awb-width-large:100%;--awb-margin-top-large:0px;--awb-spacing-right-large:1.92%;--awb-margin-bottom-large:20px;--awb-spacing-left-large:1.92%;--awb-width-medium:100%;--awb-order-medium:0;--awb-spacing-right-medium:1.92%;--awb-spacing-left-medium:1.92%;--awb-width-small:100%;--awb-order-small:0;--awb-spacing-right-small:1.92%;--awb-spacing-left-small:1.92%;\"><div class=\"fusion-column-wrapper fusion-column-has-shadow fusion-flex-justify-content-flex-start fusion-content-layout-column\"><div class=\"fusion-title title fusion-title-1 fusion-sep-none fusion-title-text fusion-title-size-one\" style=\"--awb-margin-top-small:10px;--awb-margin-right-small:0px;--awb-margin-bottom-small:10px;--awb-margin-left-small:0px;\"><h1 class=\"fusion-title-heading title-heading-left fusion-responsive-typography-calculated\" style=\"margin:0;--fontSize:35;line-height:1.2;\"><p class=\"cvGsUA direction-ltr align-start para-style-body\"><span class=\"OYPEnA text-decoration-none text-strikethrough-none\">Gedenktag: <\/span><span class=\"OYPEnA text-decoration-none text-strikethrough-none\">Empf\u00e4ngnis der Hl. Jungfrau<\/span><\/p><\/h1><\/div><div class=\"fusion-title title fusion-title-2 fusion-sep-none fusion-title-text fusion-title-size-two\" style=\"--awb-margin-top-small:10px;--awb-margin-right-small:0px;--awb-margin-bottom-small:10px;--awb-margin-left-small:0px;\"><h2 class=\"fusion-title-heading title-heading-left fusion-responsive-typography-calculated\" style=\"margin:0;--fontSize:28;line-height:1.2;\"><div class=\"fusion-title title fusion-title-2 fusion-sep-none fusion-title-text fusion-title-size-two\">\n<p class=\"cvGsUA direction-ltr align-start para-style-body\">Empf\u00e4ngnis der Hl. Jungfrau Maria von Hl. Anna<\/p>\n<\/div><\/h2><\/div><div class=\"fusion-text fusion-text-1\"><p><strong>Das Fest der Empf\u00e4ngnis der Jungfrau Maria durch ihre Mutter Anna<\/strong>\u00a0wird traditionell am <strong>9. Dezember<\/strong> in der armenischen Kirche gefeiert.<\/p>\n<p>Wie Gott selbst durch eine Allheilige und Allreine Mutter Mensch werden sollte, so sollte auch sie selbst von heiligen und reinen Eltern geboren werden. Die heiligen Joachim und Anna waren lange kinderlos, doch Gott zeigte bei der Geburt der Jungfrau Maria die Kraft Seiner Gnade und die Gr\u00f6\u00dfe der Tochter sowie die Ehre ihrer Eltern.<\/p>\n<p>Joachim brachte Gaben f\u00fcr Gott in den Tempel von Jerusalem, aber der Priester Issichar wies sie ab, da Joachim kinderlos geblieben war. Traurig verlie\u00df er den Tempel, und der einst freudige Festtag verwandelte sich in Kummer.<\/p>\n<p>Auch Anna erfuhr von der Zur\u00fcckweisung und brach in Tr\u00e4nen aus. Unter einem Lorbeerbaum im Garten seufzte sie zum Himmel. Ein Engel erschien ihr und verk\u00fcndete, dass sie eine Tochter, Maria, geb\u00e4ren werde, gesegnet und gr\u00f6\u00dfer als alle, eine Quelle des Heils f\u00fcr die ganze Welt.<\/p>\n<p>Gleichzeitig erschien der Engel Joachim in der W\u00fcste und verk\u00fcndete die frohe Botschaft. Joachim eilte nach Jerusalem, traf Anna bei der Goldenen Pforte des Tempels, und sie teilten die wunderbaren Nachrichten.<\/p>\n<p>Nach neun Monaten wurde Maria geboren, die reinste und gesegnetste, h\u00f6her als alle Gesch\u00f6pfe, der Anfang unseres Heils. \u00dcber ihre Geburt freuten sich Himmel und Erde. Joachim opferte Gott Gaben und erhielt den Segen des Hohenpriesters. Ein gro\u00dfes Festmahl wurde gefeiert, alle priesen Gott.<\/p>\n<p>Nach einigen Jahren verstarb Joachim im Alter von achtzig Jahren. Die verwitwete Anna zog nach Jerusalem und verbrachte viel Zeit im Tempel. Nach zwei Jahren kehrte auch sie, im Alter von 79 Jahren, zu Gott heim.<\/p>\n<p>Die heilige Kirche nennt Joachim und Anna zu Recht Gottesahnen, da durch ihre Tochter Maria Gott selbst geboren wurde. Die liturgischen Gew\u00e4nder tragen die Farbe Blau.<\/p>\n<\/div><\/div><\/div><\/div><\/div>","protected":false},"excerpt":{"rendered":"","protected":false},"author":8,"featured_media":18001,"comment_status":"closed","ping_status":"closed","sticky":false,"template":"","format":"standard","meta":{"footnotes":""},"categories":[65],"tags":[],"class_list":["post-17997","post","type-post","status-publish","format-standard","has-post-thumbnail","hentry","category-glaubensfragen"],"_links":{"self":[{"href":"https:\/\/agbw.org\/am\/wp-json\/wp\/v2\/posts\/17997","targetHints":{"allow":["GET"]}}],"collection":[{"href":"https:\/\/agbw.org\/am\/wp-json\/wp\/v2\/posts"}],"about":[{"href":"https:\/\/agbw.org\/am\/wp-json\/wp\/v2\/types\/post"}],"author":[{"embeddable":true,"href":"https:\/\/agbw.org\/am\/wp-json\/wp\/v2\/users\/8"}],"replies":[{"embeddable":true,"href":"https:\/\/agbw.org\/am\/wp-json\/wp\/v2\/comments?post=17997"}],"version-history":[{"count":0,"href":"https:\/\/agbw.org\/am\/wp-json\/wp\/v2\/posts\/17997\/revisions"}],"wp:featuredmedia":[{"embeddable":true,"href":"https:\/\/agbw.org\/am\/wp-json\/wp\/v2\/media\/18001"}],"wp:attachment":[{"href":"https:\/\/agbw.org\/am\/wp-json\/wp\/v2\/media?parent=17997"}],"wp:term":[{"taxonomy":"category","embeddable":true,"href":"https:\/\/agbw.org\/am\/wp-json\/wp\/v2\/categories?post=17997"},{"taxonomy":"post_tag","embeddable":true,"href":"https:\/\/agbw.org\/am\/wp-json\/wp\/v2\/tags?post=17997"}],"curies":[{"name":"wp","href":"https:\/\/api.w.org\/{rel}","templated":true}]}}