{"id":18177,"date":"2024-01-07T08:59:23","date_gmt":"2024-01-07T07:59:23","guid":{"rendered":"https:\/\/agbw.org\/?p=18177"},"modified":"2024-01-08T09:15:39","modified_gmt":"2024-01-08T08:15:39","slug":"weihnachtspredigt-2024","status":"publish","type":"post","link":"https:\/\/agbw.org\/am\/2024\/weihnachtspredigt-2024\/","title":{"rendered":"Weihnachtspredigt 2024"},"content":{"rendered":"<p><div class=\"fusion-fullwidth fullwidth-box fusion-builder-row-1 fusion-flex-container has-pattern-background has-mask-background nonhundred-percent-fullwidth non-hundred-percent-height-scrolling\" style=\"--awb-border-radius-top-left:0px;--awb-border-radius-top-right:0px;--awb-border-radius-bottom-right:0px;--awb-border-radius-bottom-left:0px;--awb-flex-wrap:wrap;\" ><div class=\"fusion-builder-row fusion-row fusion-flex-align-items-flex-start fusion-flex-content-wrap\" style=\"max-width:1248px;margin-left: calc(-4% \/ 2 );margin-right: calc(-4% \/ 2 );\"><div class=\"fusion-layout-column fusion_builder_column fusion-builder-column-0 fusion_builder_column_1_1 1_1 fusion-flex-column\" style=\"--awb-bg-size:cover;--awb-width-large:100%;--awb-margin-top-large:0px;--awb-spacing-right-large:1.92%;--awb-margin-bottom-large:20px;--awb-spacing-left-large:1.92%;--awb-width-medium:100%;--awb-order-medium:0;--awb-spacing-right-medium:1.92%;--awb-spacing-left-medium:1.92%;--awb-width-small:100%;--awb-order-small:0;--awb-spacing-right-small:1.92%;--awb-spacing-left-small:1.92%;\"><div class=\"fusion-column-wrapper fusion-column-has-shadow fusion-flex-justify-content-flex-start fusion-content-layout-column\"><div class=\"fusion-title title fusion-title-1 fusion-sep-none fusion-title-text fusion-title-size-one\" style=\"--awb-margin-top-small:10px;--awb-margin-right-small:0px;--awb-margin-bottom-small:10px;--awb-margin-left-small:0px;\"><h1 class=\"fusion-title-heading title-heading-left fusion-responsive-typography-calculated\" style=\"margin:0;--fontSize:35;line-height:1.2;\">Das Wort ist Fleisch geworden&#8230;<\/h1><\/div><div class=\"fusion-title title fusion-title-2 fusion-sep-none fusion-title-text fusion-title-size-two\" style=\"--awb-margin-top-small:10px;--awb-margin-right-small:0px;--awb-margin-bottom-small:10px;--awb-margin-left-small:0px;\"><h2 class=\"fusion-title-heading title-heading-left fusion-responsive-typography-calculated\" style=\"margin:0;--fontSize:28;line-height:1.2;\"><p>Weihnachtspredigt<\/p>\n<p><em>von Pfrarrer Dr. Diradur Sardaryan<\/em><br \/>\n<em>06. Januar 2024, G\u00f6ppingen<\/em><\/p><\/h2><\/div><div class=\"fusion-separator fusion-full-width-sep\" style=\"align-self: center;margin-left: auto;margin-right: auto;margin-top:15px;margin-bottom:15px;width:100%;\"><div class=\"fusion-separator-border sep-single\" style=\"--awb-height:20px;--awb-amount:20px;border-color:#ffac00;border-top-width:1px;\"><\/div><\/div><div class=\"fusion-text fusion-text-1\"><p style=\"font-weight: 400;\">Liebe Schwestern und Br\u00fcder,<br \/>\nLiebe Freunde,<\/p>\n<p>in einer sich so rasant entwickelten Welt gibt es so vieles, was uns sprachlos macht. Gutes sowie schlechtes. Situationen, in denen uns Worte fehlen. Situationen, wo wir sagen: &#8222;Ich bin schlichtweg sprachlos.&#8220; Was hat uns im vergangenen Jahr sprachlos gemacht? Ereignisse in der Welt, Ereignisse am Arbeitsplatz oder in der Gemeinde, Ereignisse im famili\u00e4ren Kreis\u2026 Nehmen Sie sich heute Abend ein bisschen Zeit und denken Sie \u00fcber diese Frage nach.<\/p>\n<p>Mich hat die Situation um unsere Landsleute in Arzach und Armenien sprachlos gemacht. Aber auch der Mut vieler Menschen, die tapfer gegen die Ungerechtigkeit k\u00e4mpfen. Sprachlos macht mich der Verlust geliebter Menschen. Sprachlos macht mich manchmal auch meine Machtlosigkeit gegen\u00fcber all dem, was kommt und was ich dankbar annehme, ob gutes oder schlechtes. Denn in solchen Momenten der Sprachlosigkeit gibt es f\u00fcr mich eine Befreiung: das rettende Wort Gottes, den ich euch predige.<\/p>\n<p>Das Wort Gottes kann mitten durch die Dunkelheit einer Not hindurch strahlen und Hoffnung schenken. So hat das Gebet des Hauptmanns von Kafarnaum an Jesus Christus (<a href=\"https:\/\/www.bibleserver.com\/EU\/Matth%C3%A4us8%2C5-13\" class=\"bibleserver extern\" target=\"_blank\" rel=\"noopener\">Mt 8, 5-13<\/a>), sich zu einem festen Bestandteil meines t\u00e4glichen Gebets entwickelt: &#8222;Sprich nur ein Wort, so wird meine Seele gesund&#8230;&#8220;. Denn ich habe durch die Erfahrung meiner Armenischen Apsotolischen Kirche, aber auch durch meine ganz pers\u00f6nliche Erfahrung mit Gott begriffen: Das entscheidende rettende Wort k\u00f6nnen wir uns nicht selbst zusprechen.<\/p>\n<p>Das Wort, welches uns Erl\u00f6sung, Hoffnung und Leben bringt, wurde uns mitgeteilt. Gott hat es ausgesprochen: &#8222;Im Anfang war das Wort und das Wort war bei Gott und das Wort war Gott&#8220; (<a href=\"https:\/\/www.bibleserver.com\/EU\/Johannes1%2C1\" class=\"bibleserver extern\" target=\"_blank\" rel=\"noopener\">Joh 1, 1<\/a>). Gott w\u00e4hlt seine Worte bedacht. Es erinnert an den Morgen der Sch\u00f6pfung, als Gott sprach und es geschah. Nur wird das Wort Gottes als Mensch geboren! Damit ist alles gesagt, denn: &#8222;In ihm war Leben und das Leben war das Licht der Menschen. Und das Licht leuchtet in der Finsternis&#8220; (<a href=\"https:\/\/www.bibleserver.com\/EU\/Johannes1%2C4\" class=\"bibleserver extern\" target=\"_blank\" rel=\"noopener\">Joh 1, 4<\/a>).<\/p>\n<p style=\"font-weight: 400;\">Wenn wir intensiv dar\u00fcber nachdenken, betend nachdenken, so wird uns bewusst, dass Licht Leben bedeutet. Gottes Wort ist Licht und Leben. Und dieses Wort Gottes h\u00f6ren wir nicht mehr vom oben nach unten. Nein. In Jesus Christus spricht Gott zu uns auf Augenh\u00f6he, von Mensch zu Mensch, von Du zu Du.<\/p>\n<p style=\"font-weight: 400;\">&#8222;Und das Wort ist Fleisch geworden und hat unter uns gewohnt&#8220; (<a href=\"https:\/\/www.bibleserver.com\/EU\/Johannes1%2C14\" class=\"bibleserver extern\" target=\"_blank\" rel=\"noopener\">Joh 1,14<\/a>). Das bedeutet, er ist ein Mensch wie wir. Er ist einer von uns geworden. Er ist nicht in eine Traumwelt, nicht in eine virtuelle Welt eingetreten. Der Sohn Gottes kommt in unsere Welt, so wie sie ist. Aber er kommt, um sie zu \u00e4ndern. Er kommt, um unsere Not zu wenden. Er kommt, um die Tr\u00e4nen zu trocknen, die Wunden zu heilen und uns das Heil zu schenken.<\/p>\n<p style=\"font-weight: 400;\">Manch einer wird fragen: Kann er das wirklich? Hat er nicht vermeintlich einen gro\u00dfen Fehler begangen, indem er als ein kleines, schwaches Kind erscheint, das selbst der Hilfe bedarf? K\u00f6nnen wir unsere Wunden heilen, wenn wir unser Vertrauen auf ihn setzen? Nach dem unsere Landsleute aus Arzach aus ihren H\u00e4usern vertrieben wurden, sprach ich in meiner Predigt dar\u00fcber, dass wir unsere Hoffnung auf Gott setzen sollten, damit Er uns Kraft schenkt, gegen diese Ungerechtigkeit zu k\u00e4mpfen. Einer unserer Gemeindemitglieder reagierte mit einem Kommentar und sagte einfach: \u201eBl\u00f6dsinn\u201c.<\/p>\n<p style=\"font-weight: 400;\">Anscheinend sprach er das aus, was viele denken. N\u00e4mlich, dass, um die Welt zu ver\u00e4ndern, sei weltliche Macht notwendig, denn nur so k\u00f6nnte man zuzupacken, Ordnung schaffen. Will man erforderlich sein, soll man bereit sein, sogar Gewalt anzuwenden.<\/p>\n<p style=\"font-weight: 400;\">Doch ist es tats\u00e4chlich so? Haben die M\u00e4chtigen dieser Welt tats\u00e4chlich jemals erfolgreich die Not der Welt durch den Einsatz von Gewalt gel\u00f6st? Haben Hass und Krieg jemals die Ungerechtigkeit zu einer Gerechtigkeit umgewandelt?<\/p>\n<p style=\"font-weight: 400;\">Die Geschichte der Menschheit zeigt: wenn es auf dieser Erde irgendwo besser geworden ist, dann nur aufgrund der Liebe. \u00a0Nur deshalb, weil Menschen geliebt haben. Liebe, liebe Schwestern und Br\u00fcder, so sagte auch unser Katholikos Vazgen I. den Gr\u00fcndungsv\u00e4tern der unabh\u00e4ngigen Republik Armenien im Jahre 1991, ist der Weg, der zur Erl\u00f6sung f\u00fchrt. Dar\u00fcber predigt auch unser heutiger Katholikos, Karekin II. Denn sie wissen, die Liebe ist der Weg, den Gott an Weihnachten eingeschlagen hat. Er wendet unsere Not nicht durch Gewalt, sondern indem er sie mit Liebe \u00fcberwindet, so wie das Licht ger\u00e4uschlos, aber siegreich die Finsternis vertreibt.<\/p>\n<p style=\"font-weight: 400;\">Die gr\u00f6\u00dfte Finsternis ist machtlos gegen\u00fcber dem kleinsten Licht. Wo auch nur eine Kerze entz\u00fcndet wird, muss die Finsternis weichen. Weihnachten verk\u00fcndet uns: Gott hat mit der Geburt seines Sohnes aus der Jungfrau Maria inmitten der Dunkelheit unserer Welt ein Licht entfacht.<\/p>\n<p style=\"font-weight: 400;\">Weihnachten ruft uns zu: Christus, das Licht ist da! Es mag zwar noch Nacht sein, aber inmitten der Dunkelheit erstrahlt das Licht. Und keine Macht und keine Nacht der Welt wird jemals dieses Licht ausl\u00f6schen k\u00f6nnen.<\/p>\n<p style=\"font-weight: 400;\">Herodes scheiterte in seinem Versuch, dieses Kind loszuwerden, trotz seines entschiedenen Wunsches. Seine Bem\u00fchungen blieben erfolglos. Sp\u00e4ter versuchten es andere erneut, als sie ihn ans Kreuz nagelten. Doch selbst durch den Tod konnten sie ihn nicht ausl\u00f6schen. Solange wir als Volk und Gemeinschaft uns an diesen unl\u00f6schbaren Licht festhalten, wird auch uns keine Macht dieser Welt ausl\u00f6schen k\u00f6nnen. Denn das Licht der Weihnacht erlosch nicht einmal am Kreuz, sondern strahlte an Ostern noch heller auf! Es wird schlie\u00dflich jede Finsternis vertreiben und die Welt neu gestalten.<\/p>\n<p style=\"font-weight: 400;\">Und welche Rolle spielen wir dabei? Wir k\u00f6nnen mitwirken, indem wir gemeinsam mit ihm die Not der Welt lindern. Indem wir das w\u00e4rmende, heilende Licht seiner Liebe in uns aufnehmen und es als weihnachtliche Menschen durch unsere Herzen hindurch in die Herzen anderer strahlen lassen. Dabei werden wir die \u00fcberlegene Kraft des Lichts \u00fcber die Dunkelheit erfahren und so zu neuen, weihnachtlichen Menschen werden. Dies geschieht nicht aus eigener Kraft, sondern allein durch das, was Gott aus uns macht.<\/p>\n<p style=\"font-weight: 400;\">Und was macht er aus uns? Er macht uns zu seinen Kindern. Er spricht zu uns heute und sagt: handelt wie meine Kinder, predigt mein Wort denen, die mich noch nicht erkannt haben. Und genau wie ein Kind seinen Eltern verpflichtet ist, verdankt sich der neue, weihnachtliche Mensch allein Gott. &#8222;Allen aber, die ihn aufnehmen, gab er Macht, Kinder Gottes zu werden. Allen, die&#8230; aus Gott geboren sind&#8220; (<a href=\"https:\/\/www.bibleserver.com\/EU\/Johannes1%2C12-13\" class=\"bibleserver extern\" target=\"_blank\" rel=\"noopener\">Joh 1,12f.)<\/a>.<\/p>\n<p style=\"font-weight: 400;\">Wie werden wir aber aus Gott geboren? Genau, indem wir das Weihnachtsgeschenk Gottes annehmen: Seinen Sohn. Indem wir ihn in unser Leben aufnehmen und so zu Kindern Gottes werden! Dann wird sich alles \u00e4ndern, wirklich alles!<\/p>\n<p style=\"font-weight: 400;\">Denn auf diesem Weg entwickeln wir eine vertraute Beziehung zu Gott. Wir d\u00fcrfen Gott nicht nur unseren Vater nennen, sondern er ist es tats\u00e4chlich. Durch unsere Taufe werden wir neugeboren in Christus. Durch die Kommunion empfangen wir ein Teil des G\u00f6ttlichen. Durch ihn sind wir Schwester und Br\u00fcder, Kinder des himmlischen Vaters.<\/p>\n<p style=\"font-weight: 400;\">Diese Vertrautheit mit Gott schenkt eine tiefe Geborgenheit, die durch keine Ersch\u00fctterung zerst\u00f6rt werden kann. Aus der N\u00e4he zu Gott entspringt ein tiefer Frieden, der jegliche Unruhe und jeden Streit \u00fcberstrahlt. Durch den vertrauten Umgang mit Gott erbl\u00fcht Freude \u2013 Freude am Leben, Freude an Gott, Freude an den Menschen \u2013 eine Freude, die bleibt.<\/p>\n<p style=\"font-weight: 400;\">An Weihnachten nimmt Gottes Wort Fleisch an. Er wird Mensch und tritt in unsere Welt, um unser Herz zu erw\u00e4rmen. Genauso wie jemand an unsere Seite tritt und sagt: Du kannst auf mich z\u00e4hlen. Ich lasse dich nicht allein. Du geh\u00f6rst zu mir. Und ich geh\u00f6re zu dir. Und gerade diese Botschaft, liebe Schwestern und Br\u00fcder, nehme ich von euch an, und bringe in kommenden Tagen nach Armenien, zu den \u00c4rmsten der Armen, um denen Hoffnung in Jesus Christus zu schenken und durch eure Spenden, zu erm\u00f6glichen, dass auch sie das Weihnachtswudner ganz konkret in Taten erkennen k\u00f6nnen.<\/p>\n<p style=\"font-weight: 400;\">Gott spricht heute zu uns. Sein Wort ist Mensch geworden. Sein Wort ist das Licht. Sein Wort rettet. Sein Wort schenk Hoffnung. Sein Wort ist das Leben ist.<\/p>\n<p><strong>Christus ist geboren und erschienen,<\/strong><br \/>\n<strong>Frohe Botschaft f\u00fcr euch und f\u00fcr uns!<\/strong><\/p>\n<p>Amen.<\/p>\n<\/div><div class=\"fusion-separator fusion-full-width-sep\" style=\"align-self: center;margin-left: auto;margin-right: auto;margin-top:15px;margin-bottom:15px;width:100%;\"><div class=\"fusion-separator-border sep-single\" style=\"--awb-height:20px;--awb-amount:20px;border-color:#ffac00;border-top-width:1px;\"><\/div><\/div><\/div><\/div><\/div><\/div><div class=\"fusion-fullwidth fullwidth-box fusion-builder-row-2 fusion-flex-container has-pattern-background has-mask-background nonhundred-percent-fullwidth non-hundred-percent-height-scrolling\" style=\"--awb-border-radius-top-left:0px;--awb-border-radius-top-right:0px;--awb-border-radius-bottom-right:0px;--awb-border-radius-bottom-left:0px;--awb-flex-wrap:wrap;\" ><div class=\"fusion-builder-row fusion-row fusion-flex-align-items-flex-start fusion-flex-content-wrap\" style=\"max-width:1248px;margin-left: calc(-4% \/ 2 );margin-right: calc(-4% \/ 2 );\"><div class=\"fusion-layout-column fusion_builder_column fusion-builder-column-1 fusion_builder_column_1_2 1_2 fusion-flex-column\" style=\"--awb-bg-size:cover;--awb-width-large:50%;--awb-margin-top-large:0px;--awb-spacing-right-large:3.84%;--awb-margin-bottom-large:20px;--awb-spacing-left-large:3.84%;--awb-width-medium:100%;--awb-order-medium:0;--awb-spacing-right-medium:1.92%;--awb-spacing-left-medium:1.92%;--awb-width-small:100%;--awb-order-small:0;--awb-spacing-right-small:1.92%;--awb-spacing-left-small:1.92%;\"><div class=\"fusion-column-wrapper fusion-column-has-shadow fusion-flex-justify-content-flex-start fusion-content-layout-column\"><div class=\"fusion-image-element\" style=\"--awb-caption-title-font-family:var(--h2_typography-font-family);--awb-caption-title-font-weight:var(--h2_typography-font-weight);--awb-caption-title-font-style:var(--h2_typography-font-style);--awb-caption-title-size:var(--h2_typography-font-size);--awb-caption-title-transform:var(--h2_typography-text-transform);--awb-caption-title-line-height:var(--h2_typography-line-height);--awb-caption-title-letter-spacing:var(--h2_typography-letter-spacing);\"><span class=\"fusion-imageframe imageframe-none imageframe-1 hover-type-none\"><a class=\"fusion-no-lightbox\" href=\"https:\/\/podcasts.apple.com\/de\/podcast\/pfarrer-diradurs-podcast\" target=\"_blank\" aria-label=\"Podcast Weihnachtspredigt\" rel=\"noopener noreferrer\"><img decoding=\"async\" width=\"1400\" height=\"1400\" src=\"https:\/\/agbw.org\/wp-content\/uploads\/2024\/01\/Hellgrau-gruen-festlich-weihnachtlich-aesthetik-illustrativ-niedlich-Weihnachten-Karte-900-x-600-px-1400-x-1400-px.jpg\" alt class=\"img-responsive wp-image-18185\" srcset=\"https:\/\/agbw.org\/wp-content\/uploads\/2024\/01\/Hellgrau-gruen-festlich-weihnachtlich-aesthetik-illustrativ-niedlich-Weihnachten-Karte-900-x-600-px-1400-x-1400-px-200x200.jpg 200w, https:\/\/agbw.org\/wp-content\/uploads\/2024\/01\/Hellgrau-gruen-festlich-weihnachtlich-aesthetik-illustrativ-niedlich-Weihnachten-Karte-900-x-600-px-1400-x-1400-px-400x400.jpg 400w, https:\/\/agbw.org\/wp-content\/uploads\/2024\/01\/Hellgrau-gruen-festlich-weihnachtlich-aesthetik-illustrativ-niedlich-Weihnachten-Karte-900-x-600-px-1400-x-1400-px-600x600.jpg 600w, https:\/\/agbw.org\/wp-content\/uploads\/2024\/01\/Hellgrau-gruen-festlich-weihnachtlich-aesthetik-illustrativ-niedlich-Weihnachten-Karte-900-x-600-px-1400-x-1400-px-800x800.jpg 800w, https:\/\/agbw.org\/wp-content\/uploads\/2024\/01\/Hellgrau-gruen-festlich-weihnachtlich-aesthetik-illustrativ-niedlich-Weihnachten-Karte-900-x-600-px-1400-x-1400-px-1200x1200.jpg 1200w, https:\/\/agbw.org\/wp-content\/uploads\/2024\/01\/Hellgrau-gruen-festlich-weihnachtlich-aesthetik-illustrativ-niedlich-Weihnachten-Karte-900-x-600-px-1400-x-1400-px.jpg 1400w\" sizes=\"(max-width: 1024px) 100vw, (max-width: 640px) 100vw, 600px\" \/><\/a><\/span><\/div><\/div><\/div><div class=\"fusion-layout-column fusion_builder_column fusion-builder-column-2 fusion_builder_column_1_2 1_2 fusion-flex-column\" style=\"--awb-bg-size:cover;--awb-width-large:50%;--awb-margin-top-large:0px;--awb-spacing-right-large:3.84%;--awb-margin-bottom-large:20px;--awb-spacing-left-large:3.84%;--awb-width-medium:100%;--awb-order-medium:0;--awb-spacing-right-medium:1.92%;--awb-spacing-left-medium:1.92%;--awb-width-small:100%;--awb-order-small:0;--awb-spacing-right-small:1.92%;--awb-spacing-left-small:1.92%;\"><div class=\"fusion-column-wrapper fusion-column-has-shadow fusion-flex-justify-content-flex-start fusion-content-layout-column\"><iframe style=\"border-radius:12px\" src=\"https:\/\/open.spotify.com\/embed\/show\/0ry8nJOTjKuLqZu6AuvzuK?utm_source=generator\" width=\"100%\" height=\"352\" frameborder=\"0\" allowfullscreen=\"\" allow=\"autoplay; clipboard-write; encrypted-media; fullscreen; picture-in-picture\" loading=\"lazy\"><\/iframe><\/div><\/div><\/div><\/div><\/p>","protected":false},"excerpt":{"rendered":"","protected":false},"author":1,"featured_media":18178,"comment_status":"closed","ping_status":"closed","sticky":false,"template":"","format":"standard","meta":{"footnotes":""},"categories":[58,102],"tags":[],"class_list":["post-18177","post","type-post","status-publish","format-standard","has-post-thumbnail","hentry","category-allgemein","category-sardaryan"],"_links":{"self":[{"href":"https:\/\/agbw.org\/am\/wp-json\/wp\/v2\/posts\/18177","targetHints":{"allow":["GET"]}}],"collection":[{"href":"https:\/\/agbw.org\/am\/wp-json\/wp\/v2\/posts"}],"about":[{"href":"https:\/\/agbw.org\/am\/wp-json\/wp\/v2\/types\/post"}],"author":[{"embeddable":true,"href":"https:\/\/agbw.org\/am\/wp-json\/wp\/v2\/users\/1"}],"replies":[{"embeddable":true,"href":"https:\/\/agbw.org\/am\/wp-json\/wp\/v2\/comments?post=18177"}],"version-history":[{"count":0,"href":"https:\/\/agbw.org\/am\/wp-json\/wp\/v2\/posts\/18177\/revisions"}],"wp:featuredmedia":[{"embeddable":true,"href":"https:\/\/agbw.org\/am\/wp-json\/wp\/v2\/media\/18178"}],"wp:attachment":[{"href":"https:\/\/agbw.org\/am\/wp-json\/wp\/v2\/media?parent=18177"}],"wp:term":[{"taxonomy":"category","embeddable":true,"href":"https:\/\/agbw.org\/am\/wp-json\/wp\/v2\/categories?post=18177"},{"taxonomy":"post_tag","embeddable":true,"href":"https:\/\/agbw.org\/am\/wp-json\/wp\/v2\/tags?post=18177"}],"curies":[{"name":"wp","href":"https:\/\/api.w.org\/{rel}","templated":true}]}}