{"id":18439,"date":"2024-02-06T15:01:22","date_gmt":"2024-02-06T14:01:22","guid":{"rendered":"https:\/\/agbw.org\/?p=18439"},"modified":"2024-02-06T15:01:34","modified_gmt":"2024-02-06T14:01:34","slug":"gedenktag-der-hl-ghevond-und-seiner-komplitzen","status":"publish","type":"post","link":"https:\/\/agbw.org\/am\/2024\/gedenktag-der-hl-ghevond-und-seiner-komplitzen\/","title":{"rendered":"Gedenktag der Hl. Ghevond und seiner Komplitzen"},"content":{"rendered":"<div class=\"fusion-fullwidth fullwidth-box fusion-builder-row-1 fusion-flex-container has-pattern-background has-mask-background nonhundred-percent-fullwidth non-hundred-percent-height-scrolling\" style=\"--awb-border-radius-top-left:0px;--awb-border-radius-top-right:0px;--awb-border-radius-bottom-right:0px;--awb-border-radius-bottom-left:0px;--awb-flex-wrap:wrap;\" ><div class=\"fusion-builder-row fusion-row fusion-flex-align-items-flex-start fusion-flex-content-wrap\" style=\"max-width:1248px;margin-left: calc(-4% \/ 2 );margin-right: calc(-4% \/ 2 );\"><div class=\"fusion-layout-column fusion_builder_column fusion-builder-column-0 fusion_builder_column_1_1 1_1 fusion-flex-column\" style=\"--awb-bg-size:cover;--awb-width-large:100%;--awb-margin-top-large:0px;--awb-spacing-right-large:1.92%;--awb-margin-bottom-large:20px;--awb-spacing-left-large:1.92%;--awb-width-medium:100%;--awb-order-medium:0;--awb-spacing-right-medium:1.92%;--awb-spacing-left-medium:1.92%;--awb-width-small:100%;--awb-order-small:0;--awb-spacing-right-small:1.92%;--awb-spacing-left-small:1.92%;\"><div class=\"fusion-column-wrapper fusion-column-has-shadow fusion-flex-justify-content-flex-start fusion-content-layout-column\"><div class=\"fusion-text fusion-text-1\"><p>GEDENKTAG DER HEILIGEN PRIESTER VON GEVOND<\/p>\n<\/div><div class=\"fusion-text fusion-text-2\"><p>Der Gedenktag der Heiligen Priester Ghevontianz wird dieses Jahr am 6. Februar begangen. Diese waren M\u00e4rtyrer, die im 14. Jahrhundert in Armenien lebten.<\/p>\n<p>Die Heiligen Priester Ghevontianz werden als M\u00e4rtyrer und Zeugen des christlichen Glaubens verehrt. Ihr Gedenktag ist ein wichtiger Feiertag in der armenischen Kirche, an dem Gl\u00e4ubige ihre Hingabe zum Glauben und ihren Mut ehren. Es werden Gottesdienste abgehalten und die Gl\u00e4ubigen bitten um ihre F\u00fcrsprache und inspirieren sich an ihrem Beispiel des unersch\u00fctterlichen Glaubens, selbst in den schwierigsten Zeiten.<\/p>\n<p>Ghevontianz Priester \u2013 Krieger-M\u00e4rtyrer in der Schlacht von Awarayr. Sie gingen der armenischen Armee voran und ermutigten mit ihren feurigen Reden die armenischen Soldaten, die f\u00fcr die Kirche Christi und die armenische Identit\u00e4t gegen die persischen Truppen vorr\u00fcckten. Der \u00c4lteste unter ihnen war Ghevont Yeretz, neben ihm armenische Historiker auch die Namen Katholikos Hovsep und Bishof Sahak erw\u00e4hnen. Es war eine heldenhafte Schlacht auf dem Feld Awarayr, die die armenische Seite jedoch physisch verlor. Der persische K\u00f6nig lie\u00df die tapferen Geistlichen foltern und hinrichten.<\/p>\n<p>Allj\u00e4hrlich gedenkt die armenische Kirche am Dienstag vor dem Fest der Hl. Wardanank dieser Hl. M\u00e4rtyrer und bittet sie um ihre F\u00fcrsprache.<\/p>\n<\/div><\/div><\/div><\/div><\/div>","protected":false},"excerpt":{"rendered":"","protected":false},"author":8,"featured_media":18440,"comment_status":"closed","ping_status":"closed","sticky":false,"template":"","format":"standard","meta":{"footnotes":""},"categories":[65],"tags":[],"class_list":["post-18439","post","type-post","status-publish","format-standard","has-post-thumbnail","hentry","category-glaubensfragen"],"_links":{"self":[{"href":"https:\/\/agbw.org\/am\/wp-json\/wp\/v2\/posts\/18439","targetHints":{"allow":["GET"]}}],"collection":[{"href":"https:\/\/agbw.org\/am\/wp-json\/wp\/v2\/posts"}],"about":[{"href":"https:\/\/agbw.org\/am\/wp-json\/wp\/v2\/types\/post"}],"author":[{"embeddable":true,"href":"https:\/\/agbw.org\/am\/wp-json\/wp\/v2\/users\/8"}],"replies":[{"embeddable":true,"href":"https:\/\/agbw.org\/am\/wp-json\/wp\/v2\/comments?post=18439"}],"version-history":[{"count":0,"href":"https:\/\/agbw.org\/am\/wp-json\/wp\/v2\/posts\/18439\/revisions"}],"wp:featuredmedia":[{"embeddable":true,"href":"https:\/\/agbw.org\/am\/wp-json\/wp\/v2\/media\/18440"}],"wp:attachment":[{"href":"https:\/\/agbw.org\/am\/wp-json\/wp\/v2\/media?parent=18439"}],"wp:term":[{"taxonomy":"category","embeddable":true,"href":"https:\/\/agbw.org\/am\/wp-json\/wp\/v2\/categories?post=18439"},{"taxonomy":"post_tag","embeddable":true,"href":"https:\/\/agbw.org\/am\/wp-json\/wp\/v2\/tags?post=18439"}],"curies":[{"name":"wp","href":"https:\/\/api.w.org\/{rel}","templated":true}]}}