{"id":18504,"date":"2024-02-14T10:11:59","date_gmt":"2024-02-14T09:11:59","guid":{"rendered":"https:\/\/agbw.org\/?p=18504"},"modified":"2024-02-14T10:11:59","modified_gmt":"2024-02-14T09:11:59","slug":"pfarrer-diradur-zu-gast-im-landtag","status":"publish","type":"post","link":"https:\/\/agbw.org\/am\/2024\/pfarrer-diradur-zu-gast-im-landtag\/","title":{"rendered":"Pfarrer Diradur zu Gast im Landtag"},"content":{"rendered":"<div class=\"fusion-fullwidth fullwidth-box fusion-builder-row-1 fusion-flex-container has-pattern-background has-mask-background nonhundred-percent-fullwidth non-hundred-percent-height-scrolling\" style=\"--awb-border-radius-top-left:0px;--awb-border-radius-top-right:0px;--awb-border-radius-bottom-right:0px;--awb-border-radius-bottom-left:0px;--awb-flex-wrap:wrap;\" ><div class=\"fusion-builder-row fusion-row fusion-flex-align-items-flex-start fusion-flex-content-wrap\" style=\"max-width:1248px;margin-left: calc(-4% \/ 2 );margin-right: calc(-4% \/ 2 );\"><div class=\"fusion-layout-column fusion_builder_column fusion-builder-column-0 fusion_builder_column_1_1 1_1 fusion-flex-column\" style=\"--awb-bg-size:cover;--awb-width-large:100%;--awb-margin-top-large:0px;--awb-spacing-right-large:1.92%;--awb-margin-bottom-large:20px;--awb-spacing-left-large:1.92%;--awb-width-medium:100%;--awb-order-medium:0;--awb-spacing-right-medium:1.92%;--awb-spacing-left-medium:1.92%;--awb-width-small:100%;--awb-order-small:0;--awb-spacing-right-small:1.92%;--awb-spacing-left-small:1.92%;\"><div class=\"fusion-column-wrapper fusion-column-has-shadow fusion-flex-justify-content-flex-start fusion-content-layout-column\"><div class=\"fusion-title title fusion-title-1 fusion-sep-none fusion-title-text fusion-title-size-one\" style=\"--awb-margin-top-small:10px;--awb-margin-right-small:0px;--awb-margin-bottom-small:10px;--awb-margin-left-small:0px;\"><h1 class=\"fusion-title-heading title-heading-left fusion-responsive-typography-calculated\" style=\"margin:0;--fontSize:35;line-height:1.2;\">Pfarrer Diradur zu Gast im Landtag<\/h1><\/div><div class=\"fusion-title title fusion-title-2 fusion-sep-none fusion-title-text fusion-title-size-two\" style=\"--awb-margin-top-small:10px;--awb-margin-right-small:0px;--awb-margin-bottom-small:10px;--awb-margin-left-small:0px;\"><h2 class=\"fusion-title-heading title-heading-left fusion-responsive-typography-calculated\" style=\"margin:0;--fontSize:28;line-height:1.2;\"><em>Besuch des Gemeindepfarrers der Armenischen Gemeinde Baden-W\u00fcrttemberg im Landtag<\/em><\/h2><\/div><div class=\"fusion-text fusion-text-1\"><p><span class=\"nolink\">Am 25.01.2024<\/span> folgte Pfr. Dr. Diradur Sardaryan der Einladung des Arbeitskreises Recht, Verfassung &amp; Migration der Fraktion Gr\u00fcne im Landtag von Baden-W\u00fcrttemberg, um sich mit den Mitgliedern der Fraktion der Gr\u00fcnen \u00fcber wichtige Themen des Gemeindelebens in Baden-W\u00fcrttemberg auszutauschen.<\/p>\n<p>W\u00e4hrend des Treffens wurden verschiedene Aspekte des Gemeindelebens er\u00f6rtert, wobei ein besonderer Fokus auf Fragen der Entwicklungshilfe lag, welche die Armenische Gemeidne Baden-W\u00fcrttemberg, als Teil der Di\u00f6zese der Armenischen Kirche in Deutschland, in Armenien leistet. Pfr. Dr. Diradur Sardaryan teilte wertvolle Einblicke in die Herausforderungen und Projekten, mit denen die Armenische Gemeinde in Baden-W\u00fcrttemberg konfrontiert ist, und betonte die Bedeutung einer positiven Zusammenarbeit zur F\u00f6rderung des Gemeinwohls. Er thematisierte auch die Herausforderungen und Menschenrechtsverletzungen, denen die Armenierinnen und Armenier, die aus Arzach (Berg Karabach) vertrieben wurden, gegen\u00fcberstehen.<\/p>\n<p>Die Armenische Gemeinde Baden-W\u00fcrttemberg sieht diesem Austausch mit gro\u00dfem Optimismus entgegen und hofft auf eine weitere fruchtbare Zusammenarbeit mit den Mitgliedern des Landtags. &#8222;Wir sind zuversichtlich, dass durch gemeinsame Anstrengungen das Leben der armenischen Christen in Baden-W\u00fcrttemberg weiter gest\u00e4rkt werden kann und sind dankbar f\u00fcr die bisherige Kooperation mit dem Land Baden-W\u00fcrttemberg und allen hier wirkenden demokratischen Kr\u00e4ften. Als Mitglied dieser Gesellschaft werden wir weiterhin versuchen unseren Beitrag f\u00fcr das gute Zusammenleben und das Wohlergehen der Menschen in Baden-W\u00fcrttemberg, welches f\u00fcr uns zu Heimat gewordenen ist&#8220;, so Pfarrer Diradur.<\/p>\n<p>Die Armenische Gemeinde in Baden-W\u00fcrttemberg wurde von den Mitgliedern der Fraktion als eine Bereicherung f\u00fcr die Gesellschaft bezeichnet, die sich durch ihre Offenheit, ihre Kulturaktivit\u00e4ten, ihren humanit\u00e4ren Einsatz und ihr Engagement f\u00fcr Frieden, Freiheit und Menschenrechte auszeichnet.<\/p>\n<p>Die Teilnehmer der Begegnung \u00e4u\u00dferten die Hoffnung auf eine positive und konstruktive Zusammenarbeit und die M\u00f6glichkeit des Austauschs und der gegenseitigen Unterst\u00fctzung auch in Zukunft.<\/p>\n<p>AGBW<\/p>\n<\/div><div class=\"fusion-separator fusion-full-width-sep\" style=\"align-self: center;margin-left: auto;margin-right: auto;margin-top:15px;margin-bottom:15px;width:100%;\"><div class=\"fusion-separator-border sep-single\" style=\"--awb-height:20px;--awb-amount:20px;border-color:#ffac00;border-top-width:1px;\"><\/div><\/div><\/div><\/div><\/div><\/div>","protected":false},"excerpt":{"rendered":"","protected":false},"author":1,"featured_media":18505,"comment_status":"closed","ping_status":"closed","sticky":false,"template":"","format":"standard","meta":{"footnotes":""},"categories":[58],"tags":[],"class_list":["post-18504","post","type-post","status-publish","format-standard","has-post-thumbnail","hentry","category-allgemein"],"_links":{"self":[{"href":"https:\/\/agbw.org\/am\/wp-json\/wp\/v2\/posts\/18504","targetHints":{"allow":["GET"]}}],"collection":[{"href":"https:\/\/agbw.org\/am\/wp-json\/wp\/v2\/posts"}],"about":[{"href":"https:\/\/agbw.org\/am\/wp-json\/wp\/v2\/types\/post"}],"author":[{"embeddable":true,"href":"https:\/\/agbw.org\/am\/wp-json\/wp\/v2\/users\/1"}],"replies":[{"embeddable":true,"href":"https:\/\/agbw.org\/am\/wp-json\/wp\/v2\/comments?post=18504"}],"version-history":[{"count":0,"href":"https:\/\/agbw.org\/am\/wp-json\/wp\/v2\/posts\/18504\/revisions"}],"wp:featuredmedia":[{"embeddable":true,"href":"https:\/\/agbw.org\/am\/wp-json\/wp\/v2\/media\/18505"}],"wp:attachment":[{"href":"https:\/\/agbw.org\/am\/wp-json\/wp\/v2\/media?parent=18504"}],"wp:term":[{"taxonomy":"category","embeddable":true,"href":"https:\/\/agbw.org\/am\/wp-json\/wp\/v2\/categories?post=18504"},{"taxonomy":"post_tag","embeddable":true,"href":"https:\/\/agbw.org\/am\/wp-json\/wp\/v2\/tags?post=18504"}],"curies":[{"name":"wp","href":"https:\/\/api.w.org\/{rel}","templated":true}]}}