{"id":18623,"date":"2024-02-28T10:42:38","date_gmt":"2024-02-28T09:42:38","guid":{"rendered":"https:\/\/agbw.org\/?p=18623"},"modified":"2024-02-28T10:42:39","modified_gmt":"2024-02-28T09:42:39","slug":"weltgebetstag-2024","status":"publish","type":"post","link":"https:\/\/agbw.org\/am\/2024\/weltgebetstag-2024\/","title":{"rendered":"Weltgebetstag 2024"},"content":{"rendered":"<div class=\"fusion-fullwidth fullwidth-box fusion-builder-row-1 fusion-flex-container has-pattern-background has-mask-background nonhundred-percent-fullwidth non-hundred-percent-height-scrolling\" style=\"--awb-border-radius-top-left:0px;--awb-border-radius-top-right:0px;--awb-border-radius-bottom-right:0px;--awb-border-radius-bottom-left:0px;--awb-flex-wrap:wrap;\" ><div class=\"fusion-builder-row fusion-row fusion-flex-align-items-flex-start fusion-flex-content-wrap\" style=\"max-width:1248px;margin-left: calc(-4% \/ 2 );margin-right: calc(-4% \/ 2 );\"><div class=\"fusion-layout-column fusion_builder_column fusion-builder-column-0 fusion_builder_column_1_1 1_1 fusion-flex-column\" style=\"--awb-bg-size:cover;--awb-width-large:100%;--awb-margin-top-large:0px;--awb-spacing-right-large:1.92%;--awb-margin-bottom-large:20px;--awb-spacing-left-large:1.92%;--awb-width-medium:100%;--awb-order-medium:0;--awb-spacing-right-medium:1.92%;--awb-spacing-left-medium:1.92%;--awb-width-small:100%;--awb-order-small:0;--awb-spacing-right-small:1.92%;--awb-spacing-left-small:1.92%;\"><div class=\"fusion-column-wrapper fusion-column-has-shadow fusion-flex-justify-content-flex-start fusion-content-layout-column\"><div class=\"fusion-title title fusion-title-1 fusion-sep-none fusion-title-text fusion-title-size-one\" style=\"--awb-margin-top-small:10px;--awb-margin-right-small:0px;--awb-margin-bottom-small:10px;--awb-margin-left-small:0px;\"><h1 class=\"fusion-title-heading title-heading-left fusion-responsive-typography-calculated\" style=\"margin:0;--fontSize:35;line-height:1.2;\">Weltgebetstag 2024<\/h1><\/div><div class=\"fusion-title title fusion-title-2 fusion-sep-none fusion-title-text fusion-title-size-two\" style=\"--awb-margin-top-small:10px;--awb-margin-right-small:0px;--awb-margin-bottom-small:10px;--awb-margin-left-small:0px;\"><h2 class=\"fusion-title-heading title-heading-left fusion-responsive-typography-calculated\" style=\"margin:0;--fontSize:28;line-height:1.2;\"><div>\n<p><b>Ein Hoffnungszeichen gegen Gewalt und Hass<br \/>\n<\/b><\/p>\n<div>\n<p><b>\u201e\u2026 durch das Band des Friedens\u201c<\/b><\/p>\n<\/div>\n<\/div><\/h2><\/div><div class=\"fusion-text fusion-text-1\"><p>Der Weltgebetstag r\u00fcckt n\u00e4her &#8211; dieses Jahr mit dem Fokus auf Pal\u00e4stina. Angesichts der aktuellen Ereignisse in dieser Region erh\u00e4lt dieser Tag eine noch gr\u00f6\u00dfere Bedeutung. Wir haben die M\u00f6glichkeit, gemeinsam mit \u00fcber 150 L\u00e4ndern weltweit unsere Stimmen zu erheben und f\u00fcr den Frieden zu beten.<\/p>\n<p>In verschiedenen Teilen der Welt finden \u00f6kumenische Gottesdienste statt, in denen f\u00fcr Frieden, Gerechtigkeit und die W\u00fcrde von Frauen und M\u00e4dchen gebetet wird. Der Weltgebetstag vereint Menschen ungeachtet ihrer Konfessionen und Nationalit\u00e4ten, um gemeinsam f\u00fcr eine bessere Welt zu beten und zu handeln.<\/p>\n<p>Auch hier in unserer Gemeinschaft haben wir die Chance, an den \u00f6kumenischen Gottesdiensten teilzunehmen und unsere Stimme f\u00fcr den Frieden zu erheben. Lasst uns zusammen beten, dass alle Seiten ihr Bestes tun, um einen gerechten Frieden zu erreichen &#8211; sowohl in Pal\u00e4stina als auch weltweit.<\/p>\n<p>Dieser Tag bietet uns die Gelegenheit, \u00fcber Grenzen von L\u00e4ndern und Konfessionen hinweg zueinander zu finden und die Stimmen der Frauen aus Pal\u00e4stina zu h\u00f6ren und zu teilen. Es ist das Mindeste, was wir als Christen tun k\u00f6nnen, um f\u00fcr Verst\u00e4ndigung, Vers\u00f6hnung und Frieden zu beten.<\/p>\n<p>Ich m\u00f6chte euch alle herzlich dazu einladen, am Weltgebetstag teilzunehmen. Lasst uns das Band des Friedens st\u00e4rken und die Hoffnung auf eine bessere Zukunft in Pal\u00e4stina, in Armenien und in der ganzen Welt gemeinsam zum Ausdruck bringen.<\/p>\n<p>Weitere Informationen findest du hier: <a href=\"https:\/\/weltgebetstag.de\" target=\"_blank\" rel=\"noopener\">https:\/\/weltgebetstag.de<\/a><\/p>\n<p>In Solidarit\u00e4t und mit herzlichen Gr\u00fc\u00dfen,<br \/>\nPfarrer Diradur Sardaryan<\/p>\n<div>\n<p>&#8211;<\/p>\n<\/div>\n<div>\n<p>Die biblischen Texte der f\u00fcr den Weltgebetstag vorgesehenen Gottesdienstordnung, besonders <a href=\"https:\/\/www.bibleserver.com\/EU\/Psalm85\" class=\"bibleserver extern\" target=\"_blank\" rel=\"noopener\">Psalm 85<\/a> und <a href=\"https:\/\/www.bibleserver.com\/EU\/Epheser4%2C1-7\" class=\"bibleserver extern\" target=\"_blank\" rel=\"noopener\">Eph 4,1\u20137<\/a> k\u00f6nnen in der aktuellen Situation tragen. Mit ihnen kann f\u00fcr Gerechtigkeit, Frieden und die weltweite Einhaltung der Menschenrechte gebetet werden. Die Geschichten der drei Frauen in der Gottesdienstordnung geben einen Einblick in Leben, Leiden und Hoffnungen in den besetzten Gebieten. Sie sind Hoffnungskeime, die deutlich machen, wie Menschen aus ihrem Glauben heraus Kraft gewinnen, sich f\u00fcr Frieden zu engagieren. Ihre Erz\u00e4hlungen sind eingebettet in Lieder und Texte, die den Wunsch nach Frieden und Gerechtigkeit und vor allem die Hoffnung darauf ausdr\u00fccken.<\/p>\n<\/div>\n<div>\n<p>Gaza, Hamas, Israel und Pal\u00e4stina sind aktuell Themen der Nachrichten. Wie die Situation zum 1. M\u00e4rz sein wird, ist nicht absehbar. Wird weiterhin Krieg herrschen, wird es zumindest eine Waffenruhe geben oder wird ein Weg gefunden f\u00fcr eine sichere und gerechte Lebensm\u00f6glichkeit der Menschen in Israel und Pal\u00e4stina?<\/p>\n<\/div>\n<\/div><\/div><\/div><\/div><\/div>","protected":false},"excerpt":{"rendered":"","protected":false},"author":1,"featured_media":18624,"comment_status":"closed","ping_status":"closed","sticky":false,"template":"","format":"standard","meta":{"footnotes":""},"categories":[58],"tags":[],"class_list":["post-18623","post","type-post","status-publish","format-standard","has-post-thumbnail","hentry","category-allgemein"],"_links":{"self":[{"href":"https:\/\/agbw.org\/am\/wp-json\/wp\/v2\/posts\/18623","targetHints":{"allow":["GET"]}}],"collection":[{"href":"https:\/\/agbw.org\/am\/wp-json\/wp\/v2\/posts"}],"about":[{"href":"https:\/\/agbw.org\/am\/wp-json\/wp\/v2\/types\/post"}],"author":[{"embeddable":true,"href":"https:\/\/agbw.org\/am\/wp-json\/wp\/v2\/users\/1"}],"replies":[{"embeddable":true,"href":"https:\/\/agbw.org\/am\/wp-json\/wp\/v2\/comments?post=18623"}],"version-history":[{"count":0,"href":"https:\/\/agbw.org\/am\/wp-json\/wp\/v2\/posts\/18623\/revisions"}],"wp:featuredmedia":[{"embeddable":true,"href":"https:\/\/agbw.org\/am\/wp-json\/wp\/v2\/media\/18624"}],"wp:attachment":[{"href":"https:\/\/agbw.org\/am\/wp-json\/wp\/v2\/media?parent=18623"}],"wp:term":[{"taxonomy":"category","embeddable":true,"href":"https:\/\/agbw.org\/am\/wp-json\/wp\/v2\/categories?post=18623"},{"taxonomy":"post_tag","embeddable":true,"href":"https:\/\/agbw.org\/am\/wp-json\/wp\/v2\/tags?post=18623"}],"curies":[{"name":"wp","href":"https:\/\/api.w.org\/{rel}","templated":true}]}}