{"id":19242,"date":"2024-06-08T11:41:38","date_gmt":"2024-06-08T09:41:38","guid":{"rendered":"https:\/\/agbw.org\/?p=19242"},"modified":"2024-06-08T11:41:39","modified_gmt":"2024-06-08T09:41:39","slug":"gedenktag-des-heiligen-nerses-des-grossen-und-des-bischofs-von-khad","status":"publish","type":"post","link":"https:\/\/agbw.org\/am\/2024\/gedenktag-des-heiligen-nerses-des-grossen-und-des-bischofs-von-khad\/","title":{"rendered":"Gedenktag des Heiligen Nerses, des Gro\u00dfen, und des Bischofs von Khad"},"content":{"rendered":"<div class=\"fusion-fullwidth fullwidth-box fusion-builder-row-1 fusion-flex-container nonhundred-percent-fullwidth non-hundred-percent-height-scrolling\" style=\"--awb-border-radius-top-left:0px;--awb-border-radius-top-right:0px;--awb-border-radius-bottom-right:0px;--awb-border-radius-bottom-left:0px;--awb-flex-wrap:wrap;\" ><div class=\"fusion-builder-row fusion-row fusion-flex-align-items-flex-start fusion-flex-content-wrap\" style=\"max-width:1248px;margin-left: calc(-4% \/ 2 );margin-right: calc(-4% \/ 2 );\"><div class=\"fusion-layout-column fusion_builder_column fusion-builder-column-0 fusion_builder_column_1_1 1_1 fusion-flex-column\" style=\"--awb-bg-size:cover;--awb-width-large:100%;--awb-margin-top-large:0px;--awb-spacing-right-large:1.92%;--awb-margin-bottom-large:20px;--awb-spacing-left-large:1.92%;--awb-width-medium:100%;--awb-order-medium:0;--awb-spacing-right-medium:1.92%;--awb-spacing-left-medium:1.92%;--awb-width-small:100%;--awb-order-small:0;--awb-spacing-right-small:1.92%;--awb-spacing-left-small:1.92%;\"><div class=\"fusion-column-wrapper fusion-column-has-shadow fusion-flex-justify-content-flex-start fusion-content-layout-column\"><div class=\"fusion-text fusion-text-1\"><p>Gedenktag des Heiligen Nerses, des Gro\u00dfen, und des Bischofs von Khad<\/p>\n<p>08.06.2024<\/p>\n<p>Heute gedenken wir des heiligen Nerses des Gro\u00dfen (353-373) und des Bischofs von Khad. Nerses, ein direkter Nachkomme des heiligen Grigor Lusavorich, war einer der begabtesten armenischen Katholikos. Nachdem er auf Wunsch des K\u00f6nigs zum Katholikos geweiht wurde, f\u00fchrte er bedeutende Reformen in der Armenischen Apostolischen Kirche ein.<\/p>\n<p>Seine Initiative f\u00fchrte zur nationalkirchlichen Versammlung von Ashtishat (354), wo wichtige Beschl\u00fcsse f\u00fcr das geistlich-kirchliche Leben und die moralischen Grunds\u00e4tze der Familie gefasst wurden. Kl\u00f6ster, Schulen, Unterk\u00fcnfte und Krankenh\u00e4user entstanden unter seiner F\u00fchrung. W\u00e4hrend der Schlacht von Dzirav betete Nerses f\u00fcr den Sieg der armenischen Armee und wurde liebevoll &#8222;vom erleuchtenden Herzen&#8220; genannt. Bischof Khad war ein treuer Unterst\u00fctzer all dieser Bem\u00fchungen.<\/p>\n<p>Heute feiern wir ihr Andenken und ehren ihr Engagement und ihre Hingabe f\u00fcr die Armenische Apostolische Kirche.<\/p>\n<\/div><\/div><\/div><\/div><\/div>","protected":false},"excerpt":{"rendered":"","protected":false},"author":8,"featured_media":19243,"comment_status":"closed","ping_status":"open","sticky":false,"template":"","format":"standard","meta":{"footnotes":""},"categories":[65],"tags":[],"class_list":["post-19242","post","type-post","status-publish","format-standard","has-post-thumbnail","hentry","category-glaubensfragen"],"_links":{"self":[{"href":"https:\/\/agbw.org\/am\/wp-json\/wp\/v2\/posts\/19242","targetHints":{"allow":["GET"]}}],"collection":[{"href":"https:\/\/agbw.org\/am\/wp-json\/wp\/v2\/posts"}],"about":[{"href":"https:\/\/agbw.org\/am\/wp-json\/wp\/v2\/types\/post"}],"author":[{"embeddable":true,"href":"https:\/\/agbw.org\/am\/wp-json\/wp\/v2\/users\/8"}],"replies":[{"embeddable":true,"href":"https:\/\/agbw.org\/am\/wp-json\/wp\/v2\/comments?post=19242"}],"version-history":[{"count":0,"href":"https:\/\/agbw.org\/am\/wp-json\/wp\/v2\/posts\/19242\/revisions"}],"wp:featuredmedia":[{"embeddable":true,"href":"https:\/\/agbw.org\/am\/wp-json\/wp\/v2\/media\/19243"}],"wp:attachment":[{"href":"https:\/\/agbw.org\/am\/wp-json\/wp\/v2\/media?parent=19242"}],"wp:term":[{"taxonomy":"category","embeddable":true,"href":"https:\/\/agbw.org\/am\/wp-json\/wp\/v2\/categories?post=19242"},{"taxonomy":"post_tag","embeddable":true,"href":"https:\/\/agbw.org\/am\/wp-json\/wp\/v2\/tags?post=19242"}],"curies":[{"name":"wp","href":"https:\/\/api.w.org\/{rel}","templated":true}]}}