{"id":19426,"date":"2024-08-03T08:30:55","date_gmt":"2024-08-03T06:30:55","guid":{"rendered":"https:\/\/agbw.org\/?p=19426"},"modified":"2024-08-03T09:08:54","modified_gmt":"2024-08-03T07:08:54","slug":"durch-das-evangelium-nach-johannes-kapitel-12","status":"publish","type":"post","link":"https:\/\/agbw.org\/am\/2024\/durch-das-evangelium-nach-johannes-kapitel-12\/","title":{"rendered":"Durch das Evangelium nach Johannes. Kapitel 12"},"content":{"rendered":"<p><div class=\"fusion-fullwidth fullwidth-box fusion-builder-row-1 fusion-flex-container fusion-parallax-none nonhundred-percent-fullwidth non-hundred-percent-height-scrolling\" style=\"--link_hover_color: var(--awb-color4);--link_color: var(--awb-color4);--awb-background-position:center bottom;--awb-border-sizes-top:0px;--awb-border-sizes-bottom:0px;--awb-border-sizes-left:0px;--awb-border-sizes-right:0px;--awb-border-color:var(--awb-color6);--awb-border-radius-top-left:0px;--awb-border-radius-top-right:0px;--awb-border-radius-bottom-right:0px;--awb-border-radius-bottom-left:0px;--awb-padding-top:120px;--awb-padding-right:30px;--awb-padding-bottom:120px;--awb-padding-left:30px;--awb-padding-top-medium:72px;--awb-padding-bottom-medium:72px;--awb-padding-top-small:48px;--awb-padding-bottom-small:48px;--awb-padding-left-small:30px;--awb-margin-top:0px;--awb-margin-bottom:0px;--awb-background-color:var(--awb-color1);--awb-background-image:linear-gradient(148deg, var(--awb-color1) 62%,hsla(var(--awb-color1-h),var(--awb-color1-s),var(--awb-color1-l),calc(var(--awb-color1-a) - 30%)) 87%),url(https:\/\/agbw.org\/wp-content\/uploads\/2024\/07\/195.jpg);;--awb-background-size:cover;--awb-flex-wrap:wrap;\" ><div class=\"fusion-builder-row fusion-row fusion-flex-align-items-stretch fusion-flex-content-wrap\" style=\"max-width:1248px;margin-left: calc(-4% \/ 2 );margin-right: calc(-4% \/ 2 );\"><div class=\"fusion-layout-column fusion_builder_column fusion-builder-column-0 fusion_builder_column_1_2 1_2 fusion-flex-column fusion-animated\" style=\"--awb-bg-position:center center;--awb-bg-blend:lighten;--awb-bg-size:cover;--awb-width-large:50%;--awb-margin-top-large:0px;--awb-spacing-right-large:13.44%;--awb-margin-bottom-large:0px;--awb-spacing-left-large:3.84%;--awb-width-medium:40%;--awb-order-medium:0;--awb-spacing-right-medium:9.6%;--awb-spacing-left-medium:4.8%;--awb-width-small:100%;--awb-order-small:0;--awb-spacing-right-small:1.92%;--awb-margin-bottom-small:40px;--awb-spacing-left-small:1.92%;\" data-animationtype=\"fadeInRight\" data-animationduration=\"1.3\" data-animationoffset=\"top-into-view\"><div class=\"fusion-column-wrapper fusion-column-has-shadow fusion-flex-justify-content-center fusion-content-layout-column\"><div class=\"fusion-image-element\" style=\"--awb-caption-overlay-color:var(--awb-color8);--awb-caption-title-font-family:var(--h2_typography-font-family);--awb-caption-title-font-weight:var(--h2_typography-font-weight);--awb-caption-title-font-style:var(--h2_typography-font-style);--awb-caption-title-size:var(--h2_typography-font-size);--awb-caption-title-transform:var(--h2_typography-text-transform);--awb-caption-title-line-height:var(--h2_typography-line-height);--awb-caption-title-letter-spacing:var(--h2_typography-letter-spacing);\"><span class=\"fusion-imageframe imageframe-none imageframe-1 hover-type-none\"><img decoding=\"async\" width=\"247\" height=\"300\" title=\"Toros_Roslin_Johannes_der_Theologe\" src=\"https:\/\/agbw.org\/wp-content\/uploads\/2024\/07\/Toros_Roslin_Manrankar-247x300.jpg\" alt class=\"img-responsive wp-image-19384\" srcset=\"https:\/\/agbw.org\/wp-content\/uploads\/2024\/07\/Toros_Roslin_Manrankar-200x243.jpg 200w, https:\/\/agbw.org\/wp-content\/uploads\/2024\/07\/Toros_Roslin_Manrankar-400x486.jpg 400w, https:\/\/agbw.org\/wp-content\/uploads\/2024\/07\/Toros_Roslin_Manrankar-600x729.jpg 600w, https:\/\/agbw.org\/wp-content\/uploads\/2024\/07\/Toros_Roslin_Manrankar-800x972.jpg 800w, https:\/\/agbw.org\/wp-content\/uploads\/2024\/07\/Toros_Roslin_Manrankar.jpg 1200w\" sizes=\"(max-width: 1024px) 100vw, (max-width: 640px) 100vw, 600px\" \/><\/span><\/div><\/div><\/div><div class=\"fusion-layout-column fusion_builder_column fusion-builder-column-1 fusion_builder_column_1_2 1_2 fusion-flex-column fusion-animated\" style=\"--awb-bg-size:cover;--awb-width-large:50%;--awb-margin-top-large:0px;--awb-spacing-right-large:3.84%;--awb-margin-bottom-large:20px;--awb-spacing-left-large:3.84%;--awb-width-medium:60%;--awb-order-medium:0;--awb-margin-top-medium:2vw;--awb-spacing-right-medium:3.2%;--awb-margin-bottom-medium:2vw;--awb-spacing-left-medium:3.2%;--awb-width-small:100%;--awb-order-small:1;--awb-spacing-right-small:1.92%;--awb-spacing-left-small:1.92%;\" data-animationtype=\"fadeInLeft\" data-animationduration=\"1.3\" data-animationoffset=\"top-into-view\"><div class=\"fusion-column-wrapper fusion-column-has-shadow fusion-flex-justify-content-center fusion-content-layout-column\"><div class=\"fusion-title title fusion-title-1 fusion-sep-none fusion-title-text fusion-title-size-one\" style=\"--awb-text-color:var(--awb-color8);--awb-margin-bottom:30px;--awb-margin-top-small:10px;--awb-margin-right-small:0px;--awb-margin-bottom-small:10px;--awb-margin-left-small:0px;--awb-sep-color:var(--awb-color6);\"><h1 class=\"fusion-title-heading title-heading-left fusion-responsive-typography-calculated\" style=\"margin:0;--fontSize:35;line-height:1.2;\">Eine Reise durch das Johannesevangelium<\/h1><\/div><div class=\"fusion-text fusion-text-1 fusion-text-no-margin\" style=\"--awb-font-size:var(--awb-typography4-font-size);--awb-line-height:var(--awb-typography4-line-height);--awb-letter-spacing:var(--awb-typography4-letter-spacing);--awb-text-transform:var(--awb-typography4-text-transform);--awb-text-color:hsla(var(--awb-color8-h),var(--awb-color8-s),var(--awb-color8-l),calc(var(--awb-color8-a) - 24%));--awb-margin-right:15%;--awb-margin-bottom:45px;--awb-text-font-family:var(--awb-typography4-font-family);--awb-text-font-weight:var(--awb-typography4-font-weight);--awb-text-font-style:var(--awb-typography4-font-style);\"><p>T\u00e4gliche Zusammenfassung jeweils eines Kapitels aus dem Evangelium nach Johannes. Machen Sie mit!<\/p>\n<\/div><div ><a class=\"fusion-button button-flat fusion-button-default-size button-custom fusion-button-default button-1 fusion-button-default-span fusion-has-button-gradient\" style=\"--awb-padding-top:20px;--awb-padding-right:40px;--awb-padding-bottom:20px;--awb-padding-left:40px;--button_bevel_color:var(--awb-color5);--button_bevel_color_hover:var(--awb-color5);--button_accent_color:var(--awb-color3);--button_border_color:var(--awb-color3);--button_accent_hover_color:var(--awb-color8);--button_border_hover_color:var(--awb-color8);--button_border_width-top:0px;--button_border_width-right:0px;--button_border_width-bottom:0px;--button_border_width-left:0px;--button-border-radius-top-left:0;--button-border-radius-top-right:0;--button-border-radius-bottom-right:0;--button-border-radius-bottom-left:0;--button_gradient_angle:163deg;--button_gradient_top_color:var(--awb-color6);--button_gradient_bottom_color:var(--awb-color7);--button_gradient_top_color_hover:var(--awb-color5);--button_gradient_bottom_color_hover:var(--awb-color4);--button_text_transform:var(--awb-typography3-text-transform);--button_font_size:var(--awb-typography3-font-size);--button_line_height:var(--awb-typography3-line-height);--button_typography-letter-spacing:var(--awb-typography3-letter-spacing);--button_typography-font-family:var(--awb-typography3-font-family);--button_typography-font-weight:var(--awb-typography3-font-weight);--button_typography-font-style:var(--awb-typography3-font-style);\" target=\"_blank\" rel=\"noopener noreferrer\" href=\"https:\/\/www.bibleserver.com\/EU\/Johannes1\"><span class=\"fusion-button-text awb-button__text awb-button__text--default\">Jetzt lesen&#8230;<\/span><\/a><\/div><\/div><\/div><\/div><\/div><div class=\"fusion-fullwidth fullwidth-box fusion-builder-row-2 fusion-flex-container has-pattern-background has-mask-background nonhundred-percent-fullwidth non-hundred-percent-height-scrolling\" style=\"--awb-border-radius-top-left:0px;--awb-border-radius-top-right:0px;--awb-border-radius-bottom-right:0px;--awb-border-radius-bottom-left:0px;--awb-flex-wrap:wrap;\" ><div class=\"fusion-builder-row fusion-row fusion-flex-align-items-flex-start fusion-flex-content-wrap\" style=\"max-width:1248px;margin-left: calc(-4% \/ 2 );margin-right: calc(-4% \/ 2 );\"><div class=\"fusion-layout-column fusion_builder_column fusion-builder-column-2 fusion_builder_column_1_1 1_1 fusion-flex-column\" style=\"--awb-bg-size:cover;--awb-width-large:100%;--awb-margin-top-large:0px;--awb-spacing-right-large:1.92%;--awb-margin-bottom-large:20px;--awb-spacing-left-large:1.92%;--awb-width-medium:100%;--awb-order-medium:0;--awb-spacing-right-medium:1.92%;--awb-spacing-left-medium:1.92%;--awb-width-small:100%;--awb-order-small:0;--awb-spacing-right-small:1.92%;--awb-spacing-left-small:1.92%;\"><div class=\"fusion-column-wrapper fusion-column-has-shadow fusion-flex-justify-content-flex-start fusion-content-layout-column\"><div class=\"fusion-separator fusion-full-width-sep\" style=\"align-self: center;margin-left: auto;margin-right: auto;margin-top:10px;margin-bottom:10px;width:100%;\"><\/div><div class=\"fusion-title title fusion-title-2 fusion-sep-none fusion-title-text fusion-title-size-one\" style=\"--awb-margin-top-small:10px;--awb-margin-right-small:0px;--awb-margin-bottom-small:10px;--awb-margin-left-small:0px;\"><h1 class=\"fusion-title-heading title-heading-left fusion-responsive-typography-calculated\" style=\"margin:0;--fontSize:35;line-height:1.2;\"><div dir=\"auto\">T\u00e4gliche Zusammenfassung<\/div>\n<div dir=\"auto\">des Johannesevangeliums<\/div><\/h1><\/div><div class=\"fusion-title title fusion-title-3 fusion-sep-none fusion-title-text fusion-title-size-two\" style=\"--awb-margin-top-small:10px;--awb-margin-right-small:0px;--awb-margin-bottom-small:10px;--awb-margin-left-small:0px;\"><h2 class=\"fusion-title-heading title-heading-left fusion-responsive-typography-calculated\" style=\"margin:0;--fontSize:28;line-height:1.2;\"><div dir=\"auto\">Kapitel 12<\/div>\n<div dir=\"auto\"><\/div><\/h2><\/div><div class=\"fusion-separator fusion-full-width-sep\" style=\"align-self: center;margin-left: auto;margin-right: auto;margin-top:10px;margin-bottom:10px;width:100%;\"><\/div><div class=\"fusion-text fusion-text-2\"><div class=\"x11i5rnm xat24cr x1mh8g0r x1vvkbs xtlvy1s x126k92a\">\n<p>In Johannes Kapitel 12 sehen wir wichtige Ereignisse, die in der Woche vor Jesu Kreuzigung stattfinden. Sechs Tage vor dem Passahfest kommt Jesus nach Bethanien, wo Lazarus, den er von den Toten auferweckt hatte, lebt. In Bethanien bereitet Maria Jesus ein Festessen und salbt seine F\u00fc\u00dfe mit kostbarem Narden\u00f6l. Judas Iskariot, der Jesus sp\u00e4ter verraten wird, kritisiert diese Handlung als Verschwendung, aber Jesus verteidigt Maria und erkl\u00e4rt, dass sie dies f\u00fcr seinen Begr\u00e4bnistag getan hat.<\/p>\n<p>Am n\u00e4chsten Tag zieht Jesus triumphal in Jerusalem ein, auf einem jungen Esel reitend, was die Erf\u00fcllung einer Prophezeiung darstellt. Die Menschenmenge empf\u00e4ngt ihn mit Palmzweigen und ruft \u201eHosanna! Gesegnet sei, der da kommt im Namen des Herrn, der K\u00f6nig von Israel!\u201c Die Pharis\u00e4er sind beunruhigt, weil so viele Menschen an Jesus glauben.<\/p>\n<p>Einige Griechen, die zum Fest gekommen sind, bitten Philippus, Jesus sehen zu d\u00fcrfen. Jesus nutzt diese Gelegenheit, um \u00fcber seinen bevorstehenden Tod zu sprechen. Er vergleicht sich mit einem Weizenkorn, das sterben muss, um viele Frucht zu bringen. Er spricht \u00fcber die Notwendigkeit, das eigene Leben loszulassen, um ewiges Leben zu gewinnen, und k\u00fcndigt an, dass er, wenn er erh\u00f6ht ist, alle zu sich ziehen wird, was auf seine Kreuzigung hinweist.<\/p>\n<p>Jesus betet zu seinem Vater und bittet, dass der Name des Vaters verherrlicht wird. Eine Stimme aus dem Himmel antwortet und best\u00e4tigt, dass der Vater sowohl verherrlicht wurde als auch verherrlicht werden wird. Dies ist ein Zeichen f\u00fcr die Menge, obwohl viele es nicht verstehen.<\/p>\n<p>Zum Ende des Kapitels spricht Jesus \u00fcber das Licht und die Dunkelheit. Er fordert die Menschen auf, an das Licht zu glauben, solange sie es haben, damit sie Kinder des Lichts werden. Viele glauben an ihn, aber einige der religi\u00f6sen F\u00fchrer wagen es nicht, ihn offen zu bekennen, aus Angst, aus der Synagoge ausgeschlossen zu werden.<\/p>\n<\/div>\n<\/div><div class=\"fusion-separator fusion-full-width-sep\" style=\"align-self: center;margin-left: auto;margin-right: auto;margin-top:10px;margin-bottom:10px;width:100%;\"><div class=\"fusion-separator-border sep-single\" style=\"--awb-height:20px;--awb-amount:20px;border-color:#ffac00;border-top-width:1px;\"><\/div><\/div><div class=\"fusion-text fusion-text-3\"><div class=\"x11i5rnm xat24cr x1mh8g0r x1vvkbs xtlvy1s x126k92a\">\n<div dir=\"auto\">\n<p><strong>Geistlicher Impuls<\/strong><\/p>\n<p><strong>Das Licht der Welt<\/strong><\/p>\n<p>Jesus ist das Licht, das in die Dunkelheit gekommen ist, um uns zu retten und zu f\u00fchren. \u00d6ffne dein Herz f\u00fcr sein Licht und vertraue darauf, dass er dich in jeder Situation erleuchten und leiten wird. Lass dich von seiner Liebe und Wahrheit erf\u00fcllen und werde ein Kind des Lichts, das seine Herrlichkeit widerspiegelt.<\/p>\n<p>Lies Johannes Kapitel 12 und lass dich von den Ereignissen und Worten Jesu inspirieren. Erkenne, dass er das Licht der Welt ist, das dir in jeder Dunkelheit Hoffnung und F\u00fchrung schenkt. Vertraue ihm und folge seinem Weg des Lichts und der Wahrheit.<\/p>\n<p><strong>\u00a0<\/strong>Habt einen gesegneten Tag!<\/p>\n<\/div>\n<\/div>\n<div class=\"x11i5rnm xat24cr x1mh8g0r x1vvkbs xtlvy1s x126k92a\">\n<div dir=\"auto\">\n<p>Euer Pfarrer Diradur<\/p>\n<\/div>\n<\/div>\n<\/div><\/div><\/div><\/div><\/div><\/p>","protected":false},"excerpt":{"rendered":"","protected":false},"author":8,"featured_media":19477,"comment_status":"closed","ping_status":"closed","sticky":false,"template":"","format":"standard","meta":{"footnotes":""},"categories":[71,65],"tags":[543,541,542],"class_list":["post-19426","post","type-post","status-publish","format-standard","has-post-thumbnail","hentry","category-abt1","category-glaubensfragen","tag-bibel","tag-johannesevangelium","tag-logos"],"_links":{"self":[{"href":"https:\/\/agbw.org\/am\/wp-json\/wp\/v2\/posts\/19426","targetHints":{"allow":["GET"]}}],"collection":[{"href":"https:\/\/agbw.org\/am\/wp-json\/wp\/v2\/posts"}],"about":[{"href":"https:\/\/agbw.org\/am\/wp-json\/wp\/v2\/types\/post"}],"author":[{"embeddable":true,"href":"https:\/\/agbw.org\/am\/wp-json\/wp\/v2\/users\/8"}],"replies":[{"embeddable":true,"href":"https:\/\/agbw.org\/am\/wp-json\/wp\/v2\/comments?post=19426"}],"version-history":[{"count":0,"href":"https:\/\/agbw.org\/am\/wp-json\/wp\/v2\/posts\/19426\/revisions"}],"wp:featuredmedia":[{"embeddable":true,"href":"https:\/\/agbw.org\/am\/wp-json\/wp\/v2\/media\/19477"}],"wp:attachment":[{"href":"https:\/\/agbw.org\/am\/wp-json\/wp\/v2\/media?parent=19426"}],"wp:term":[{"taxonomy":"category","embeddable":true,"href":"https:\/\/agbw.org\/am\/wp-json\/wp\/v2\/categories?post=19426"},{"taxonomy":"post_tag","embeddable":true,"href":"https:\/\/agbw.org\/am\/wp-json\/wp\/v2\/tags?post=19426"}],"curies":[{"name":"wp","href":"https:\/\/api.w.org\/{rel}","templated":true}]}}