{"id":19437,"date":"2024-08-08T08:30:26","date_gmt":"2024-08-08T06:30:26","guid":{"rendered":"https:\/\/agbw.org\/?p=19437"},"modified":"2024-08-08T10:20:42","modified_gmt":"2024-08-08T08:20:42","slug":"durch-das-evangelium-nach-johannes-kapitel-17","status":"publish","type":"post","link":"https:\/\/agbw.org\/am\/2024\/durch-das-evangelium-nach-johannes-kapitel-17\/","title":{"rendered":"Durch das Evangelium nach Johannes. Kapitel 17"},"content":{"rendered":"<p><div class=\"fusion-fullwidth fullwidth-box fusion-builder-row-1 fusion-flex-container fusion-parallax-none nonhundred-percent-fullwidth non-hundred-percent-height-scrolling\" style=\"--link_hover_color: var(--awb-color4);--link_color: var(--awb-color4);--awb-background-position:center bottom;--awb-border-sizes-top:0px;--awb-border-sizes-bottom:0px;--awb-border-sizes-left:0px;--awb-border-sizes-right:0px;--awb-border-color:var(--awb-color6);--awb-border-radius-top-left:0px;--awb-border-radius-top-right:0px;--awb-border-radius-bottom-right:0px;--awb-border-radius-bottom-left:0px;--awb-padding-top:120px;--awb-padding-right:30px;--awb-padding-bottom:120px;--awb-padding-left:30px;--awb-padding-top-medium:72px;--awb-padding-bottom-medium:72px;--awb-padding-top-small:48px;--awb-padding-bottom-small:48px;--awb-padding-left-small:30px;--awb-margin-top:0px;--awb-margin-bottom:0px;--awb-background-color:var(--awb-color1);--awb-background-image:linear-gradient(148deg, var(--awb-color1) 62%,hsla(var(--awb-color1-h),var(--awb-color1-s),var(--awb-color1-l),calc(var(--awb-color1-a) - 30%)) 87%),url(https:\/\/agbw.org\/wp-content\/uploads\/2024\/07\/195.jpg);;--awb-background-size:cover;--awb-flex-wrap:wrap;\" ><div class=\"fusion-builder-row fusion-row fusion-flex-align-items-stretch fusion-flex-content-wrap\" style=\"max-width:1248px;margin-left: calc(-4% \/ 2 );margin-right: calc(-4% \/ 2 );\"><div class=\"fusion-layout-column fusion_builder_column fusion-builder-column-0 fusion_builder_column_1_2 1_2 fusion-flex-column fusion-animated\" style=\"--awb-bg-position:center center;--awb-bg-blend:lighten;--awb-bg-size:cover;--awb-width-large:50%;--awb-margin-top-large:0px;--awb-spacing-right-large:13.44%;--awb-margin-bottom-large:0px;--awb-spacing-left-large:3.84%;--awb-width-medium:40%;--awb-order-medium:0;--awb-spacing-right-medium:9.6%;--awb-spacing-left-medium:4.8%;--awb-width-small:100%;--awb-order-small:0;--awb-spacing-right-small:1.92%;--awb-margin-bottom-small:40px;--awb-spacing-left-small:1.92%;\" data-animationtype=\"fadeInRight\" data-animationduration=\"1.3\" data-animationoffset=\"top-into-view\"><div class=\"fusion-column-wrapper fusion-column-has-shadow fusion-flex-justify-content-center fusion-content-layout-column\"><div class=\"fusion-image-element\" style=\"--awb-caption-overlay-color:var(--awb-color8);--awb-caption-title-font-family:var(--h2_typography-font-family);--awb-caption-title-font-weight:var(--h2_typography-font-weight);--awb-caption-title-font-style:var(--h2_typography-font-style);--awb-caption-title-size:var(--h2_typography-font-size);--awb-caption-title-transform:var(--h2_typography-text-transform);--awb-caption-title-line-height:var(--h2_typography-line-height);--awb-caption-title-letter-spacing:var(--h2_typography-letter-spacing);\"><span class=\"fusion-imageframe imageframe-none imageframe-1 hover-type-none\"><img decoding=\"async\" width=\"247\" height=\"300\" title=\"Toros_Roslin_Johannes_der_Theologe\" src=\"https:\/\/agbw.org\/wp-content\/uploads\/2024\/07\/Toros_Roslin_Manrankar-247x300.jpg\" alt class=\"img-responsive wp-image-19384\" srcset=\"https:\/\/agbw.org\/wp-content\/uploads\/2024\/07\/Toros_Roslin_Manrankar-200x243.jpg 200w, https:\/\/agbw.org\/wp-content\/uploads\/2024\/07\/Toros_Roslin_Manrankar-400x486.jpg 400w, https:\/\/agbw.org\/wp-content\/uploads\/2024\/07\/Toros_Roslin_Manrankar-600x729.jpg 600w, https:\/\/agbw.org\/wp-content\/uploads\/2024\/07\/Toros_Roslin_Manrankar-800x972.jpg 800w, https:\/\/agbw.org\/wp-content\/uploads\/2024\/07\/Toros_Roslin_Manrankar.jpg 1200w\" sizes=\"(max-width: 1024px) 100vw, (max-width: 640px) 100vw, 600px\" \/><\/span><\/div><\/div><\/div><div class=\"fusion-layout-column fusion_builder_column fusion-builder-column-1 fusion_builder_column_1_2 1_2 fusion-flex-column fusion-animated\" style=\"--awb-bg-size:cover;--awb-width-large:50%;--awb-margin-top-large:0px;--awb-spacing-right-large:3.84%;--awb-margin-bottom-large:20px;--awb-spacing-left-large:3.84%;--awb-width-medium:60%;--awb-order-medium:0;--awb-margin-top-medium:2vw;--awb-spacing-right-medium:3.2%;--awb-margin-bottom-medium:2vw;--awb-spacing-left-medium:3.2%;--awb-width-small:100%;--awb-order-small:1;--awb-spacing-right-small:1.92%;--awb-spacing-left-small:1.92%;\" data-animationtype=\"fadeInLeft\" data-animationduration=\"1.3\" data-animationoffset=\"top-into-view\"><div class=\"fusion-column-wrapper fusion-column-has-shadow fusion-flex-justify-content-center fusion-content-layout-column\"><div class=\"fusion-title title fusion-title-1 fusion-sep-none fusion-title-text fusion-title-size-one\" style=\"--awb-text-color:var(--awb-color8);--awb-margin-bottom:30px;--awb-margin-top-small:10px;--awb-margin-right-small:0px;--awb-margin-bottom-small:10px;--awb-margin-left-small:0px;--awb-sep-color:var(--awb-color6);\"><h1 class=\"fusion-title-heading title-heading-left fusion-responsive-typography-calculated\" style=\"margin:0;--fontSize:35;line-height:1.2;\">Eine Reise durch das Johannesevangelium<\/h1><\/div><div class=\"fusion-text fusion-text-1 fusion-text-no-margin\" style=\"--awb-font-size:var(--awb-typography4-font-size);--awb-line-height:var(--awb-typography4-line-height);--awb-letter-spacing:var(--awb-typography4-letter-spacing);--awb-text-transform:var(--awb-typography4-text-transform);--awb-text-color:hsla(var(--awb-color8-h),var(--awb-color8-s),var(--awb-color8-l),calc(var(--awb-color8-a) - 24%));--awb-margin-right:15%;--awb-margin-bottom:45px;--awb-text-font-family:var(--awb-typography4-font-family);--awb-text-font-weight:var(--awb-typography4-font-weight);--awb-text-font-style:var(--awb-typography4-font-style);\"><p>T\u00e4gliche Zusammenfassung jeweils eines Kapitels aus dem Evangelium nach Johannes. Machen Sie mit!<\/p>\n<\/div><div ><a class=\"fusion-button button-flat fusion-button-default-size button-custom fusion-button-default button-1 fusion-button-default-span fusion-has-button-gradient\" style=\"--awb-padding-top:20px;--awb-padding-right:40px;--awb-padding-bottom:20px;--awb-padding-left:40px;--button_bevel_color:var(--awb-color5);--button_bevel_color_hover:var(--awb-color5);--button_accent_color:var(--awb-color3);--button_border_color:var(--awb-color3);--button_accent_hover_color:var(--awb-color8);--button_border_hover_color:var(--awb-color8);--button_border_width-top:0px;--button_border_width-right:0px;--button_border_width-bottom:0px;--button_border_width-left:0px;--button-border-radius-top-left:0;--button-border-radius-top-right:0;--button-border-radius-bottom-right:0;--button-border-radius-bottom-left:0;--button_gradient_angle:163deg;--button_gradient_top_color:var(--awb-color6);--button_gradient_bottom_color:var(--awb-color7);--button_gradient_top_color_hover:var(--awb-color5);--button_gradient_bottom_color_hover:var(--awb-color4);--button_text_transform:var(--awb-typography3-text-transform);--button_font_size:var(--awb-typography3-font-size);--button_line_height:var(--awb-typography3-line-height);--button_typography-letter-spacing:var(--awb-typography3-letter-spacing);--button_typography-font-family:var(--awb-typography3-font-family);--button_typography-font-weight:var(--awb-typography3-font-weight);--button_typography-font-style:var(--awb-typography3-font-style);\" target=\"_blank\" rel=\"noopener noreferrer\" href=\"https:\/\/www.bibleserver.com\/EU\/Johannes1\"><span class=\"fusion-button-text awb-button__text awb-button__text--default\">Jetzt lesen&#8230;<\/span><\/a><\/div><\/div><\/div><\/div><\/div><div class=\"fusion-fullwidth fullwidth-box fusion-builder-row-2 fusion-flex-container has-pattern-background has-mask-background nonhundred-percent-fullwidth non-hundred-percent-height-scrolling\" style=\"--awb-border-radius-top-left:0px;--awb-border-radius-top-right:0px;--awb-border-radius-bottom-right:0px;--awb-border-radius-bottom-left:0px;--awb-flex-wrap:wrap;\" ><div class=\"fusion-builder-row fusion-row fusion-flex-align-items-flex-start fusion-flex-content-wrap\" style=\"max-width:1248px;margin-left: calc(-4% \/ 2 );margin-right: calc(-4% \/ 2 );\"><div class=\"fusion-layout-column fusion_builder_column fusion-builder-column-2 fusion_builder_column_1_1 1_1 fusion-flex-column\" style=\"--awb-bg-size:cover;--awb-width-large:100%;--awb-margin-top-large:0px;--awb-spacing-right-large:1.92%;--awb-margin-bottom-large:20px;--awb-spacing-left-large:1.92%;--awb-width-medium:100%;--awb-order-medium:0;--awb-spacing-right-medium:1.92%;--awb-spacing-left-medium:1.92%;--awb-width-small:100%;--awb-order-small:0;--awb-spacing-right-small:1.92%;--awb-spacing-left-small:1.92%;\"><div class=\"fusion-column-wrapper fusion-column-has-shadow fusion-flex-justify-content-flex-start fusion-content-layout-column\"><div class=\"fusion-separator fusion-full-width-sep\" style=\"align-self: center;margin-left: auto;margin-right: auto;margin-top:10px;margin-bottom:10px;width:100%;\"><\/div><div class=\"fusion-title title fusion-title-2 fusion-sep-none fusion-title-text fusion-title-size-one\" style=\"--awb-margin-top-small:10px;--awb-margin-right-small:0px;--awb-margin-bottom-small:10px;--awb-margin-left-small:0px;\"><h1 class=\"fusion-title-heading title-heading-left fusion-responsive-typography-calculated\" style=\"margin:0;--fontSize:35;line-height:1.2;\"><div dir=\"auto\">T\u00e4gliche Zusammenfassung<\/div>\n<div dir=\"auto\">des Johannesevangeliums<\/div><\/h1><\/div><div class=\"fusion-title title fusion-title-3 fusion-sep-none fusion-title-text fusion-title-size-two\" style=\"--awb-margin-top-small:10px;--awb-margin-right-small:0px;--awb-margin-bottom-small:10px;--awb-margin-left-small:0px;\"><h2 class=\"fusion-title-heading title-heading-left fusion-responsive-typography-calculated\" style=\"margin:0;--fontSize:28;line-height:1.2;\"><div dir=\"auto\">Kapitel 17<\/div>\n<div dir=\"auto\"><\/div>\n<div dir=\"auto\"><\/div><\/h2><\/div><div class=\"fusion-separator fusion-full-width-sep\" style=\"align-self: center;margin-left: auto;margin-right: auto;margin-top:10px;margin-bottom:10px;width:100%;\"><\/div><div class=\"fusion-text fusion-text-2\"><div class=\"x11i5rnm xat24cr x1mh8g0r x1vvkbs xtlvy1s x126k92a\">\n<p>In Johannes Kapitel 17 betet Jesus sein hohespriesterliches Gebet, in dem er sich an den Vater wendet und f\u00fcr sich selbst, seine J\u00fcnger und alle zuk\u00fcnftigen Gl\u00e4ubigen betet. Dieses Kapitel ist ein tiefes und bewegendes Gebet, das Jesu innige Beziehung zum Vater und seine Liebe zu seinen J\u00fcngern offenbart.<\/p>\n<p>Zun\u00e4chst betet Jesus f\u00fcr sich selbst und bittet den Vater, ihn zu verherrlichen, damit er den Vater verherrlichen kann. Er spricht von dem Werk, das er vollbracht hat, indem er den Menschen das ewige Leben offenbart hat, welches darin besteht, den einzig wahren Gott und Jesus Christus, den der Vater gesandt hat, zu erkennen. Jesus bittet um die Verherrlichung, die er beim Vater hatte, bevor die Welt war.<\/p>\n<p>Dann betet Jesus f\u00fcr seine J\u00fcnger. Er bittet den Vater, sie zu bewahren und zu heiligen. Jesus spricht von der Freude, die er in ihnen haben m\u00f6chte, und bittet darum, dass sie eins sind, wie er und der Vater eins sind. Er betet, dass der Vater sie vor dem B\u00f6sen sch\u00fctzt und sie in der Wahrheit heiligt. Jesus hebt hervor, dass er sie in die Welt gesandt hat, so wie der Vater ihn gesandt hat.<\/p>\n<p>Schlie\u00dflich betet Jesus f\u00fcr alle, die durch das Wort seiner J\u00fcnger an ihn glauben werden. Er bittet um Einheit unter allen Gl\u00e4ubigen, damit die Welt glaubt, dass der Vater ihn gesandt hat. Jesus spricht von der Herrlichkeit, die er ihnen gegeben hat, damit sie eins seien, wie er und der Vater eins sind. Er schlie\u00dft sein Gebet mit dem Wunsch, dass die Gl\u00e4ubigen dort seien, wo er ist, und seine Herrlichkeit sehen, die ihm vom Vater gegeben wurde.<\/p>\n<\/div>\n<\/div><div class=\"fusion-separator fusion-full-width-sep\" style=\"align-self: center;margin-left: auto;margin-right: auto;margin-top:10px;margin-bottom:10px;width:100%;\"><div class=\"fusion-separator-border sep-single\" style=\"--awb-height:20px;--awb-amount:20px;border-color:#ffac00;border-top-width:1px;\"><\/div><\/div><div class=\"fusion-text fusion-text-3\"><div class=\"x11i5rnm xat24cr x1mh8g0r x1vvkbs xtlvy1s x126k92a\">\n<div dir=\"auto\">\n<p><strong>Geistlicher Impuls<\/strong><\/p>\n<p><strong>Einheit und Heiligung<\/strong><\/p>\n<p>Jesus betet f\u00fcr unsere Einheit und Heiligung. Lass dich von seinem Gebet inspirieren und strebe danach, in Einheit mit anderen Gl\u00e4ubigen zu leben. \u00d6ffne dein Herz f\u00fcr die Heiligung durch die Wahrheit und sei ein Zeugnis der Liebe und Einheit in der Welt. Erinnere dich daran, dass Jesus f\u00fcr dich gebetet hat und dass seine Liebe und Herrlichkeit in deinem Leben sichtbar werden sollen.<\/p>\n<p>Lies Johannes Kapitel 17 und lass dich von Jesu hohempriesterlichem Gebet inspirieren. Erkenne seine tiefe Liebe und F\u00fcrsorge f\u00fcr dich und alle Gl\u00e4ubigen. Suche die Einheit mit deinen Glaubensgeschwistern und lebe in der Wahrheit, die Jesus uns offenbart hat. Vertraue darauf, dass Jesus f\u00fcr dich betet und dich in seiner Liebe bewahrt.<\/p>\n<p><strong>\u00a0<\/strong>Habt einen gesegneten Tag!<\/p>\n<\/div>\n<\/div>\n<div class=\"x11i5rnm xat24cr x1mh8g0r x1vvkbs xtlvy1s x126k92a\">\n<div dir=\"auto\">\n<p>Euer Pfarrer Diradur<\/p>\n<\/div>\n<\/div>\n<\/div><\/div><\/div><\/div><\/div><\/p>","protected":false},"excerpt":{"rendered":"","protected":false},"author":8,"featured_media":19482,"comment_status":"closed","ping_status":"closed","sticky":false,"template":"","format":"standard","meta":{"footnotes":""},"categories":[71,65],"tags":[543,541,542],"class_list":["post-19437","post","type-post","status-publish","format-standard","has-post-thumbnail","hentry","category-abt1","category-glaubensfragen","tag-bibel","tag-johannesevangelium","tag-logos"],"_links":{"self":[{"href":"https:\/\/agbw.org\/am\/wp-json\/wp\/v2\/posts\/19437","targetHints":{"allow":["GET"]}}],"collection":[{"href":"https:\/\/agbw.org\/am\/wp-json\/wp\/v2\/posts"}],"about":[{"href":"https:\/\/agbw.org\/am\/wp-json\/wp\/v2\/types\/post"}],"author":[{"embeddable":true,"href":"https:\/\/agbw.org\/am\/wp-json\/wp\/v2\/users\/8"}],"replies":[{"embeddable":true,"href":"https:\/\/agbw.org\/am\/wp-json\/wp\/v2\/comments?post=19437"}],"version-history":[{"count":0,"href":"https:\/\/agbw.org\/am\/wp-json\/wp\/v2\/posts\/19437\/revisions"}],"wp:featuredmedia":[{"embeddable":true,"href":"https:\/\/agbw.org\/am\/wp-json\/wp\/v2\/media\/19482"}],"wp:attachment":[{"href":"https:\/\/agbw.org\/am\/wp-json\/wp\/v2\/media?parent=19437"}],"wp:term":[{"taxonomy":"category","embeddable":true,"href":"https:\/\/agbw.org\/am\/wp-json\/wp\/v2\/categories?post=19437"},{"taxonomy":"post_tag","embeddable":true,"href":"https:\/\/agbw.org\/am\/wp-json\/wp\/v2\/tags?post=19437"}],"curies":[{"name":"wp","href":"https:\/\/api.w.org\/{rel}","templated":true}]}}