{"id":19472,"date":"2024-08-02T11:41:52","date_gmt":"2024-08-02T09:41:52","guid":{"rendered":"https:\/\/agbw.org\/?p=19472"},"modified":"2024-08-19T09:45:49","modified_gmt":"2024-08-19T07:45:49","slug":"save-the-date-armenische-kulturtage-stuttgart-17-27-10-2024","status":"publish","type":"post","link":"https:\/\/agbw.org\/am\/2024\/save-the-date-armenische-kulturtage-stuttgart-17-27-10-2024\/","title":{"rendered":"Save the Date: Armenische Kulturtage Stuttgart. 17. &#8211; 27.10.2024"},"content":{"rendered":"<div class=\"fusion-fullwidth fullwidth-box fusion-builder-row-1 fusion-flex-container nonhundred-percent-fullwidth non-hundred-percent-height-scrolling\" style=\"--awb-border-radius-top-left:0px;--awb-border-radius-top-right:0px;--awb-border-radius-bottom-right:0px;--awb-border-radius-bottom-left:0px;--awb-flex-wrap:wrap;\" ><div class=\"fusion-builder-row fusion-row fusion-flex-align-items-flex-start fusion-flex-content-wrap\" style=\"max-width:1248px;margin-left: calc(-4% \/ 2 );margin-right: calc(-4% \/ 2 );\"><div class=\"fusion-layout-column fusion_builder_column fusion-builder-column-0 fusion_builder_column_1_1 1_1 fusion-flex-column\" style=\"--awb-bg-size:cover;--awb-width-large:100%;--awb-margin-top-large:0px;--awb-spacing-right-large:1.92%;--awb-margin-bottom-large:0px;--awb-spacing-left-large:1.92%;--awb-width-medium:100%;--awb-spacing-right-medium:1.92%;--awb-spacing-left-medium:1.92%;--awb-width-small:100%;--awb-spacing-right-small:1.92%;--awb-spacing-left-small:1.92%;\"><div class=\"fusion-column-wrapper fusion-flex-justify-content-flex-start fusion-content-layout-column\"><div class=\"fusion-title title fusion-title-1 fusion-sep-none fusion-title-text fusion-title-size-one\" style=\"--awb-margin-top-small:10px;--awb-margin-right-small:0px;--awb-margin-bottom-small:10px;--awb-margin-left-small:0px;\"><h1 class=\"fusion-title-heading title-heading-left fusion-responsive-typography-calculated\" style=\"margin:0;--fontSize:35;line-height:1.2;\">Save the date! Armenische Kulturtage Stuttgart<\/h1><\/div><div class=\"fusion-title title fusion-title-2 fusion-sep-none fusion-title-text fusion-title-size-two\" style=\"--awb-margin-top-small:10px;--awb-margin-right-small:0px;--awb-margin-bottom-small:10px;--awb-margin-left-small:0px;\"><h2 class=\"fusion-title-heading title-heading-left fusion-responsive-typography-calculated\" style=\"margin:0;--fontSize:28;line-height:1.2;\">17. bis 27. Oktober 2024<\/h2><\/div><div class=\"fusion-separator fusion-full-width-sep\" style=\"align-self: center;margin-left: auto;margin-right: auto;margin-top:15px;margin-bottom:15px;width:100%;\"><div class=\"fusion-separator-border sep-single\" style=\"--awb-height:20px;--awb-amount:20px;border-color:#ffac00;border-top-width:1px;\"><\/div><\/div><div class=\"fusion-text fusion-text-1\"><p class=\"cvGsUA direction-ltr align-start para-style-body\"><strong><span class=\"OYPEnA font-feature-liga-off font-feature-clig-off font-feature-calt-off text-decoration-none text-strikethrough-none\">Vom 17. bis 27. Oktober 2024 laden wir Sie ein, die vielf\u00e4ltige Kultur der Armenier zu entdecken und mit uns auf eine Reise durch die Vergangenheit, Gegenwart und Zukunft dieser einzigartigen lebendigen Kultur zu gehen.<\/span><\/strong><\/p>\n<p class=\"cvGsUA direction-ltr align-start para-style-body\"><span class=\"OYPEnA font-feature-liga-off font-feature-clig-off font-feature-calt-off text-decoration-none text-strikethrough-none\">Seit ihrer Premiere im Jahr 2011 haben sich die Armenischen Kulturtage in Stuttgart zu einem j\u00e4hrlichen H\u00f6hepunkt entwickelt. Dieses Jahr stehen sie ganz im Zeichen des Mottos \u201eVerwurzelt in der Vergangenheit, offen f\u00fcr die Zukunft: Armenien im Wandel der Zeit\u201c.<\/span><\/p>\n<p class=\"cvGsUA direction-ltr align-start para-style-body\"><span class=\"OYPEnA font-feature-liga-off font-feature-clig-off font-feature-calt-off text-decoration-none text-strikethrough-none\">Unsere Absicht geht \u00fcber die Feier der reichen armenischen Kultur hinaus \u2013<\/span> <span class=\"OYPEnA font-feature-liga-off font-feature-clig-off font-feature-calt-off text-decoration-none text-strikethrough-none\">Wir wollen nicht allein f\u00fcr die armenische Kultur begeistern, sondern vor allem einen Beitrag zum Dialog der Kulturen leisten. Austausch, Kennenlernen und Begegnungen sind der Weg, gemeinsam eine gute Zukunft in Deutschland und Europa zu gestalten.<\/span><\/p>\n<p class=\"cvGsUA direction-ltr align-start para-style-body\"><span class=\"OYPEnA font-feature-liga-off font-feature-clig-off font-feature-calt-off text-decoration-none text-strikethrough-none\">H\u00f6hepunkte des diesj\u00e4hrigen Programms sind das Er\u00f6ffnungskonzert mit Diana Sahakyan, Autorengespr\u00e4che und Buchpr\u00e4sentationen u.a. mit den gefeierten Schriftstellerinnen Narine Abgaryan und Laura Cwiertnia, Kinder- und Jugendprojekte, kreative Workshops, Filmvorf\u00fchrungen, Sakralmusik mit Geghard Enselbe, Jazz mit Tigran Hamasyan und eine unvergessliche musikalische Abschlussgala mit dem Kammerorchester der Republik Armenien unter der Leitung des Gastdirigenten Fritz Kr\u00e4mer.<\/span><\/p>\n<p class=\"cvGsUA direction-ltr align-start para-style-body\"><span class=\"OYPEnA font-feature-liga-off font-feature-clig-off font-feature-calt-off text-decoration-none text-strikethrough-none\">Seien Sie Teil dieser bewegenden Initiative, die die Kraft der Kultur nutzt, um f\u00fcr Frieden und Verst\u00e4ndigung zu werben. Treten Sie ein in eine Welt der Musik, Literatur, Diskussionen und Begegnungen \u2013 gemeinsam f\u00fcr eine friedliche Zukunft.<\/span><\/p>\n<p>Weitere Infos folgen bald!<\/p>\n<\/div><\/div><\/div><\/div><\/div>","protected":false},"excerpt":{"rendered":"","protected":false},"author":1,"featured_media":19473,"comment_status":"closed","ping_status":"closed","sticky":false,"template":"","format":"standard","meta":{"footnotes":""},"categories":[72,142,58],"tags":[544,324,545,414],"class_list":["post-19472","post","type-post","status-publish","format-standard","has-post-thumbnail","hentry","category-abt3","category-aktuell","category-allgemein","tag-akts-2024","tag-armenische-kulturtage","tag-kulturtage","tag-stuttgart"],"_links":{"self":[{"href":"https:\/\/agbw.org\/am\/wp-json\/wp\/v2\/posts\/19472","targetHints":{"allow":["GET"]}}],"collection":[{"href":"https:\/\/agbw.org\/am\/wp-json\/wp\/v2\/posts"}],"about":[{"href":"https:\/\/agbw.org\/am\/wp-json\/wp\/v2\/types\/post"}],"author":[{"embeddable":true,"href":"https:\/\/agbw.org\/am\/wp-json\/wp\/v2\/users\/1"}],"replies":[{"embeddable":true,"href":"https:\/\/agbw.org\/am\/wp-json\/wp\/v2\/comments?post=19472"}],"version-history":[{"count":0,"href":"https:\/\/agbw.org\/am\/wp-json\/wp\/v2\/posts\/19472\/revisions"}],"wp:featuredmedia":[{"embeddable":true,"href":"https:\/\/agbw.org\/am\/wp-json\/wp\/v2\/media\/19473"}],"wp:attachment":[{"href":"https:\/\/agbw.org\/am\/wp-json\/wp\/v2\/media?parent=19472"}],"wp:term":[{"taxonomy":"category","embeddable":true,"href":"https:\/\/agbw.org\/am\/wp-json\/wp\/v2\/categories?post=19472"},{"taxonomy":"post_tag","embeddable":true,"href":"https:\/\/agbw.org\/am\/wp-json\/wp\/v2\/tags?post=19472"}],"curies":[{"name":"wp","href":"https:\/\/api.w.org\/{rel}","templated":true}]}}