{"id":19540,"date":"2024-09-15T18:16:12","date_gmt":"2024-09-15T16:16:12","guid":{"rendered":"https:\/\/agbw.org\/?p=19540"},"modified":"2024-09-15T18:27:14","modified_gmt":"2024-09-15T16:27:14","slug":"chorkonzert-himmlische-klaenge-mit-dem-beruehmten-geghard-chor-aus-armenien","status":"publish","type":"post","link":"https:\/\/agbw.org\/am\/2024\/chorkonzert-himmlische-klaenge-mit-dem-beruehmten-geghard-chor-aus-armenien\/","title":{"rendered":"CHORKONZERT: Himmlische Kl\u00e4nge mit dem ber\u00fchmten Geghard Chor aus Armenien"},"content":{"rendered":"<div class=\"fusion-fullwidth fullwidth-box fusion-builder-row-1 fusion-flex-container has-pattern-background has-mask-background nonhundred-percent-fullwidth non-hundred-percent-height-scrolling\" style=\"--awb-border-radius-top-left:0px;--awb-border-radius-top-right:0px;--awb-border-radius-bottom-right:0px;--awb-border-radius-bottom-left:0px;--awb-flex-wrap:wrap;\" ><div class=\"fusion-builder-row fusion-row fusion-flex-align-items-flex-start fusion-flex-content-wrap\" style=\"max-width:1248px;margin-left: calc(-4% \/ 2 );margin-right: calc(-4% \/ 2 );\"><div class=\"fusion-layout-column fusion_builder_column fusion-builder-column-0 fusion_builder_column_1_1 1_1 fusion-flex-column\" style=\"--awb-bg-size:cover;--awb-width-large:100%;--awb-margin-top-large:0px;--awb-spacing-right-large:1.92%;--awb-margin-bottom-large:20px;--awb-spacing-left-large:1.92%;--awb-width-medium:100%;--awb-order-medium:0;--awb-spacing-right-medium:1.92%;--awb-spacing-left-medium:1.92%;--awb-width-small:100%;--awb-order-small:0;--awb-spacing-right-small:1.92%;--awb-spacing-left-small:1.92%;\"><div class=\"fusion-column-wrapper fusion-column-has-shadow fusion-flex-justify-content-flex-start fusion-content-layout-column\"><div class=\"fusion-title title fusion-title-1 fusion-sep-none fusion-title-text fusion-title-size-one\" style=\"--awb-margin-top-small:10px;--awb-margin-right-small:0px;--awb-margin-bottom-small:10px;--awb-margin-left-small:0px;\"><h1 class=\"fusion-title-heading title-heading-left fusion-responsive-typography-calculated\" style=\"margin:0;--fontSize:35;line-height:1.2;\"><span style=\"font-size: 14pt;\"><strong>CHORKONZERT: Himmlische Kl\u00e4nge mit dem ber\u00fchmten Geghard Chor aus Armenien<\/strong><\/span><\/h1><\/div><div class=\"fusion-title title fusion-title-2 fusion-sep-none fusion-title-text fusion-title-size-two\" style=\"--awb-margin-top-small:10px;--awb-margin-right-small:0px;--awb-margin-bottom-small:10px;--awb-margin-left-small:0px;\"><h2 class=\"fusion-title-heading title-heading-left fusion-responsive-typography-calculated\" style=\"margin:0;--fontSize:28;line-height:1.2;\"><span style=\"font-size: 14pt;\">18. Oktober 2024<\/span><\/h2><\/div><div class=\"fusion-text fusion-text-1\"><p>Tauchen Sie ein in eine Welt spiritueller Harmonie und erleben Sie die einzigartigen Stimmen des <strong>Geghard Chors<\/strong>, der f\u00fcr seine kraftvollen und ber\u00fchrenden Darbietungen sakraler Musik weltweite Anerkennung genie\u00dft. Direkt aus Armenien bringt der Chor eine unvergleichliche Mischung aus <strong>Tradition und Moderne<\/strong> auf die B\u00fchne, die tief in der armenischen Kirchenmusik verwurzelt ist und zugleich einen zeitgen\u00f6ssischen Klang entfaltet.<\/p>\n<p>Das Konzert wird durch eine <strong>Podiumsdiskussion<\/strong> er\u00f6ffnet, bei der der <strong>Direktor des Geghard Ensembles<\/strong> spannende Einblicke in die Entwicklung der Kirchenmusik gibt. Lassen Sie sich von den Einfl\u00fcssen traditioneller armenischer Melodien und ihrer modernen Interpretation faszinieren.<\/p>\n<p>Diese einzigartige Auff\u00fchrung verspricht eine musikalische Reise, die K\u00f6rper, Geist und Seele ber\u00fchrt \u2013 ein Erlebnis, das lange nachklingt.<\/p>\n<p><strong>Programm:<\/strong><\/p>\n<ul>\n<li><strong>Podiumsdiskussion<\/strong>: \u201eTradition und Moderne in der Kirchenmusik\u201c<\/li>\n<li><strong>Konzert<\/strong>: Sakrale und traditionelle Werke des Geghard Chors<\/li>\n<\/ul>\n<p><strong>Datum:<\/strong> Freitag, 18. Oktober 2024<br \/>\n<strong>Uhrzeit:<\/strong> 19:00 Uhr (Podiumsdiskussion von 19:00 bis 19:30 Uhr, Konzert ab 19:30 Uhr)<br \/>\n<strong>Ort:<\/strong> Ged\u00e4chtniskirche Stuttgart, H\u00f6lderlinstr. 14, 70174 Stuttgart<br \/>\n<strong>Eintritt frei \u2013 Spenden willkommen<\/strong><\/p>\n<p>Erleben Sie die <strong>himmlischen Kl\u00e4nge<\/strong> des Geghard Chors und entdecken Sie, wie Tradition und Moderne in der armenischen Kirchenmusik eine perfekte Symbiose eingehen.<\/p>\n<p>#GeghardChor #HimmlischeKl\u00e4nge #ArmenischeKulturtage2024 #Kirchenmusik #TraditionUndModerne<\/p>\n<\/div><div class=\"fusion-separator fusion-full-width-sep\" style=\"align-self: center;margin-left: auto;margin-right: auto;margin-top:15px;margin-bottom:15px;width:100%;\"><div class=\"fusion-separator-border sep-double sep-solid\" style=\"--awb-height:20px;--awb-amount:20px;border-color:#ffac00;border-top-width:1px;border-bottom-width:1px;\"><\/div><\/div><\/div><\/div><\/div><\/div>","protected":false},"excerpt":{"rendered":"","protected":false},"author":8,"featured_media":19606,"comment_status":"closed","ping_status":"closed","sticky":false,"template":"","format":"standard","meta":{"footnotes":""},"categories":[72,58,64],"tags":[],"class_list":["post-19540","post","type-post","status-publish","format-standard","has-post-thumbnail","hentry","category-abt3","category-allgemein","category-gemeinde"],"_links":{"self":[{"href":"https:\/\/agbw.org\/am\/wp-json\/wp\/v2\/posts\/19540","targetHints":{"allow":["GET"]}}],"collection":[{"href":"https:\/\/agbw.org\/am\/wp-json\/wp\/v2\/posts"}],"about":[{"href":"https:\/\/agbw.org\/am\/wp-json\/wp\/v2\/types\/post"}],"author":[{"embeddable":true,"href":"https:\/\/agbw.org\/am\/wp-json\/wp\/v2\/users\/8"}],"replies":[{"embeddable":true,"href":"https:\/\/agbw.org\/am\/wp-json\/wp\/v2\/comments?post=19540"}],"version-history":[{"count":0,"href":"https:\/\/agbw.org\/am\/wp-json\/wp\/v2\/posts\/19540\/revisions"}],"wp:featuredmedia":[{"embeddable":true,"href":"https:\/\/agbw.org\/am\/wp-json\/wp\/v2\/media\/19606"}],"wp:attachment":[{"href":"https:\/\/agbw.org\/am\/wp-json\/wp\/v2\/media?parent=19540"}],"wp:term":[{"taxonomy":"category","embeddable":true,"href":"https:\/\/agbw.org\/am\/wp-json\/wp\/v2\/categories?post=19540"},{"taxonomy":"post_tag","embeddable":true,"href":"https:\/\/agbw.org\/am\/wp-json\/wp\/v2\/tags?post=19540"}],"curies":[{"name":"wp","href":"https:\/\/api.w.org\/{rel}","templated":true}]}}