{"id":19655,"date":"2024-09-15T20:39:33","date_gmt":"2024-09-15T18:39:33","guid":{"rendered":"https:\/\/agbw.org\/?p=19655"},"modified":"2024-10-25T10:24:59","modified_gmt":"2024-10-25T08:24:59","slug":"abschlusskonzert-nationale-kammerorchester-armenien","status":"publish","type":"post","link":"https:\/\/agbw.org\/am\/2024\/abschlusskonzert-nationale-kammerorchester-armenien\/","title":{"rendered":"ABSCHLUSSKONZERT Nationales Kammerorchester Armenien"},"content":{"rendered":"<div class=\"fusion-fullwidth fullwidth-box fusion-builder-row-1 fusion-flex-container has-pattern-background has-mask-background nonhundred-percent-fullwidth non-hundred-percent-height-scrolling\" style=\"--awb-border-radius-top-left:0px;--awb-border-radius-top-right:0px;--awb-border-radius-bottom-right:0px;--awb-border-radius-bottom-left:0px;--awb-flex-wrap:wrap;\" ><div class=\"fusion-builder-row fusion-row fusion-flex-align-items-flex-start fusion-flex-content-wrap\" style=\"max-width:1248px;margin-left: calc(-4% \/ 2 );margin-right: calc(-4% \/ 2 );\"><div class=\"fusion-layout-column fusion_builder_column fusion-builder-column-0 fusion_builder_column_1_1 1_1 fusion-flex-column\" style=\"--awb-bg-size:cover;--awb-width-large:100%;--awb-margin-top-large:0px;--awb-spacing-right-large:1.92%;--awb-margin-bottom-large:20px;--awb-spacing-left-large:1.92%;--awb-width-medium:100%;--awb-order-medium:0;--awb-spacing-right-medium:1.92%;--awb-spacing-left-medium:1.92%;--awb-width-small:100%;--awb-order-small:0;--awb-spacing-right-small:1.92%;--awb-spacing-left-small:1.92%;\"><div class=\"fusion-column-wrapper fusion-column-has-shadow fusion-flex-justify-content-flex-start fusion-content-layout-column\"><div class=\"fusion-title title fusion-title-1 fusion-sep-none fusion-title-text fusion-title-size-one\" style=\"--awb-margin-top-small:10px;--awb-margin-right-small:0px;--awb-margin-bottom-small:10px;--awb-margin-left-small:0px;\"><h1 class=\"fusion-title-heading title-heading-left fusion-responsive-typography-calculated\" style=\"margin:0;--fontSize:35;line-height:1.2;\"><p><a href=\"https:\/\/armenische-kulturtage-stuttgart.reservix.de\/tickets-abschlusskonzert-in-stuttgart-stiftskirche-stuttgart-am-27-10-2024\/e2314418\" target=\"_blank\" rel=\"noopener\"><span style=\"font-size: 14pt;\"><strong>ABSCHLUSSKONZERT<br \/>\nNationales Kammerorchester Armenien<br \/>\nLeitung: Fritz Kr\u00e4mer<\/strong><\/span><\/a><\/p><\/h1><\/div><div class=\"fusion-title title fusion-title-2 fusion-sep-none fusion-title-text fusion-title-size-two\" style=\"--awb-margin-top-small:10px;--awb-margin-right-small:0px;--awb-margin-bottom-small:10px;--awb-margin-left-small:0px;\"><h2 class=\"fusion-title-heading title-heading-left fusion-responsive-typography-calculated\" style=\"margin:0;--fontSize:28;line-height:1.2;\"><span style=\"font-size: 14pt;\">27. Oktober 2024<\/span><\/h2><\/div><div class=\"fusion-text fusion-text-1\"><p>Ein musikalisches Highlight erwartet Stuttgart: Zum Abschluss der Armenischen Kulturtage 2024 verwandelt sich die <em>Evangelische Stiftskirche<\/em> in einen Ort der Inspiration und Emotionalit\u00e4t. Das weltbekannte <a href=\"https:\/\/nccm.am\/en\/page\/hpkn\" target=\"_blank\" rel=\"noopener\"><strong>Nationale Kammerorchester Armeniens<\/strong><\/a>, unter der Leitung des charismatischen Dirigenten <a href=\"https:\/\/www.fritzkraemer.de\/biography.htm\" target=\"_blank\" rel=\"noopener\"><strong>Fritz Kr\u00e4mer<\/strong><\/a>, l\u00e4dt zu einem unvergesslichen Konzert ein, das Sie tief in die Seele Armeniens eintauchen l\u00e4sst.<\/p>\n<p>Auf dem Programm stehen nicht nur die Werke des unsterblichen <strong>Charles Aznavour<\/strong>, der weltweit Herzen ber\u00fchrte, sondern auch die bewegenden Kompositionen von <strong>Tigran Mansurian<\/strong>, einem der herausragendsten zeitgen\u00f6ssischen Komponisten Armeniens. Diese au\u00dfergew\u00f6hnlichen St\u00fccke erz\u00e4hlen Geschichten von Heimat, Sehnsucht und dem Puls der Zeit \u2013 und zeigen, wie Armenien die Vergangenheit mit einer mutigen Vision f\u00fcr die Zukunft verbindet. Dazu erklingen Meisterwerke von <strong>Komitas Vardapet<\/strong> und <strong>Robert Amirkhanyan<\/strong>, die mit ihrer einzigartigen musikalischen Sprache tief verwurzelte Emotionen hervorrufen.<\/p>\n<p>Das Nationale Kammerorchester Armeniens ist ein kulturelles Juwel. Gegr\u00fcndet im Jahr 1962, hat es sich auf internationalen B\u00fchnen wie der Carnegie Hall in New York und beim Canterbury Festival in Gro\u00dfbritannien einen Namen gemacht. Unter Fritz Kr\u00e4mers meisterhafter F\u00fchrung setzt das Ensemble neue Ma\u00dfst\u00e4be, indem es die kraftvollen Kl\u00e4nge traditioneller armenischer Instrumente mit der Eleganz der Klassik verschmelzen l\u00e4sst.<\/p>\n<p>Verpassen Sie nicht diesen magischen Abend, an dem Kulturgrenzen verschwimmen und Musik eine Br\u00fccke zwischen Vergangenheit und Zukunft schl\u00e4gt. Seien Sie dabei, wenn Geschichte lebendig wird und die Musik zu einer Reise voller Emotionen einl\u00e4dt.<\/p>\n<p><strong>Datum:<\/strong> Sonntag, 27. Oktober 2024<br \/>\n<strong>Uhrzeit:<\/strong> 19:00 Uhr<br \/>\n<strong>Ort:<\/strong> Evangelische Stiftskirche, Stiftstra\u00dfe 12, 70173 Stuttgart<br \/>\n<strong>Eintritt:<\/strong> 12,00 Euro (Erm\u00e4\u00dfigungen f\u00fcr Sch\u00fcler, Studierende und Rentner)<br \/>\n<a href=\"https:\/\/armenische-kulturtage-stuttgart.reservix.de\/tickets-abschlusskonzert-in-stuttgart-stiftskirche-stuttgart-am-27-10-2024\/e2314418\" target=\"_blank\" rel=\"noopener\"><strong>Tickets:<\/strong> Erh\u00e4ltlich \u00fcber <strong>Reservix<\/strong><\/a><\/p>\n<p>Tauchen Sie ein in die faszinierende Klangwelt Armeniens und lassen Sie sich von der Musik verzaubern \u2013 ein Abend, der lange in Erinnerung bleiben wird!<\/p>\n<\/div><div class=\"fusion-separator fusion-full-width-sep\" style=\"align-self: center;margin-left: auto;margin-right: auto;margin-top:15px;margin-bottom:15px;width:100%;\"><div class=\"fusion-separator-border sep-double sep-solid\" style=\"--awb-height:20px;--awb-amount:20px;border-color:#ffac00;border-top-width:1px;border-bottom-width:1px;\"><\/div><\/div><\/div><\/div><\/div><\/div>","protected":false},"excerpt":{"rendered":"","protected":false},"author":8,"featured_media":19728,"comment_status":"closed","ping_status":"closed","sticky":false,"template":"","format":"standard","meta":{"footnotes":""},"categories":[72,58,64],"tags":[],"class_list":["post-19655","post","type-post","status-publish","format-standard","has-post-thumbnail","hentry","category-abt3","category-allgemein","category-gemeinde"],"_links":{"self":[{"href":"https:\/\/agbw.org\/am\/wp-json\/wp\/v2\/posts\/19655","targetHints":{"allow":["GET"]}}],"collection":[{"href":"https:\/\/agbw.org\/am\/wp-json\/wp\/v2\/posts"}],"about":[{"href":"https:\/\/agbw.org\/am\/wp-json\/wp\/v2\/types\/post"}],"author":[{"embeddable":true,"href":"https:\/\/agbw.org\/am\/wp-json\/wp\/v2\/users\/8"}],"replies":[{"embeddable":true,"href":"https:\/\/agbw.org\/am\/wp-json\/wp\/v2\/comments?post=19655"}],"version-history":[{"count":0,"href":"https:\/\/agbw.org\/am\/wp-json\/wp\/v2\/posts\/19655\/revisions"}],"wp:featuredmedia":[{"embeddable":true,"href":"https:\/\/agbw.org\/am\/wp-json\/wp\/v2\/media\/19728"}],"wp:attachment":[{"href":"https:\/\/agbw.org\/am\/wp-json\/wp\/v2\/media?parent=19655"}],"wp:term":[{"taxonomy":"category","embeddable":true,"href":"https:\/\/agbw.org\/am\/wp-json\/wp\/v2\/categories?post=19655"},{"taxonomy":"post_tag","embeddable":true,"href":"https:\/\/agbw.org\/am\/wp-json\/wp\/v2\/tags?post=19655"}],"curies":[{"name":"wp","href":"https:\/\/api.w.org\/{rel}","templated":true}]}}