{"id":19814,"date":"2024-10-30T09:48:39","date_gmt":"2024-10-30T08:48:39","guid":{"rendered":"https:\/\/agbw.org\/?p=19814"},"modified":"2024-10-30T09:48:39","modified_gmt":"2024-10-30T08:48:39","slug":"internationale-klimakonferenz-in-baku","status":"publish","type":"post","link":"https:\/\/agbw.org\/am\/2024\/internationale-klimakonferenz-in-baku\/","title":{"rendered":"Internationale Klimakonferenz in Baku"},"content":{"rendered":"<div class=\"fusion-fullwidth fullwidth-box fusion-builder-row-1 fusion-flex-container has-pattern-background has-mask-background nonhundred-percent-fullwidth non-hundred-percent-height-scrolling\" style=\"--awb-border-radius-top-left:0px;--awb-border-radius-top-right:0px;--awb-border-radius-bottom-right:0px;--awb-border-radius-bottom-left:0px;--awb-flex-wrap:wrap;\" ><div class=\"fusion-builder-row fusion-row fusion-flex-align-items-flex-start fusion-flex-content-wrap\" style=\"max-width:1248px;margin-left: calc(-4% \/ 2 );margin-right: calc(-4% \/ 2 );\"><div class=\"fusion-layout-column fusion_builder_column fusion-builder-column-0 fusion_builder_column_1_1 1_1 fusion-flex-column\" style=\"--awb-bg-size:cover;--awb-width-large:100%;--awb-margin-top-large:0px;--awb-spacing-right-large:1.92%;--awb-margin-bottom-large:20px;--awb-spacing-left-large:1.92%;--awb-width-medium:100%;--awb-order-medium:0;--awb-spacing-right-medium:1.92%;--awb-spacing-left-medium:1.92%;--awb-width-small:100%;--awb-order-small:0;--awb-spacing-right-small:1.92%;--awb-spacing-left-small:1.92%;\"><div class=\"fusion-column-wrapper fusion-column-has-shadow fusion-flex-justify-content-flex-start fusion-content-layout-column\"><div class=\"fusion-title title fusion-title-1 fusion-sep-none fusion-title-text fusion-title-size-one\" style=\"--awb-margin-top-small:10px;--awb-margin-right-small:0px;--awb-margin-bottom-small:10px;--awb-margin-left-small:0px;\"><h1 class=\"fusion-title-heading title-heading-left fusion-responsive-typography-calculated\" style=\"margin:0;--fontSize:35;line-height:1.2;\">Internationale Klimakonferenz in Baku<\/h1><\/div><div class=\"fusion-title title fusion-title-2 fusion-sep-none fusion-title-text fusion-title-size-two\" style=\"--awb-margin-top-small:10px;--awb-margin-right-small:0px;--awb-margin-bottom-small:10px;--awb-margin-left-small:0px;\"><h2 class=\"fusion-title-heading title-heading-left fusion-responsive-typography-calculated\" style=\"margin:0;--fontSize:28;line-height:1.2;\">Ein moralisches Dilemma inmitten von Menschenrechtsverletzungen<\/h2><\/div><div class=\"fusion-text fusion-text-1\"><p>Die bevorstehende COP29-Klimakonferenz in Baku wirft gro\u00dfe moralische Fragen auf, die \u00fcber Umweltverantwortung hinausreichen. W\u00e4hrend Delegationen aus aller Welt nach Aserbaidschan reisen, entsteht f\u00fcr viele \u2013 insbesondere f\u00fcr Armenier und internationale Menschenrechtsorganisationen \u2013 ein schmerzhafter Widerspruch: Ein autorit\u00e4res Regime, das wenig Engagement im Klimaschutz zeigt und schwerwiegende Menschenrechtsverletzungen an Minderheiten, wie etwa den Armeniern in Arzach (Berg-Karabach), begangen hat, wird zur B\u00fchne globaler Klimaverhandlungen.<\/p>\n<p>Die Diskrepanz ist offensichtlich: Wie kann die Weltgemeinschaft klimatische Verantwortung von einem Land einfordern, das gleichzeitig grundlegende Menschenrechte mit F\u00fc\u00dfen tritt? F\u00fcr die Armenische Gemeinde in Baden-W\u00fcrttemberg e.V. und viele ihrer Mitglieder ist es unverst\u00e4ndlich, dass ein solches Regime als Gastgeber einer Konferenz zu Klimagerechtigkeit auftreten darf, w\u00e4hrend es gegen Kritiker und Minderheiten brutal vorgeht.<\/p>\n<p>Armenische Organisationen und internationale Menschenrechtsgruppen appellieren eindringlich an die Teilnehmerstaaten, diese Themen nicht zu ignorieren. Die Armenische Gemeinde Baden-W\u00fcrttemberg fordert die Landes- und Bundesregierung und deutsche Umweltverb\u00e4nde auf, bei Besuchen in Baku eine klare Position gegen die anhaltenden Menschenrechtsverletzungen zu beziehen. Besonders die Freilassung armenischer Kriegsgefangener, die seit dem Krieg in Berg-Karabach in aserbaidschanischen Gef\u00e4ngnissen unter menschenunw\u00fcrdigen Bedingungen festgehalten werden, sollte dabei im Vordergrund stehen. Ein Friedensgebet, am 10. November 2024, soll an das enge Geflecht zwischen Klima- und Menschenrechtsfragen erinnern \u2013 und daran, dass die Missachtung dieser Verbindung das Fundament einer nachhaltigen Welt gef\u00e4hrdet.<\/p>\n<p>Wie Amnesty International dokumentiert, unterdr\u00fcckt das Regime in Baku konsequent das Recht auf freie Meinungs\u00e4u\u00dferung. Agn\u00e8s Callamard, Generalsekret\u00e4rin von Amnesty, bezeichnet die Entscheidung, COP29 in Aserbaidschan abzuhalten, als widerspr\u00fcchlich: \u201eEin Land, das Klimagerechtigkeit f\u00f6rdern m\u00f6chte, kann nicht zugleich Kritiker inhaftieren und zivilgesellschaftliche Organisationen unterdr\u00fccken.\u201c Aserbaidschan, das nachweislich unabh\u00e4ngige Medien und zivilgesellschaftliches Engagement massiv einschr\u00e4nkt, ist ein denkbar ungeeigneter Gastgeber f\u00fcr eine Konferenz zur Klimagerechtigkeit.<\/p>\n<p>Menschenrechtsorganisationen wie die Gesellschaft f\u00fcr bedrohte V\u00f6lker und die Internationale Gesellschaft f\u00fcr Menschenrechte fordern von den deutschen Delegierten und Politikern klare Schritte: Freilassung der Gefangenen, R\u00fcckkehrrecht f\u00fcr die Vertriebenen und eine offizielle Anerkennung der Verbrechen, die an den Armeniern ver\u00fcbt wurden. Es ist eine alarmierende Realit\u00e4t, dass ein Regime mit einer blutigen Bilanz im Bereich der Menschenrechte und Machtpolitik durch die COP29 eine internationale Legitimation erf\u00e4hrt.<\/p>\n<p>Die globale Gemeinschaft steht vor einer moralischen Entscheidung: Klima und Menschenrechte sind untrennbar verbunden in der Vision einer gerechten Zukunft. Ein Boykott der Veranstaltung mag nicht die einzige L\u00f6sung sein, doch es braucht unmissverst\u00e4ndliche Stellungnahmen gegen Menschenrechtsverletzungen und V\u00f6lkermord, die in jeder Diskussion mitschwingen m\u00fcssen. Es kann keine Klimagerechtigkeit geben, solange L\u00e4nder, die Menschenrechte ignorieren und Minderheiten unterdr\u00fccken, ohne Widerspruch als verantwortungsbewusste Akteure pr\u00e4sentiert werden d\u00fcrfen.<\/p>\n<p>Die Armenische Gemeinde Baden-W\u00fcrttemberg und Menschenrechtsorganisationen weltweit blicken gespannt nach Baku, in der Hoffnung, dass die internationale Politik endlich Verantwortung \u00fcbernimmt \u2013 sowohl f\u00fcr den Schutz unseres Planeten als auch f\u00fcr den Schutz grundlegender Menschenrechte. Es ist an der Zeit, zu erkennen, dass echter Wandel nur m\u00f6glich ist, wenn Gerechtigkeit, Umweltschutz und Menschenrechte gemeinsam verfolgt werden.<\/p>\n<p>AGBW<\/p>\n<\/div><\/div><\/div><\/div><\/div>","protected":false},"excerpt":{"rendered":"","protected":false},"author":1,"featured_media":19815,"comment_status":"closed","ping_status":"closed","sticky":false,"template":"","format":"standard","meta":{"footnotes":""},"categories":[58,141,140],"tags":[],"class_list":["post-19814","post","type-post","status-publish","format-standard","has-post-thumbnail","hentry","category-allgemein","category-armenien","category-arzach"],"_links":{"self":[{"href":"https:\/\/agbw.org\/am\/wp-json\/wp\/v2\/posts\/19814","targetHints":{"allow":["GET"]}}],"collection":[{"href":"https:\/\/agbw.org\/am\/wp-json\/wp\/v2\/posts"}],"about":[{"href":"https:\/\/agbw.org\/am\/wp-json\/wp\/v2\/types\/post"}],"author":[{"embeddable":true,"href":"https:\/\/agbw.org\/am\/wp-json\/wp\/v2\/users\/1"}],"replies":[{"embeddable":true,"href":"https:\/\/agbw.org\/am\/wp-json\/wp\/v2\/comments?post=19814"}],"version-history":[{"count":0,"href":"https:\/\/agbw.org\/am\/wp-json\/wp\/v2\/posts\/19814\/revisions"}],"wp:featuredmedia":[{"embeddable":true,"href":"https:\/\/agbw.org\/am\/wp-json\/wp\/v2\/media\/19815"}],"wp:attachment":[{"href":"https:\/\/agbw.org\/am\/wp-json\/wp\/v2\/media?parent=19814"}],"wp:term":[{"taxonomy":"category","embeddable":true,"href":"https:\/\/agbw.org\/am\/wp-json\/wp\/v2\/categories?post=19814"},{"taxonomy":"post_tag","embeddable":true,"href":"https:\/\/agbw.org\/am\/wp-json\/wp\/v2\/tags?post=19814"}],"curies":[{"name":"wp","href":"https:\/\/api.w.org\/{rel}","templated":true}]}}