{"id":19817,"date":"2024-10-30T10:10:10","date_gmt":"2024-10-30T09:10:10","guid":{"rendered":"https:\/\/agbw.org\/?p=19817"},"modified":"2024-10-30T10:10:10","modified_gmt":"2024-10-30T09:10:10","slug":"schoepfungsbewahrung-und-menschenwuerde","status":"publish","type":"post","link":"https:\/\/agbw.org\/am\/2024\/schoepfungsbewahrung-und-menschenwuerde\/","title":{"rendered":"Sch\u00f6pfungsbewahrung und Menschenw\u00fcrde"},"content":{"rendered":"<div class=\"fusion-fullwidth fullwidth-box fusion-builder-row-1 fusion-flex-container has-pattern-background has-mask-background nonhundred-percent-fullwidth non-hundred-percent-height-scrolling\" style=\"--awb-border-radius-top-left:0px;--awb-border-radius-top-right:0px;--awb-border-radius-bottom-right:0px;--awb-border-radius-bottom-left:0px;--awb-flex-wrap:wrap;\" ><div class=\"fusion-builder-row fusion-row fusion-flex-align-items-flex-start fusion-flex-content-wrap\" style=\"max-width:1248px;margin-left: calc(-4% \/ 2 );margin-right: calc(-4% \/ 2 );\"><div class=\"fusion-layout-column fusion_builder_column fusion-builder-column-0 fusion_builder_column_1_1 1_1 fusion-flex-column\" style=\"--awb-bg-size:cover;--awb-width-large:100%;--awb-margin-top-large:0px;--awb-spacing-right-large:1.92%;--awb-margin-bottom-large:20px;--awb-spacing-left-large:1.92%;--awb-width-medium:100%;--awb-order-medium:0;--awb-spacing-right-medium:1.92%;--awb-spacing-left-medium:1.92%;--awb-width-small:100%;--awb-order-small:0;--awb-spacing-right-small:1.92%;--awb-spacing-left-small:1.92%;\"><div class=\"fusion-column-wrapper fusion-column-has-shadow fusion-flex-justify-content-flex-start fusion-content-layout-column\"><div class=\"fusion-title title fusion-title-1 fusion-sep-none fusion-title-text fusion-title-size-one\" style=\"--awb-margin-top-small:10px;--awb-margin-right-small:0px;--awb-margin-bottom-small:10px;--awb-margin-left-small:0px;\"><h1 class=\"fusion-title-heading title-heading-left fusion-responsive-typography-calculated\" style=\"margin:0;--fontSize:35;line-height:1.2;\">Sch\u00f6pfungsbewahrung und Menschenw\u00fcrde:<\/h1><\/div><div class=\"fusion-title title fusion-title-2 fusion-sep-none fusion-title-text fusion-title-size-two\" style=\"--awb-margin-top-small:10px;--awb-margin-right-small:0px;--awb-margin-bottom-small:10px;--awb-margin-left-small:0px;\"><h2 class=\"fusion-title-heading title-heading-left fusion-responsive-typography-calculated\" style=\"margin:0;--fontSize:28;line-height:1.2;\">Die Unteilbare Ethik der Klimagerechtigkeit<\/h2><\/div><div class=\"fusion-text fusion-text-1\"><p><strong>Teil I: Die Unteilbare Ethik von Klima und Menschenrechten<\/strong><\/p>\n<p>Die COP29-Klimakonferenz in Baku wirft dr\u00e4ngende ethische Fragen auf, die nicht nur die Verantwortung f\u00fcr die Sch\u00f6pfung betreffen, sondern auch den Kern der menschlichen W\u00fcrde. Wie k\u00f6nnen die f\u00fchrenden Nationen der Welt \u00fcber Klimagerechtigkeit sprechen, wenn das Gastgeberland \u2013 Aserbaidschan \u2013 gleichzeitig grundlegende Menschenrechte verletzt und gezielt Minderheiten vertreibt? In einem theologischen und moralischen Kontext betrachtet, fordert uns diese Konferenz dazu auf, eine tiefergehende Reflexion \u00fcber die Unteilbarkeit von Umweltverantwortung und Menschenw\u00fcrde anzustellen.<\/p>\n<p>Die Sch\u00f6pfung ist in der christlichen Theologie nicht blo\u00df eine Ansammlung von Ressourcen, sondern Ausdruck g\u00f6ttlicher Weisheit und G\u00fcte. Sie ist als ein Raum der Gerechtigkeit gedacht, in dem alle Menschen \u2013 unabh\u00e4ngig von ihrer ethnischen oder kulturellen Herkunft \u2013 in W\u00fcrde und Sicherheit leben sollen. Diese Grundlage wird durch die systematische Unterdr\u00fcckung des armenischen Volkes in Aserbaidschan zutiefst verletzt. Das Leid der armenischen Kriegsgefangenen, die weiterhin unter unmenschlichen Bedingungen in Baku festgehalten werden, zeigt deutlich, wie die Missachtung der Menschenw\u00fcrde im Widerspruch zu jedem ernsthaften Bem\u00fchen um \u201eKlimagerechtigkeit\u201c steht.<\/p>\n<\/div><div class=\"fusion-text fusion-text-2\"><p><strong>Teil II: Die Vertreibung und Bedrohung des armenischen Kulturerbes<\/strong><\/p>\n<p>Ein Aspekt, der in den Diskussionen zur COP29 nicht au\u00dfer Acht gelassen werden darf, ist die fortgesetzte Vertreibung der armenischen Bev\u00f6lkerung aus ihren historischen Heimatgebieten, zuletzt im September 2023. Mehr als 120.000 Armenier wurden gezwungen, ihre H\u00e4user, Kirchen und Kulturg\u00fcter in der Region Arzach (Berg-Karabach) zu verlassen. Diese Vertreibung ist mehr als ein geopolitisches Problem; sie ist ein Angriff auf das kulturelle und spirituelle Erbe eines ganzen Volkes. Aserbaidschans Absicht, die armenische Pr\u00e4senz und Identit\u00e4t in diesen Regionen zu zerst\u00f6ren, zeigt sich in der systematischen Bedrohung und Zerst\u00f6rung armenischer Kirchen, Kl\u00f6ster und Kulturst\u00e4tten.<\/p>\n<p>Die Bedrohung des kulturellen Erbes ist nicht nur ein historischer Verlust, sondern auch eine spirituelle Krise. In der christlichen Theologie sind Orte des Glaubens mehr als blo\u00dfe Geb\u00e4ude \u2013 sie sind Ausdruck des kollektiven Ged\u00e4chtnisses und der Identit\u00e4t eines Volkes. Wenn die internationale Gemeinschaft schweigt und Aserbaidschan diese Zerst\u00f6rung ungestraft vorantreiben l\u00e4sst, verfehlt sie ihre moralische Verpflichtung gegen\u00fcber der Menschheit und der Sch\u00f6pfung.<\/p>\n<p>Die Zerst\u00f6rung von Kulturerbe im Zusammenhang mit der Klimakonferenz in Baku veranschaulicht eine tiefere Frage der moralischen Koh\u00e4renz. Wie k\u00f6nnen wir erwarten, dass eine Nation, die das kulturelle Erbe einer Minderheit systematisch zerst\u00f6rt, sich glaubw\u00fcrdig f\u00fcr den Schutz der Natur einsetzt? Eine solche Haltung der Weltgemeinschaft kann nur als Heuchelei empfunden werden und untergr\u00e4bt den wahren Geist der Klimagerechtigkeit.<\/p>\n<\/div><div class=\"fusion-text fusion-text-3\"><p><strong>Teil III: Eine Forderung nach koh\u00e4renter Moral und gerechter Sch\u00f6pfungsethik<\/strong><\/p>\n<p>Angesichts dieser Widerspr\u00fcche ist die Weltgemeinschaft aufgefordert, ihre Teilnahme an der COP29 in Baku nicht ohne klare Positionierung zu vollziehen. Die Verteidigung der Sch\u00f6pfung muss mit einer Verteidigung der Menschenrechte Hand in Hand gehen. Gottes Gebot der Gerechtigkeit ist unteilbar und fordert von uns, dass wir uns nicht nur f\u00fcr die Natur, sondern auch f\u00fcr die Verfolgten und Vertriebenen einsetzen.<\/p>\n<p>Die COP29 kann kein Forum sein, in dem Umweltanliegen von den moralischen Verbrechen gegen die Menschlichkeit getrennt werden. Eine echte Klimagerechtigkeit verlangt eine umfassende Gerechtigkeit, die auch die Verteidigung der kulturellen Identit\u00e4t, des Lebens und der Freiheit jedes Einzelnen einschlie\u00dft. Andernfalls riskieren wir, dass die Worte \u201eKlimaschutz\u201c und \u201eGerechtigkeit\u201c leere H\u00fcllen bleiben.<\/p>\n<p>Diese Konferenz darf nicht einfach eine Plattform sein, auf der Staaten wie Aserbaidschan ihr internationales Ansehen aufpolieren, w\u00e4hrend sie gleichzeitig V\u00f6lkermord, kulturelle Zerst\u00f6rung und Entrechtung betreiben. Wenn die Weltgemeinschaft die Sch\u00f6pfung ernsthaft bewahren will, dann muss sie den Menschenrechten dieselbe Aufmerksamkeit widmen. Alles andere w\u00e4re eine Missachtung der g\u00f6ttlichen Ordnung und ein Verrat an den Grunds\u00e4tzen der wahren Gerechtigkeit.<\/p>\n<\/div><div class=\"fusion-text fusion-text-4\"><p><strong>Die theologische Pflicht zur moralischen Koh\u00e4renz<\/strong><\/p>\n<p>Als Christen glauben wir, dass Gottes Gerechtigkeit allumfassend ist und dass unsere Verantwortung zur Bewahrung der Sch\u00f6pfung nicht von der Pflicht zur Verteidigung der Menschenrechte zu trennen ist. Die COP29 sollte als Gelegenheit dienen, die Nationen daran zu erinnern, dass wahre Sch\u00f6pfungsbewahrung nur in einer Welt m\u00f6glich ist, in der Gerechtigkeit f\u00fcr alle gilt \u2013 auch f\u00fcr die Armenier, die in Arzach um ihre Existenz und ihr Erbe k\u00e4mpfen. Die internationale Gemeinschaft ist aufgefordert, hier mit einer klaren und koh\u00e4renten Moral zu handeln.<\/p>\n<p>Pfr. Dr. Diradur Sardaryan<br \/>\nGemeindepfarrer<\/p>\n<\/div><\/div><\/div><\/div><\/div>","protected":false},"excerpt":{"rendered":"","protected":false},"author":1,"featured_media":19819,"comment_status":"closed","ping_status":"closed","sticky":false,"template":"","format":"standard","meta":{"footnotes":""},"categories":[58,141],"tags":[],"class_list":["post-19817","post","type-post","status-publish","format-standard","has-post-thumbnail","hentry","category-allgemein","category-armenien"],"_links":{"self":[{"href":"https:\/\/agbw.org\/am\/wp-json\/wp\/v2\/posts\/19817","targetHints":{"allow":["GET"]}}],"collection":[{"href":"https:\/\/agbw.org\/am\/wp-json\/wp\/v2\/posts"}],"about":[{"href":"https:\/\/agbw.org\/am\/wp-json\/wp\/v2\/types\/post"}],"author":[{"embeddable":true,"href":"https:\/\/agbw.org\/am\/wp-json\/wp\/v2\/users\/1"}],"replies":[{"embeddable":true,"href":"https:\/\/agbw.org\/am\/wp-json\/wp\/v2\/comments?post=19817"}],"version-history":[{"count":0,"href":"https:\/\/agbw.org\/am\/wp-json\/wp\/v2\/posts\/19817\/revisions"}],"wp:featuredmedia":[{"embeddable":true,"href":"https:\/\/agbw.org\/am\/wp-json\/wp\/v2\/media\/19819"}],"wp:attachment":[{"href":"https:\/\/agbw.org\/am\/wp-json\/wp\/v2\/media?parent=19817"}],"wp:term":[{"taxonomy":"category","embeddable":true,"href":"https:\/\/agbw.org\/am\/wp-json\/wp\/v2\/categories?post=19817"},{"taxonomy":"post_tag","embeddable":true,"href":"https:\/\/agbw.org\/am\/wp-json\/wp\/v2\/tags?post=19817"}],"curies":[{"name":"wp","href":"https:\/\/api.w.org\/{rel}","templated":true}]}}