{"id":19871,"date":"2024-11-10T09:27:18","date_gmt":"2024-11-10T08:27:18","guid":{"rendered":"https:\/\/agbw.org\/?p=19871"},"modified":"2024-11-10T09:46:10","modified_gmt":"2024-11-10T08:46:10","slug":"einladung-zum-gebet-fuer-die-freilassung-der-armenischen-kriegsgefangenen","status":"publish","type":"post","link":"https:\/\/agbw.org\/am\/2024\/einladung-zum-gebet-fuer-die-freilassung-der-armenischen-kriegsgefangenen\/","title":{"rendered":"Einladung zum Gebet f\u00fcr die Freilassung der armenischen Kriegsgefangenen"},"content":{"rendered":"<div class=\"fusion-fullwidth fullwidth-box fusion-builder-row-1 fusion-flex-container has-pattern-background has-mask-background nonhundred-percent-fullwidth non-hundred-percent-height-scrolling\" style=\"--awb-border-radius-top-left:0px;--awb-border-radius-top-right:0px;--awb-border-radius-bottom-right:0px;--awb-border-radius-bottom-left:0px;--awb-flex-wrap:wrap;\" ><div class=\"fusion-builder-row fusion-row fusion-flex-align-items-flex-start fusion-flex-content-wrap\" style=\"max-width:1248px;margin-left: calc(-4% \/ 2 );margin-right: calc(-4% \/ 2 );\"><div class=\"fusion-layout-column fusion_builder_column fusion-builder-column-0 fusion_builder_column_1_1 1_1 fusion-flex-column\" style=\"--awb-bg-size:cover;--awb-width-large:100%;--awb-margin-top-large:0px;--awb-spacing-right-large:1.92%;--awb-margin-bottom-large:20px;--awb-spacing-left-large:1.92%;--awb-width-medium:100%;--awb-order-medium:0;--awb-spacing-right-medium:1.92%;--awb-spacing-left-medium:1.92%;--awb-width-small:100%;--awb-order-small:0;--awb-spacing-right-small:1.92%;--awb-spacing-left-small:1.92%;\"><div class=\"fusion-column-wrapper fusion-column-has-shadow fusion-flex-justify-content-flex-start fusion-content-layout-column\"><div class=\"fusion-title title fusion-title-1 fusion-sep-none fusion-title-text fusion-title-size-one\" style=\"--awb-margin-top-small:10px;--awb-margin-right-small:0px;--awb-margin-bottom-small:10px;--awb-margin-left-small:0px;\"><h1 class=\"fusion-title-heading title-heading-left fusion-responsive-typography-calculated\" style=\"margin:0;--fontSize:35;line-height:1.2;\">Einladung zum Gebet f\u00fcr die Freilassung der armenischen Kriegsgefangenen<\/h1><\/div><div class=\"fusion-text fusion-text-1\"><p>Am Sonntag, den 10. November 2024, wird die Armenische Gemeinde Baden-W\u00fcrttemberg gemeinsam mit der Armenisch-Apostolischen Kirche und ihren \u00f6kumenischen Schwesterkirchen weltweit f\u00fcr die Freilassung der in aserbaidschanischen Gef\u00e4ngnissen festgehaltenen armenischen Kriegsgefangenen und Geiseln beten.<\/p>\n<p>Im <a href=\"https:\/\/agbw.org\/am\/2024\/internationale-klimakonferenz-in-baku\/\" target=\"_blank\" rel=\"noopener\">Vorfeld der Weltklimakonferenz (COP29) in Baku<\/a> wird in allen Di\u00f6zesen der Armenisch-Apostolischen Kirche, auch in unserer Gemeinde, ein spezielles Gebet f\u00fcr die Rechte der armenischen Bev\u00f6lkerung in Bergkarabach gehalten. Im Zentrum dieses Gebets stehen die armenischen Kriegsgefangenen, die illegal und unter Versto\u00df gegen das V\u00f6lkerrecht in Aserbaidschan inhaftiert sind. Diese Gefangenen haben f\u00fcr das Recht auf Selbstbestimmung und den Schutz der Menschenrechte gek\u00e4mpft und sind daher Opfer politischer Repression.<\/p>\n<p>Die Armenisch-Apostolische Kirche und der \u00d6kumenische Rat der Kirchen rufen die Gl\u00e4ubigen weltweit auf, sich an diesem Gebetstag zu beteiligen und auf die dringende Notlage der Gefangenen und politischen Inhaftierten aufmerksam zu machen. Wir haben uns zudem an die zust\u00e4ndigen Stellen gewandt und einen Appell formuliert, der die notwendigen Ma\u00dfnahmen zur Gew\u00e4hrleistung der Rechte der Inhaftierten fordert.<\/p>\n<p>Wir laden alle Mitglieder und Freunde unserer Gemeinde ein, sich uns anzuschlie\u00dfen, um gemeinsam f\u00fcr die Freilassung der Kriegsgefangenen und Geiseln zu beten.<\/p>\n<p><strong>Komm und bete mit uns \u2013 f\u00fcr die Freiheit und die Rechte der Armenier.<\/strong><\/p>\n<\/div><div class=\"fusion-separator fusion-full-width-sep\" style=\"align-self: center;margin-left: auto;margin-right: auto;margin-top:15px;margin-bottom:15px;width:100%;\"><div class=\"fusion-separator-border sep-double sep-solid\" style=\"--awb-height:20px;--awb-amount:20px;border-color:#ffac00;border-top-width:1px;border-bottom-width:1px;\"><\/div><\/div><div class=\"fusion-text fusion-text-2\"><blockquote>\n<p><strong>Hinweis zum heutigen Gottesdienst<\/strong><\/p>\n<p>Der heutige Gottesdienst, einschlie\u00dflich der Wasserweihe und anschlie\u00dfendem Gebet f\u00fcr die Freilassung der Gefangenen, findet in G\u00f6ppingen statt. Bitte beachten Sie jedoch, dass der Gottesdienstort ausnahmsweise ge\u00e4ndert wurde und der Gottesdienst nun in <strong>Rechberghausen<\/strong> stattfindet.<\/p>\n<p>Die Adresse des Gottesdienstortes lautet:<br \/>\n<a href=\"https:\/\/maps.google.com\/maps\/place\/\/data=!4m2!3m1!1s0x4799a51561a52e43:0xa89163eac0765558?entry=s&amp;sa=X&amp;ved=2ahUKEwjX2sjy0M-JAxXaQvEDHSXoKFoQ4kB6BAgDEAA\" target=\"_new\" rel=\"noopener\">Rechberghausen \u2013 Google Maps<\/a><\/p>\n<p>Wir freuen uns auf Ihr Kommen und Ihr Gebet.<\/p>\n<\/blockquote>\n<\/div><div class=\"fusion-separator fusion-full-width-sep\" style=\"align-self: center;margin-left: auto;margin-right: auto;margin-top:15px;margin-bottom:15px;width:100%;\"><div class=\"fusion-separator-border sep-double sep-solid\" style=\"--awb-height:20px;--awb-amount:20px;border-color:#ffac00;border-top-width:1px;border-bottom-width:1px;\"><\/div><\/div><div class=\"fusion-text fusion-text-3\"><div class=\"video-shortcode\">\n<blockquote class=\"wp-embedded-content\" data-secret=\"XE1CPomKxE\">\n<p><a href=\"https:\/\/agbw.org\/am\/events\/%d5%bd%d5%b8%d6%82%d6%80%d5%a2-%d5%ba%d5%a1%d5%bf%d5%a1%d6%80%d5%a1%d5%a3-surb-patarag-210\/\">\u054d\u0578\u0582\u0580\u0562 \u054a\u0561\u057f\u0561\u0580\u0561\u0563 \/ Surb Patarag<\/a><\/p>\n<\/blockquote>\n<p><iframe class=\"wp-embedded-content\" sandbox=\"allow-scripts\" security=\"restricted\" style=\"position: absolute; visibility: hidden;\" title=\"&#8222;\u054d\u0578\u0582\u0580\u0562 \u054a\u0561\u057f\u0561\u0580\u0561\u0563 \/ Surb Patarag&#8220; &#8212; Armenische Gemeinde Baden-W\u00fcrttemberg\" src=\"https:\/\/agbw.org\/events\/%d5%bd%d5%b8%d6%82%d6%80%d5%a2-%d5%ba%d5%a1%d5%bf%d5%a1%d6%80%d5%a1%d5%a3-surb-patarag-210\/embed\/#?secret=cH5FVC45Ib#?secret=XE1CPomKxE\" data-secret=\"XE1CPomKxE\" width=\"600\" height=\"338\" frameborder=\"0\" marginwidth=\"0\" marginheight=\"0\" scrolling=\"no\"><\/iframe><\/div>\n<\/div><\/div><\/div><\/div><\/div>","protected":false},"excerpt":{"rendered":"","protected":false},"author":1,"featured_media":19872,"comment_status":"closed","ping_status":"closed","sticky":false,"template":"","format":"standard","meta":{"footnotes":""},"categories":[142,58,64,73],"tags":[],"class_list":["post-19871","post","type-post","status-publish","format-standard","has-post-thumbnail","hentry","category-aktuell","category-allgemein","category-gemeinde","category-ref5"],"_links":{"self":[{"href":"https:\/\/agbw.org\/am\/wp-json\/wp\/v2\/posts\/19871","targetHints":{"allow":["GET"]}}],"collection":[{"href":"https:\/\/agbw.org\/am\/wp-json\/wp\/v2\/posts"}],"about":[{"href":"https:\/\/agbw.org\/am\/wp-json\/wp\/v2\/types\/post"}],"author":[{"embeddable":true,"href":"https:\/\/agbw.org\/am\/wp-json\/wp\/v2\/users\/1"}],"replies":[{"embeddable":true,"href":"https:\/\/agbw.org\/am\/wp-json\/wp\/v2\/comments?post=19871"}],"version-history":[{"count":0,"href":"https:\/\/agbw.org\/am\/wp-json\/wp\/v2\/posts\/19871\/revisions"}],"wp:featuredmedia":[{"embeddable":true,"href":"https:\/\/agbw.org\/am\/wp-json\/wp\/v2\/media\/19872"}],"wp:attachment":[{"href":"https:\/\/agbw.org\/am\/wp-json\/wp\/v2\/media?parent=19871"}],"wp:term":[{"taxonomy":"category","embeddable":true,"href":"https:\/\/agbw.org\/am\/wp-json\/wp\/v2\/categories?post=19871"},{"taxonomy":"post_tag","embeddable":true,"href":"https:\/\/agbw.org\/am\/wp-json\/wp\/v2\/tags?post=19871"}],"curies":[{"name":"wp","href":"https:\/\/api.w.org\/{rel}","templated":true}]}}