{"id":20493,"date":"2025-01-05T04:54:54","date_gmt":"2025-01-05T03:54:54","guid":{"rendered":"https:\/\/agbw.org\/?p=20493"},"modified":"2025-01-05T08:12:06","modified_gmt":"2025-01-05T07:12:06","slug":"vier-grosse-heilige","status":"publish","type":"post","link":"https:\/\/agbw.org\/am\/2025\/vier-grosse-heilige\/","title":{"rendered":"Vier gro\u00dfe Heilige"},"content":{"rendered":"<div class=\"fusion-fullwidth fullwidth-box fusion-builder-row-1 fusion-flex-container has-pattern-background has-mask-background nonhundred-percent-fullwidth non-hundred-percent-height-scrolling\" style=\"--awb-border-radius-top-left:0px;--awb-border-radius-top-right:0px;--awb-border-radius-bottom-right:0px;--awb-border-radius-bottom-left:0px;--awb-flex-wrap:wrap;\" ><div class=\"fusion-builder-row fusion-row fusion-flex-align-items-flex-start fusion-flex-content-wrap\" style=\"max-width:1248px;margin-left: calc(-4% \/ 2 );margin-right: calc(-4% \/ 2 );\"><div class=\"fusion-layout-column fusion_builder_column fusion-builder-column-0 fusion_builder_column_1_1 1_1 fusion-flex-column\" style=\"--awb-bg-size:cover;--awb-width-large:100%;--awb-margin-top-large:0px;--awb-spacing-right-large:1.92%;--awb-margin-bottom-large:20px;--awb-spacing-left-large:1.92%;--awb-width-medium:100%;--awb-order-medium:0;--awb-spacing-right-medium:1.92%;--awb-spacing-left-medium:1.92%;--awb-width-small:100%;--awb-order-small:0;--awb-spacing-right-small:1.92%;--awb-spacing-left-small:1.92%;\"><div class=\"fusion-column-wrapper fusion-column-has-shadow fusion-flex-justify-content-flex-start fusion-content-layout-column\"><div class=\"fusion-title title fusion-title-1 fusion-sep-none fusion-title-text fusion-title-size-one\" style=\"--awb-margin-top-small:10px;--awb-margin-right-small:0px;--awb-margin-bottom-small:10px;--awb-margin-left-small:0px;\"><h1 class=\"fusion-title-heading title-heading-left fusion-responsive-typography-calculated\" style=\"margin:0;--fontSize:35;line-height:1.2;\">Vier gro\u00dfe Heilige<\/h1><\/div><div class=\"fusion-title title fusion-title-2 fusion-sep-none fusion-title-text fusion-title-size-two\" style=\"--awb-margin-top-small:10px;--awb-margin-right-small:0px;--awb-margin-bottom-small:10px;--awb-margin-left-small:0px;\"><h2 class=\"fusion-title-heading title-heading-left fusion-responsive-typography-calculated\" style=\"margin:0;--fontSize:28;line-height:1.2;\"><p>Hl. Basilios der Gro\u00dfe, Hl. Gregor von Nyssa,<br \/>\nHl. Ephrem der Syrer und Hl. Silvester, Bischof von Rom<\/p><\/h2><\/div><div class=\"fusion-text fusion-text-1\"><p><em>Die Armenische Kirche begeht am Samstag, den 4. Januar 2025, das Gedenktag von vier bemerkenswerten Gestalten der Christenheit: Hl. Basilios der Gro\u00dfe, Hl. Gregor von Nyssa, Hl. Ephrem der Syrer und Hl. Silvester, Bischof von Rom. Obwohl sie in unterschiedlichen Regionen und Epochen wirkten, eint sie ihre Hingabe an das Evangelium, ihr Engagement f\u00fcr die Kirche und ihre bis heute sp\u00fcrbare geistliche Strahlkraft.<\/em><\/p>\n<\/div><div class=\"fusion-separator fusion-full-width-sep\" style=\"align-self: center;margin-left: auto;margin-right: auto;margin-top:15px;margin-bottom:15px;width:100%;\"><div class=\"fusion-separator-border sep-double sep-solid\" style=\"--awb-height:20px;--awb-amount:20px;border-color:#ffac00;border-top-width:1px;border-bottom-width:1px;\"><\/div><\/div><\/div><\/div><div class=\"fusion-layout-column fusion_builder_column fusion-builder-column-1 fusion_builder_column_1_1 1_1 fusion-flex-column\" style=\"--awb-bg-size:cover;--awb-width-large:100%;--awb-margin-top-large:0px;--awb-spacing-right-large:1.92%;--awb-margin-bottom-large:20px;--awb-spacing-left-large:1.92%;--awb-width-medium:100%;--awb-order-medium:0;--awb-spacing-right-medium:1.92%;--awb-spacing-left-medium:1.92%;--awb-width-small:100%;--awb-order-small:0;--awb-spacing-right-small:1.92%;--awb-spacing-left-small:1.92%;\"><div class=\"fusion-column-wrapper fusion-column-has-shadow fusion-flex-justify-content-flex-start fusion-content-layout-column\"><div class=\"fusion-title title fusion-title-3 fusion-sep-none fusion-title-text fusion-title-size-three\" style=\"--awb-margin-top-small:10px;--awb-margin-right-small:0px;--awb-margin-bottom-small:10px;--awb-margin-left-small:0px;\"><h3 class=\"fusion-title-heading title-heading-left fusion-responsive-typography-calculated\" style=\"margin:0;--fontSize:23;--minFontSize:23;line-height:1.2;\">Basilios der Gro\u00dfe (\u2020 379)<\/h3><\/div><div class=\"fusion-text fusion-text-2\"><p>Basilios, auch Basilius von Caesarea genannt, wurde um 330 in Kappadokien (heutige T\u00fcrkei) geboren. Er wuchs in einer tief gl\u00e4ubigen Familie auf; sein Bruder Gregor von Nyssa und seine Schwester Makrina sind selbst hochverehrte Heilige. Basilios wandte sich nach Studien in Athen der asketischen Lebensweise zu und verfasste Regeln f\u00fcr das kl\u00f6sterliche Leben, die bis heute besonders in der Orthodoxen Kirche wegweisend sind.<\/p>\n<p>Als Erzbischof von Caesarea widmete er sich unersch\u00fctterlich dem Kampf gegen den Arianismus, der damals die Kirche spaltete. Dabei musste er auch politische Spannungen mit dem kaiserlichen Hof aushalten, blieb aber stets standfest. Er gr\u00fcndete eine caritative Stadt \u2013 sp\u00e4ter \u201eBasilias\u201c genannt \u2013 mit Kranken- und Armenh\u00e4usern. Basilios\u2019 Liturgie findet noch heute in orthodoxen Gottesdiensten Verwendung. Am 1. Januar 379 entschlief er in seiner Heimatstadt. Er gilt sowohl in der Ost- als auch in der Westkirche als gro\u00dfer Kirchenvater.<\/p>\n<\/div><div class=\"fusion-separator fusion-full-width-sep\" style=\"align-self: center;margin-left: auto;margin-right: auto;margin-top:15px;margin-bottom:15px;width:100%;\"><div class=\"fusion-separator-border sep-double sep-solid\" style=\"--awb-height:20px;--awb-amount:20px;border-color:#ffac00;border-top-width:1px;border-bottom-width:1px;\"><\/div><\/div><\/div><\/div><div class=\"fusion-layout-column fusion_builder_column fusion-builder-column-2 fusion_builder_column_1_1 1_1 fusion-flex-column\" style=\"--awb-bg-size:cover;--awb-width-large:100%;--awb-margin-top-large:0px;--awb-spacing-right-large:1.92%;--awb-margin-bottom-large:20px;--awb-spacing-left-large:1.92%;--awb-width-medium:100%;--awb-order-medium:0;--awb-spacing-right-medium:1.92%;--awb-spacing-left-medium:1.92%;--awb-width-small:100%;--awb-order-small:0;--awb-spacing-right-small:1.92%;--awb-spacing-left-small:1.92%;\"><div class=\"fusion-column-wrapper fusion-column-has-shadow fusion-flex-justify-content-flex-start fusion-content-layout-column\"><div class=\"fusion-title title fusion-title-4 fusion-sep-none fusion-title-text fusion-title-size-three\" style=\"--awb-margin-top-small:10px;--awb-margin-right-small:0px;--awb-margin-bottom-small:10px;--awb-margin-left-small:0px;\"><h3 class=\"fusion-title-heading title-heading-left fusion-responsive-typography-calculated\" style=\"margin:0;--fontSize:23;--minFontSize:23;line-height:1.2;\">Gregor von Nyssa (\u2020 um 394)<\/h3><\/div><div class=\"fusion-text fusion-text-3\"><p>Gregor, Basilios\u2019 j\u00fcngerer Bruder, wurde im 4. Jahrhundert in Caesarea geboren. Mit gro\u00dfer Leidenschaft verteidigte er die Lehre von der Gottheit Christi gegen die Arianer und trat daf\u00fcr ein, die Beschl\u00fcsse des Konzils von Nic\u00e4a (325) unmissverst\u00e4ndlich zu verk\u00fcnden. Als Bischof von Nyssa (ebenfalls in Kappadokien) musste er tempor\u00e4r ins Exil gehen, nachdem man ihn zu Unrecht der Veruntreuung beschuldigt hatte.<\/p>\n<p>In seinem theologisch tiefgr\u00fcndigen Werk \u201eGegen Eunomius\u201c verteidigt er das nic\u00e4nische Glaubensbekenntnis und in seinem \u201eGro\u00dfen katechetischen Gebet\u201c wirbt er \u00fcberzeugend f\u00fcr die christliche Lehre gegen\u00fcber Juden und Heiden. Seine mystische Gedankenwelt, in der er die unendliche Tiefe Gottes betont, ist bis heute Teil der geistlichen Tradition der Kirche. Nach dem Zweiten \u00d6kumenischen Konzil (381) vollendete er sein Leben vermutlich um 394.<\/p>\n<\/div><div class=\"fusion-separator fusion-full-width-sep\" style=\"align-self: center;margin-left: auto;margin-right: auto;margin-top:15px;margin-bottom:15px;width:100%;\"><div class=\"fusion-separator-border sep-double sep-solid\" style=\"--awb-height:20px;--awb-amount:20px;border-color:#ffac00;border-top-width:1px;border-bottom-width:1px;\"><\/div><\/div><\/div><\/div><div class=\"fusion-layout-column fusion_builder_column fusion-builder-column-3 fusion_builder_column_1_1 1_1 fusion-flex-column\" style=\"--awb-bg-size:cover;--awb-width-large:100%;--awb-margin-top-large:0px;--awb-spacing-right-large:1.92%;--awb-margin-bottom-large:20px;--awb-spacing-left-large:1.92%;--awb-width-medium:100%;--awb-order-medium:0;--awb-spacing-right-medium:1.92%;--awb-spacing-left-medium:1.92%;--awb-width-small:100%;--awb-order-small:0;--awb-spacing-right-small:1.92%;--awb-spacing-left-small:1.92%;\"><div class=\"fusion-column-wrapper fusion-column-has-shadow fusion-flex-justify-content-flex-start fusion-content-layout-column\"><div class=\"fusion-title title fusion-title-5 fusion-sep-none fusion-title-text fusion-title-size-three\" style=\"--awb-margin-top-small:10px;--awb-margin-right-small:0px;--awb-margin-bottom-small:10px;--awb-margin-left-small:0px;\"><h3 class=\"fusion-title-heading title-heading-left fusion-responsive-typography-calculated\" style=\"margin:0;--fontSize:23;--minFontSize:23;line-height:1.2;\">Ephrem der Syrer (\u2020 373 oder 379)<\/h3><\/div><div class=\"fusion-text fusion-text-4\"><p>Ephrem wurde um 306 in Nisibis (heute Grenzgebiet T\u00fcrkei\/Syrien) geboren. Einer \u00dcberlieferung zufolge war er das Kind christlicher Eltern; anderen Berichten nach stammte er aus einer heidnischen Priesterfamilie. Sein Theologiestudium und seine Taufe f\u00fchrten zu einem unersch\u00fctterlichen Engagement f\u00fcr die Kirche.<\/p>\n<p>Nachdem Perser seine Heimatstadt eingenommen hatten, floh Ephrem nach Edessa, wo er als Einsiedler lebte, eine Schule gr\u00fcndete und als Lehrer wirkte. Besonders gesch\u00e4tzt wurde er f\u00fcr seine poetisch-musikalische Verk\u00fcndigung: Er verfasste Hunderte Hymnen und Ges\u00e4nge, um den Glauben auch den einfachen Menschen nahe zu bringen. Seine volksnahen Texte brachten ihm den Beinamen \u201eHarfe des Heiligen Geistes\u201c ein. Ephrem starb 373 (oder 379) in Edessa.<\/p>\n<\/div><div class=\"fusion-separator fusion-full-width-sep\" style=\"align-self: center;margin-left: auto;margin-right: auto;margin-top:15px;margin-bottom:15px;width:100%;\"><div class=\"fusion-separator-border sep-double sep-solid\" style=\"--awb-height:20px;--awb-amount:20px;border-color:#ffac00;border-top-width:1px;border-bottom-width:1px;\"><\/div><\/div><\/div><\/div><div class=\"fusion-layout-column fusion_builder_column fusion-builder-column-4 fusion_builder_column_1_1 1_1 fusion-flex-column\" style=\"--awb-bg-size:cover;--awb-width-large:100%;--awb-margin-top-large:0px;--awb-spacing-right-large:1.92%;--awb-margin-bottom-large:20px;--awb-spacing-left-large:1.92%;--awb-width-medium:100%;--awb-order-medium:0;--awb-spacing-right-medium:1.92%;--awb-spacing-left-medium:1.92%;--awb-width-small:100%;--awb-order-small:0;--awb-spacing-right-small:1.92%;--awb-spacing-left-small:1.92%;\"><div class=\"fusion-column-wrapper fusion-column-has-shadow fusion-flex-justify-content-flex-start fusion-content-layout-column\"><div class=\"fusion-title title fusion-title-6 fusion-sep-none fusion-title-text fusion-title-size-three\" style=\"--awb-margin-top-small:10px;--awb-margin-right-small:0px;--awb-margin-bottom-small:10px;--awb-margin-left-small:0px;\"><h3 class=\"fusion-title-heading title-heading-left fusion-responsive-typography-calculated\" style=\"margin:0;--fontSize:23;--minFontSize:23;line-height:1.2;\">Silvester, Bischof von Rom (\u2020 335)<\/h3><\/div><div class=\"fusion-text fusion-text-5\"><p>Seghbestros, in der deutschsprachigen Tradition oft \u201eSilvester\u201c geschrieben, wurde Ende des 3. Jahrhunderts in Rom geboren und erlebte das Ende der Christenverfolgung unter Kaiser Diokletian. 314 trat er das Amt des Bischofs von Rom an, nur ein Jahr nachdem Kaiser Konstantin der Gro\u00dfe das Christentum anerkannt hatte.<\/p>\n<p>Die Legenden um Silvester berichten von seiner Standhaftigkeit gegen\u00fcber kaiserlichen Beamten und einer wundersamen Heilung Kaiser Konstantins. Zwar nahm er selbst nicht am Ersten Konzil von Nic\u00e4a (325) teil, entsandte jedoch Delegierte und best\u00e4tigte anschlie\u00dfend die dort gefassten Beschl\u00fcsse. Sein Wirken half entscheidend dabei, die junge Kirche in politisch g\u00fcnstigen Zeiten zu festigen und ihre Strukturen auszubauen.<\/p>\n<\/div><div class=\"fusion-separator fusion-full-width-sep\" style=\"align-self: center;margin-left: auto;margin-right: auto;margin-top:15px;margin-bottom:15px;width:100%;\"><div class=\"fusion-separator-border sep-double sep-solid\" style=\"--awb-height:20px;--awb-amount:20px;border-color:#ffac00;border-top-width:1px;border-bottom-width:1px;\"><\/div><\/div><\/div><\/div><div class=\"fusion-layout-column fusion_builder_column fusion-builder-column-5 fusion_builder_column_1_1 1_1 fusion-flex-column\" style=\"--awb-bg-size:cover;--awb-width-large:100%;--awb-margin-top-large:0px;--awb-spacing-right-large:1.92%;--awb-margin-bottom-large:20px;--awb-spacing-left-large:1.92%;--awb-width-medium:100%;--awb-order-medium:0;--awb-spacing-right-medium:1.92%;--awb-spacing-left-medium:1.92%;--awb-width-small:100%;--awb-order-small:0;--awb-spacing-right-small:1.92%;--awb-spacing-left-small:1.92%;\"><div class=\"fusion-column-wrapper fusion-column-has-shadow fusion-flex-justify-content-flex-start fusion-content-layout-column\"><div class=\"fusion-title title fusion-title-7 fusion-sep-none fusion-title-text fusion-title-size-three\" style=\"--awb-margin-top-small:10px;--awb-margin-right-small:0px;--awb-margin-bottom-small:10px;--awb-margin-left-small:0px;\"><h3 class=\"fusion-title-heading title-heading-left fusion-responsive-typography-calculated\" style=\"margin:0;--fontSize:23;--minFontSize:23;line-height:1.2;\">Ein Fest f\u00fcr alle Generationen<\/h3><\/div><div class=\"fusion-text fusion-text-6\"><p>Dass die Armenische Kirche diese vier Heiligen gemeinsam am 4. Januar 2025 ehrt, ist ein starkes Zeichen ihrer Wertsch\u00e4tzung f\u00fcr die Weltkirche und f\u00fcr Menschen, deren Botschaft an Aktualit\u00e4t nicht verliert. Ob Basilios mit seinem karitativen Eifer, Gregor mit seiner tiefen Mystik, Ephrem mit seiner poetischen Glaubensverk\u00fcndigung oder Silvester als Hirte in einer Zeit des Wandels \u2013 ihr geistliches Erbe f\u00fchrt uns in ganz unterschiedlichen Facetten zum Kern des Evangeliums: Hingabe, Liebe und Standhaftigkeit die in dem Menschgewordenen Sohn Gottes der Menschheit offenbart wurde.<\/p>\n<p>Diese Vorbilder sollten nicht nur Geistlichen und Theologen, sondern alle Menschen \u2013 jung und alt \u2013 inspirieren. Wenn wir an diesem 4. Januar ihrer gedenken, leuchtet im Leben jedes Einzelnen ein St\u00fcck von ihrem Erbe auf. Gerade in einer Welt, die so viel Umbruch und Ungewissheit erlebt, sind diese vier Heiligen eine lebendige Erinnerung an die Kraft des Glaubens, die Grenzen \u00fcberwindet und Hoffnung schenkt.<\/p>\n<\/div><div class=\"fusion-separator fusion-full-width-sep\" style=\"align-self: center;margin-left: auto;margin-right: auto;margin-top:15px;margin-bottom:15px;width:100%;\"><div class=\"fusion-separator-border sep-double sep-solid\" style=\"--awb-height:20px;--awb-amount:20px;border-color:#ffac00;border-top-width:1px;border-bottom-width:1px;\"><\/div><\/div><\/div><\/div><\/div><\/div>","protected":false},"excerpt":{"rendered":"","protected":false},"author":1,"featured_media":20494,"comment_status":"closed","ping_status":"closed","sticky":false,"template":"","format":"standard","meta":{"footnotes":""},"categories":[58,65],"tags":[539,617,619,618],"class_list":["post-20493","post","type-post","status-publish","format-standard","has-post-thumbnail","hentry","category-allgemein","category-glaubensfragen","tag-bischof-von-rom","tag-hl-basilios-der-grosse","tag-hl-ephrem-der-syrer-und-hl-silvester","tag-hl-gregor-von-nyssa"],"_links":{"self":[{"href":"https:\/\/agbw.org\/am\/wp-json\/wp\/v2\/posts\/20493","targetHints":{"allow":["GET"]}}],"collection":[{"href":"https:\/\/agbw.org\/am\/wp-json\/wp\/v2\/posts"}],"about":[{"href":"https:\/\/agbw.org\/am\/wp-json\/wp\/v2\/types\/post"}],"author":[{"embeddable":true,"href":"https:\/\/agbw.org\/am\/wp-json\/wp\/v2\/users\/1"}],"replies":[{"embeddable":true,"href":"https:\/\/agbw.org\/am\/wp-json\/wp\/v2\/comments?post=20493"}],"version-history":[{"count":2,"href":"https:\/\/agbw.org\/am\/wp-json\/wp\/v2\/posts\/20493\/revisions"}],"predecessor-version":[{"id":20497,"href":"https:\/\/agbw.org\/am\/wp-json\/wp\/v2\/posts\/20493\/revisions\/20497"}],"wp:featuredmedia":[{"embeddable":true,"href":"https:\/\/agbw.org\/am\/wp-json\/wp\/v2\/media\/20494"}],"wp:attachment":[{"href":"https:\/\/agbw.org\/am\/wp-json\/wp\/v2\/media?parent=20493"}],"wp:term":[{"taxonomy":"category","embeddable":true,"href":"https:\/\/agbw.org\/am\/wp-json\/wp\/v2\/categories?post=20493"},{"taxonomy":"post_tag","embeddable":true,"href":"https:\/\/agbw.org\/am\/wp-json\/wp\/v2\/tags?post=20493"}],"curies":[{"name":"wp","href":"https:\/\/api.w.org\/{rel}","templated":true}]}}