{"id":20580,"date":"2025-02-01T08:43:07","date_gmt":"2025-02-01T07:43:07","guid":{"rendered":"https:\/\/agbw.org\/?p=20580"},"modified":"2025-02-01T08:43:07","modified_gmt":"2025-02-01T07:43:07","slug":"gregor-der-theologe","status":"publish","type":"post","link":"https:\/\/agbw.org\/am\/2025\/gregor-der-theologe\/","title":{"rendered":"Gregor der Theologe"},"content":{"rendered":"<div class=\"fusion-fullwidth fullwidth-box fusion-builder-row-1 fusion-flex-container has-pattern-background has-mask-background nonhundred-percent-fullwidth non-hundred-percent-height-scrolling\" style=\"--awb-border-radius-top-left:0px;--awb-border-radius-top-right:0px;--awb-border-radius-bottom-right:0px;--awb-border-radius-bottom-left:0px;--awb-flex-wrap:wrap;\" ><div class=\"fusion-builder-row fusion-row fusion-flex-align-items-flex-start fusion-flex-content-wrap\" style=\"max-width:1248px;margin-left: calc(-4% \/ 2 );margin-right: calc(-4% \/ 2 );\"><div class=\"fusion-layout-column fusion_builder_column fusion-builder-column-0 fusion_builder_column_1_1 1_1 fusion-flex-column\" style=\"--awb-bg-size:cover;--awb-width-large:100%;--awb-margin-top-large:0px;--awb-spacing-right-large:1.92%;--awb-margin-bottom-large:20px;--awb-spacing-left-large:1.92%;--awb-width-medium:100%;--awb-order-medium:0;--awb-spacing-right-medium:1.92%;--awb-spacing-left-medium:1.92%;--awb-width-small:100%;--awb-order-small:0;--awb-spacing-right-small:1.92%;--awb-spacing-left-small:1.92%;\"><div class=\"fusion-column-wrapper fusion-column-has-shadow fusion-flex-justify-content-flex-start fusion-content-layout-column\"><div class=\"fusion-title title fusion-title-1 fusion-sep-none fusion-title-text fusion-title-size-one\" style=\"--awb-margin-top-small:10px;--awb-margin-right-small:0px;--awb-margin-bottom-small:10px;--awb-margin-left-small:0px;\"><h1 class=\"fusion-title-heading title-heading-left fusion-responsive-typography-calculated\" style=\"margin:0;--fontSize:35;line-height:1.2;\">Gregor der Theologe<\/h1><\/div><div class=\"fusion-title title fusion-title-2 fusion-sep-none fusion-title-text fusion-title-size-two\" style=\"--awb-margin-top-small:10px;--awb-margin-right-small:0px;--awb-margin-bottom-small:10px;--awb-margin-left-small:0px;\"><h2 class=\"fusion-title-heading title-heading-left fusion-responsive-typography-calculated\" style=\"margin:0;--fontSize:28;line-height:1.2;\">ein begnadeter Lehrer der Kirche<\/h2><\/div><div class=\"fusion-text fusion-text-1\"><p>An diesem Samstag, den 1. Februar 2025, wird in der Armenischen Kirche der\u00a0<strong><a href=\"https:\/\/agbw.org\/am\/2021\/hl-gregor-der-theologe\/\" target=\"_blank\" rel=\"noopener\">Heilige Gregor der Theologe<\/a><\/strong>\u00a0gefeiert \u2013 ein Name, der weit \u00fcber die staubigen G\u00e4nge antiker Kl\u00f6ster und die hitzigen Wortgefechte vergangener kirchlicher Konzile hinausstrahlt. Die heutige Welt konfrontiert junge Leute oft mit rasanten Trends, fl\u00fcchtigen Momenten und einer scheinbar unendlichen Ablenkung. Das Leben des Heiligen ist ein zeitloses Beispiel f\u00fcr tief verwurzelte \u00dcberzeugungen und innere Klarheit. Davon k\u00f6nnen wir heute noch lernen.<\/p>\n<p>Gregor, geboren um das Jahr 329 in den sanften H\u00fcgeln Kappadokiens, wuchs in einem Umfeld auf, das zwischen Tradition und Wandel oszillierte. Seine Familie, einst in heidnisch-j\u00fcdischen Gefilden verwurzelt, fand erst durch die Begegnung mit der christlichen Botschaft zu einer neuen Bestimmung. Es war diese Begegnung, die nicht nur seinen Lebensweg, sondern auch die Entwicklung der christlichen Theologie nachhaltig pr\u00e4gte. Politische M\u00e4chte und religi\u00f6se Lager stehen damals in erbitterten Auseinandersetzungen gegen\u00fcber. Gregor beschlie\u00dft, sich von der oberfl\u00e4chlichen Rhetorik und weltlicher Anerkennung zu befreien und ein Leben zu f\u00fchren, das von einer tiefen, existenziellen \u00dcberzeugung getragen wird.<\/p>\n<p>Der moderne Mensch steht oft im Zwiespalt zwischen dem Wunsch nach individueller Entfaltung und dem Bed\u00fcrfnis, sich einer Gemeinschaft zugeh\u00f6rig zu f\u00fchlen. In Gregors Lebensweg finden wir einen Spiegel dieser inneren Spannung und zugleich eine Quelle der Inspiration. Als junger Rhetorikstudent in Athen erlernte er nicht nur den meisterhaften Umgang mit Worten, sondern entdeckte auch, wie diese uns den Zugang zu einem tieferen Verst\u00e4ndnis unserer selbst und der Welt er\u00f6ffnen k\u00f6nnen. In einer \u00c4ra, in der Informationen uns in rasantem Tempo erreichen und uns h\u00e4ufig \u00fcberfordern, ist es umso wichtiger, bewusst innezuhalten. Es gilt, sich auf das Wesentliche zu konzentrieren \u2013 auf den inneren Dialog, das Schweigen und die unerm\u00fcdliche Suche nach Wahrheit.<\/p>\n<p>Sein Entschluss, das profane Wissen hinter sich zu lassen und sich voll und ganz der christlichen Lebenskunst zu widmen, mag auf den ersten Blick wie ein radikaler Bruch erscheinen \u2013 doch er ist vielmehr ein Befreiungsschlag. Es ist die bewusste Entscheidung, den lauten Stimmen der Welt nicht unkritisch zu folgen, sondern den Mut zu haben, eigene Fragen zu stellen: Was bedeutet es, wirklich zu leben? Wie kann ich inmitten des modernen Trubels zu mir selbst finden? Und wie gestalte ich meinen Glauben so, dass er mir Halt und Orientierung gibt, ohne mich in dogmatischen Mustern zu verlieren?<\/p>\n<p>Gregor begegnete den Herausforderungen seiner Zeit mit einer Ruhe, die auf tiefer Selbstkenntnis beruhte. Ob in den hitzigen Debatten um die Heilige Dreiheit oder im stillen R\u00fcckzug auf seinem Landgut \u2013 stets zeigte er, dass wahre Gr\u00f6\u00dfe nicht im lauten Auftreten liegt, sondern in der F\u00e4higkeit, auch in st\u00fcrmischen Zeiten inneren Frieden zu bewahren. Diese innere St\u00e4rke, gepaart mit einem unersch\u00fctterlichen Glauben, der sich nicht von politischem Druck oder ideologischen Gegens\u00e4tzen beirren lie\u00df, macht ihn gerade f\u00fcr uns heute zu einem faszinierenden Vorbild.<\/p>\n<p>Die Geschichten \u00fcber Gregors mutige Vermittlung zwischen streitenden Lagern, sein Engagement in den Konzilen und sein unerm\u00fcdlicher Einsatz f\u00fcr die Einheit des Glaubens haben eine symbolische Dimension, die weit \u00fcber die historischen Fakten hinausreicht. Sie erinnern uns daran, dass der Weg zur pers\u00f6nlichen und spirituellen Reife h\u00e4ufig von Konflikten, inneren Zweifeln und schweren Entscheidungen gepr\u00e4gt ist. Gerade in diesen Momenten, wenn der innere Kompass zu wanken scheint, k\u00f6nnen wir uns an seinem Beispiel orientieren und lernen: Es ist der Dialog \u2013 mit sich selbst, mit den Mitmenschen und mit dem G\u00f6ttlichen \u2013 der lehrt, auch die dunkelsten Pfade zu erhellen.<\/p>\n<p>In seinen Schriften denkt Gregor \u00fcber Gotteserkenntnis oder die h\u00f6chsten Tugenden nach, doch ist es nicht nur seine theologische Tiefe, die ihn zu einem Licht in dunklen Zeiten macht. Seine Liebe zu den Armen, sein Einsatz f\u00fcr die Schwachen und seine Worte \u00fcber Barmherzigkeit sind das Ergebnis seines inneren Dialogs und des daraus gewonnenen Erkenntnisses: Gute Theologie ist nicht nur, wenn man denkt, sondern auch, wenn man auf der Grundlage seiner Gedanken und \u00dcberzeugungen handelt. In seiner ber\u00fchmten\u00a0<strong>Predigt \u00fcber die Liebe zu den Armen<\/strong>\u00a0spricht er dar\u00fcber, dass der wahre Reichtum nicht im Besitz, sondern in der Gro\u00dfherzigkeit gegen\u00fcber den Bed\u00fcrftigen liegt. Dies ist die gelebte Bedeutung seines theologischen Denkens: Ein Glaube, der nicht nur lehrt, sondern vor allem mitf\u00fchlend handelt.<\/p>\n<p>Vielleicht liegt gerade in dieser Sehnsucht nach einer tieferen, bedeutungsvolleren Verbindung zwischen Denken und Handeln, zu uns selbst und zu einer g\u00f6ttlichen Wahrheit der Schl\u00fcssel, um den oft chaotischen Alltag zu meistern. An diesem Samstag, wenn die Armenische Kirche den Heiligen Gregor feiert, sollten wir uns fragen: Wie k\u00f6nnen auch wir den Mut aufbringen, den lauten Stimmen der Oberfl\u00e4chlichkeit zu widerstehen? Wie k\u00f6nnen wir inmitten der Hektik und des st\u00e4ndigen Wandels einen Raum f\u00fcr stille Besinnung und echte Verbundenheit schaffen?<\/p>\n<p>Gregor der Theologe lehrt uns, dass der Glaube kein starrer Ort ist, sondern ein dynamischer Prozess des st\u00e4ndigen Werdens \u2013 ein Weg, der uns auffordert, immer wieder neu zu hinterfragen, zu lernen und zu wachsen. Gerade f\u00fcr junge Menschen, die heute besonders an der Schwelle zwischen Tradition und Moderne stehen, bietet sein Beispiel eine Perspektive: Es lohnt sich, den eigenen inneren Kompass zu aktivieren, um die tiefsten Geheimnisse zu entdecken und einer Wahrheit nachzugehen, die weit \u00fcber das Sichtbare hinausgeht.<\/p>\n<p>Pfr. Dr. Diradur Sardaryan<br \/>\nGemeindepfarrer der Armenischen Gemeidne<br \/>\nBaden-W\u00fcrttemberg<\/p>\n<\/div><\/div><\/div><\/div><\/div>","protected":false},"excerpt":{"rendered":"","protected":false},"author":1,"featured_media":9074,"comment_status":"closed","ping_status":"closed","sticky":false,"template":"","format":"standard","meta":{"footnotes":""},"categories":[58],"tags":[642,643],"class_list":["post-20580","post","type-post","status-publish","format-standard","has-post-thumbnail","hentry","category-allgemein","tag-gregor-der-theologe","tag-liebe-zu-den-armen"],"_links":{"self":[{"href":"https:\/\/agbw.org\/am\/wp-json\/wp\/v2\/posts\/20580","targetHints":{"allow":["GET"]}}],"collection":[{"href":"https:\/\/agbw.org\/am\/wp-json\/wp\/v2\/posts"}],"about":[{"href":"https:\/\/agbw.org\/am\/wp-json\/wp\/v2\/types\/post"}],"author":[{"embeddable":true,"href":"https:\/\/agbw.org\/am\/wp-json\/wp\/v2\/users\/1"}],"replies":[{"embeddable":true,"href":"https:\/\/agbw.org\/am\/wp-json\/wp\/v2\/comments?post=20580"}],"version-history":[{"count":2,"href":"https:\/\/agbw.org\/am\/wp-json\/wp\/v2\/posts\/20580\/revisions"}],"predecessor-version":[{"id":20583,"href":"https:\/\/agbw.org\/am\/wp-json\/wp\/v2\/posts\/20580\/revisions\/20583"}],"wp:featuredmedia":[{"embeddable":true,"href":"https:\/\/agbw.org\/am\/wp-json\/wp\/v2\/media\/9074"}],"wp:attachment":[{"href":"https:\/\/agbw.org\/am\/wp-json\/wp\/v2\/media?parent=20580"}],"wp:term":[{"taxonomy":"category","embeddable":true,"href":"https:\/\/agbw.org\/am\/wp-json\/wp\/v2\/categories?post=20580"},{"taxonomy":"post_tag","embeddable":true,"href":"https:\/\/agbw.org\/am\/wp-json\/wp\/v2\/tags?post=20580"}],"curies":[{"name":"wp","href":"https:\/\/api.w.org\/{rel}","templated":true}]}}