{"id":20593,"date":"2025-02-05T07:30:20","date_gmt":"2025-02-05T06:30:20","guid":{"rendered":"https:\/\/agbw.org\/?p=20593"},"modified":"2025-02-05T08:01:55","modified_gmt":"2025-02-05T07:01:55","slug":"surb-sargis-in-stuttgart","status":"publish","type":"post","link":"https:\/\/agbw.org\/am\/2025\/surb-sargis-in-stuttgart\/","title":{"rendered":"Surb Sargis in Stuttgart"},"content":{"rendered":"<div class=\"fusion-fullwidth fullwidth-box fusion-builder-row-1 fusion-flex-container has-pattern-background has-mask-background nonhundred-percent-fullwidth non-hundred-percent-height-scrolling\" style=\"--awb-border-radius-top-left:0px;--awb-border-radius-top-right:0px;--awb-border-radius-bottom-right:0px;--awb-border-radius-bottom-left:0px;--awb-flex-wrap:wrap;\" ><div class=\"fusion-builder-row fusion-row fusion-flex-align-items-flex-start fusion-flex-content-wrap\" style=\"max-width:1248px;margin-left: calc(-4% \/ 2 );margin-right: calc(-4% \/ 2 );\"><div class=\"fusion-layout-column fusion_builder_column fusion-builder-column-0 fusion_builder_column_1_1 1_1 fusion-flex-column\" style=\"--awb-bg-size:cover;--awb-width-large:100%;--awb-margin-top-large:0px;--awb-spacing-right-large:1.92%;--awb-margin-bottom-large:20px;--awb-spacing-left-large:1.92%;--awb-width-medium:100%;--awb-order-medium:0;--awb-spacing-right-medium:1.92%;--awb-spacing-left-medium:1.92%;--awb-width-small:100%;--awb-order-small:0;--awb-spacing-right-small:1.92%;--awb-spacing-left-small:1.92%;\"><div class=\"fusion-column-wrapper fusion-column-has-shadow fusion-flex-justify-content-flex-start fusion-content-layout-column\"><div class=\"fusion-title title fusion-title-1 fusion-sep-none fusion-title-text fusion-title-size-one\" style=\"--awb-margin-top-small:10px;--awb-margin-right-small:0px;--awb-margin-bottom-small:10px;--awb-margin-left-small:0px;\"><h1 class=\"fusion-title-heading title-heading-left fusion-responsive-typography-calculated\" style=\"margin:0;--fontSize:35;line-height:1.2;\">Surb Sargis<\/h1><\/div><div class=\"fusion-title title fusion-title-2 fusion-sep-none fusion-title-text fusion-title-size-two\" style=\"--awb-margin-top-small:10px;--awb-margin-right-small:0px;--awb-margin-bottom-small:10px;--awb-margin-left-small:0px;\"><h2 class=\"fusion-title-heading title-heading-left fusion-responsive-typography-calculated\" style=\"margin:0;--fontSize:28;line-height:1.2;\">Tag der Jugend in Stuttgart<\/h2><\/div><div class=\"fusion-text fusion-text-1\"><p data-pm-slice=\"1 1 &#091;&#093;\">Am 15. Februar ist es wieder soweit: Die armenische Jugend feiert das Fest des <strong><a href=\"https:\/\/www.dakd.de\/surb-sargis\/\" target=\"_blank\" rel=\"noopener\">Heiligen Sargis (Surb Sargis)<\/a><\/strong>, eines der beliebtesten Heiligenfeste in der Armenischen Kirche, das zugleich als \u201eTag der Jugend\u201c begangen wird. Dazu laden wir alle Jugendlichen aus Baden-W\u00fcrttemberg herzlich nach Stuttgart (<a href=\"https:\/\/www.bing.com\/search?pglt=43&amp;q=b\u00fcrgertreff+lamm+stuttgart+wangen&amp;cvid=34603adad0ce440c9adac272e2c9d012&amp;gs_lcrp=EgRlZGdlKgYIABBFGDkyBggAEEUYOTIGCAEQABhAMgYIAhAAGEAyBggDEAAYQDIGCAQQABhAMgYIBRAAGEAyBggGEAAYQDIGCAcQABhAMgYICBAAGEDSAQg4MzE3ajBqMagCCLACAQ&amp;form=EX0050&amp;pc=LCTS&amp;shtp=GetUrl&amp;shid=56954888-15ba-4fba-9c43-4595a1ac3ffa&amp;shtk=QsO8cmdlcnRyZWZmIExhbW0=&amp;shdk=QXVmIEJpbmcgZ2VmdW5kZW4u&amp;shhk=xsMB9edSjP\/th58AIca5EWVuoaWZbuCPTNvaei22KZ4=&amp;filters=local_ypid:\" target=\"_blank\" rel=\"noopener\"><strong>B\u00fcrgertreff Lamm<\/strong><\/a>), ab 14 Uhr ein!<\/p>\n<p><strong>Gemeinschaft erleben \u2013<br \/>\nTradition bewahren<\/strong><\/p>\n<p>Der Heilige Sargis, sein Sohn Martiros und 14 Soldaten gaben im 4. Jahrhundert ihr Leben f\u00fcr den christlichen Glauben. Heute gilt Surb Sargis als Schutzpatron der Jugendlichen und Liebenden. Die Feier dieses Tages ist eine wunderbare Gelegenheit, unsere armenische Identit\u00e4t zu st\u00e4rken, gemeinsam zu feiern und \u00fcber die Bedeutung des Glaubens in unserer modernen Zeit zu reflektieren.<\/p>\n<p><strong>Virtuelle Br\u00fccke verbindet Jugendgruppen deutschlandweit<\/strong><\/p>\n<p>In diesem Jahr setzen wir auf ein besonderes<strong>\u00a0Highlight<\/strong>: Neben der Feier in Stuttgart wird eine<strong> virtuelle Br\u00fccke<\/strong> geschaffen, die alle Jugendgruppen in Deutschland miteinander verbindet. Gemeinsam mit den Jugendlichen aus anderen St\u00e4dten werden wir uns digital zusammenschalten, um den Segen des Di\u00f6zesanbischofs Serovp\u00e9 Isakhanyan zu empfangen und uns \u00fcber die Pl\u00e4ne der Jugendgruppen f\u00fcr das Jahr 2025 auszutauschen. Dies erm\u00f6glicht allen Teilnehmenden, sich trotz r\u00e4umlicher Distanz verbunden zu f\u00fchlen und ein Zeichen der Einheit zu setzen.<\/p>\n<p><strong><a href=\"https:\/\/agbw.org\/am\/events\/surb-sargis-tag-der-jugend\/\" target=\"_blank\" rel=\"noopener\">Das erwartet euch in Stuttgart:<\/a><br \/>\n<\/strong><\/p>\n<ul data-spread=\"false\">\n<li><strong>Aghi Blit (\u0561\u0572\u056b \u0562\u056c\u056b\u0569) backen:<\/strong> Wer tr\u00e4umt in dieser Nacht von seiner zuk\u00fcnftigen Liebe? Gemeinsam werden wir das traditionelle salzige Geb\u00e4ck backen, das eng mit dem Fest des Heiligen Sargis verbunden ist.<\/li>\n<li><strong>Spiele, Wettbewerbe &amp; \u00dcberraschungen:<\/strong> Freut euch auf ein abwechslungsreiches Programm mit verschiedenen Aktivit\u00e4ten und spannenden Challenges.<\/li>\n<li><strong>Party mit DJ Edvin:<\/strong> Wir lassen den Abend mit Musik, Tanz und guter Laune ausklingen!<\/li>\n<\/ul>\n<p>Sei dabei, erlebe einen unvergesslichen Tag mit deiner Community und kn\u00fcpfe neue Freundschaften! Markiere dir den <a href=\"https:\/\/agbw.org\/am\/events\/surb-sargis-tag-der-jugend\/\" target=\"_blank\" rel=\"noopener\"><strong>15. Februar<\/strong><\/a> im Kalender und lade deine Freunde ein.<\/p>\n<p>Wir freuen uns auf euch \u2013 eure<br \/>\nJugend der Armenischen Gemeinde Baden-W\u00fcrttemberg<\/p>\n<\/div><div class=\"fusion-separator fusion-full-width-sep\" style=\"align-self: center;margin-left: auto;margin-right: auto;margin-top:15px;margin-bottom:15px;width:100%;\"><div class=\"fusion-separator-border sep-single sep-solid\" style=\"--awb-height:20px;--awb-amount:20px;border-color:#ffac00;border-top-width:1px;\"><\/div><\/div><div class=\"fusion-countdown fusion-countdown-1 fusion-countdown-floated fusion-countdown-label-text_flow fusion-countdown-has-heading\" style=\"--awb-counter-border-size:0;\"><div class=\"fusion-countdown-wrapper\"><div class=\"fusion-countdown-heading-wrapper\"><div class=\"fusion-countdown-subheading\">Sei dabei und feire mit!<\/div><div class=\"fusion-countdown-heading\">Surb Sargis<\/div><\/div><div class=\"fusion-countdown-counter-wrapper\" id=\"fusion-countdown-1\" data-gmt-offset=\"2\" data-timer=\"2025-02-15-07-41-04\" data-omit-weeks=\"1\"><div class=\"fusion-dash-wrapper\"><div class=\"fusion-dash fusion-dash-days\"><div class=\"fusion-digit-wrapper\"><div class=\"fusion-thousand-digit fusion-digit\">0<\/div><div class=\"fusion-hundred-digit fusion-digit\">0<\/div><div class=\"fusion-digit\">0<\/div><div class=\"fusion-digit\">0<\/div><\/div><div class=\"fusion-dash-title\">Days<\/div><\/div><\/div><div class=\"fusion-dash-wrapper\"><div class=\"fusion-dash fusion-dash-hours\"><div class=\"fusion-digit-wrapper\"><div class=\"fusion-digit\">0<\/div><div class=\"fusion-digit\">0<\/div><\/div><div class=\"fusion-dash-title\">Hrs<\/div><\/div><\/div><div class=\"fusion-dash-wrapper\"><div class=\"fusion-dash fusion-dash-minutes\"><div class=\"fusion-digit-wrapper\"><div class=\"fusion-digit\">0<\/div><div class=\"fusion-digit\">0<\/div><\/div><div class=\"fusion-dash-title\">Min<\/div><\/div><\/div><div class=\"fusion-dash-wrapper\"><div class=\"fusion-dash fusion-dash-seconds\"><div class=\"fusion-digit-wrapper\"><div class=\"fusion-digit\">0<\/div><div class=\"fusion-digit\">0<\/div><\/div><div class=\"fusion-dash-title\">Sec<\/div><\/div><\/div><\/div><div class=\"fusion-countdown-link-wrapper\"><a class=\"fusion-countdown-link\" target=\"_blank\" href=\"https:\/\/agbw.org\/am\/events\/surb-sargis-tag-der-jugend\/\" rel=\"noopener noreferrer\"><\/a><\/div><\/div><\/div><div class=\"fusion-separator fusion-full-width-sep\" style=\"align-self: center;margin-left: auto;margin-right: auto;margin-top:15px;margin-bottom:15px;width:100%;\"><div class=\"fusion-separator-border sep-single sep-solid\" style=\"--awb-height:20px;--awb-amount:20px;border-color:#ffac00;border-top-width:1px;\"><\/div><\/div><div class=\"fusion-text fusion-text-2\"><p><a href=\"https:\/\/agbw.org\/am\/events\/surb-sargis-tag-der-jugend\/\">Surb Sargis \u2013 Tag der Jugend \u2013 Armenische Gemeinde Baden-W\u00fcrttemberg<\/a><\/p>\n<\/div><\/div><\/div><\/div><\/div>","protected":false},"excerpt":{"rendered":"","protected":false},"author":1,"featured_media":20591,"comment_status":"closed","ping_status":"closed","sticky":false,"template":"","format":"standard","meta":{"footnotes":""},"categories":[142,334,335],"tags":[647,648],"class_list":["post-20593","post","type-post","status-publish","format-standard","has-post-thumbnail","hentry","category-aktuell","category-jugend","category-jugendausschuss","tag-surb-sargis-2025","tag-tag-der-jugend-2025"],"_links":{"self":[{"href":"https:\/\/agbw.org\/am\/wp-json\/wp\/v2\/posts\/20593","targetHints":{"allow":["GET"]}}],"collection":[{"href":"https:\/\/agbw.org\/am\/wp-json\/wp\/v2\/posts"}],"about":[{"href":"https:\/\/agbw.org\/am\/wp-json\/wp\/v2\/types\/post"}],"author":[{"embeddable":true,"href":"https:\/\/agbw.org\/am\/wp-json\/wp\/v2\/users\/1"}],"replies":[{"embeddable":true,"href":"https:\/\/agbw.org\/am\/wp-json\/wp\/v2\/comments?post=20593"}],"version-history":[{"count":2,"href":"https:\/\/agbw.org\/am\/wp-json\/wp\/v2\/posts\/20593\/revisions"}],"predecessor-version":[{"id":20601,"href":"https:\/\/agbw.org\/am\/wp-json\/wp\/v2\/posts\/20593\/revisions\/20601"}],"wp:featuredmedia":[{"embeddable":true,"href":"https:\/\/agbw.org\/am\/wp-json\/wp\/v2\/media\/20591"}],"wp:attachment":[{"href":"https:\/\/agbw.org\/am\/wp-json\/wp\/v2\/media?parent=20593"}],"wp:term":[{"taxonomy":"category","embeddable":true,"href":"https:\/\/agbw.org\/am\/wp-json\/wp\/v2\/categories?post=20593"},{"taxonomy":"post_tag","embeddable":true,"href":"https:\/\/agbw.org\/am\/wp-json\/wp\/v2\/tags?post=20593"}],"curies":[{"name":"wp","href":"https:\/\/api.w.org\/{rel}","templated":true}]}}