{"id":20668,"date":"2025-02-10T10:34:18","date_gmt":"2025-02-10T09:34:18","guid":{"rendered":"https:\/\/agbw.org\/?p=20668"},"modified":"2025-02-10T10:38:26","modified_gmt":"2025-02-10T09:38:26","slug":"mehr-familie-wagen","status":"publish","type":"post","link":"https:\/\/agbw.org\/am\/2025\/mehr-familie-wagen\/","title":{"rendered":"Mehr Familie wagen"},"content":{"rendered":"<p><div class=\"fusion-fullwidth fullwidth-box fusion-builder-row-1 fusion-flex-container has-pattern-background has-mask-background nonhundred-percent-fullwidth non-hundred-percent-height-scrolling\" style=\"--awb-border-radius-top-left:0px;--awb-border-radius-top-right:0px;--awb-border-radius-bottom-right:0px;--awb-border-radius-bottom-left:0px;--awb-flex-wrap:wrap;\" ><div class=\"fusion-builder-row fusion-row fusion-flex-align-items-flex-start fusion-flex-content-wrap\" style=\"max-width:1248px;margin-left: calc(-4% \/ 2 );margin-right: calc(-4% \/ 2 );\"><div class=\"fusion-layout-column fusion_builder_column fusion-builder-column-0 fusion_builder_column_1_1 1_1 fusion-flex-column\" style=\"--awb-bg-size:cover;--awb-width-large:100%;--awb-margin-top-large:0px;--awb-spacing-right-large:1.92%;--awb-margin-bottom-large:20px;--awb-spacing-left-large:1.92%;--awb-width-medium:100%;--awb-order-medium:0;--awb-spacing-right-medium:1.92%;--awb-spacing-left-medium:1.92%;--awb-width-small:100%;--awb-order-small:0;--awb-spacing-right-small:1.92%;--awb-spacing-left-small:1.92%;\"><div class=\"fusion-column-wrapper fusion-column-has-shadow fusion-flex-justify-content-flex-start fusion-content-layout-column\"><div class=\"fusion-title title fusion-title-1 fusion-sep-none fusion-title-text fusion-title-size-one\" style=\"--awb-margin-top-small:10px;--awb-margin-right-small:0px;--awb-margin-bottom-small:10px;--awb-margin-left-small:0px;\"><h1 class=\"fusion-title-heading title-heading-left fusion-responsive-typography-calculated\" style=\"margin:0;--fontSize:35;line-height:1.2;\">Mehr Familie wagen \u2013 Warum sie die beste Entscheidung f\u00fcr die Zukunft ist!<\/h1><\/div><div class=\"fusion-title title fusion-title-2 fusion-sep-none fusion-title-text fusion-title-size-two\" style=\"--awb-margin-top-small:10px;--awb-margin-right-small:0px;--awb-margin-bottom-small:10px;--awb-margin-left-small:0px;\"><h2 class=\"fusion-title-heading title-heading-left fusion-responsive-typography-calculated\" style=\"margin:0;--fontSize:28;line-height:1.2;\">Familie: Eine Entscheidung mit Folgen?<\/h2><\/div><div class=\"fusion-text fusion-text-1\"><p>Die Zahl der Kinder in Deutschland hat sich in den letzten vierzig Jahren halbiert. Auch in unseren armenischen Gemeinden sp\u00fcren wir das: Immer weniger junge Menschen gr\u00fcnden eine Familie. Die Gr\u00fcnde sind vielf\u00e4ltig \u2013 Angst vor Verantwortung, der Wunsch nach Unabh\u00e4ngigkeit, finanzielle Unsicherheit. Gleichzeitig sprechen Sozialwissenschaftler von einer <strong>\u201eRenaissance der Familie\u201c<\/strong> \u2013 Familie wird wieder gesch\u00e4tzt, jedoch eher als Herkunfts- oder Elternhaus, nicht als selbst gew\u00e4hlte Lebensform mit Kindern.<\/p>\n<p>Wie passt das zusammen? Warum w\u00e4chst die <strong>Sehnsucht nach Familie<\/strong>, w\u00e4hrend die Bereitschaft, eigene Kinder zu bekommen, sinkt? Und wie k\u00f6nnen wir als christliche Gemeinschaft jungen Menschen Mut machen, Familie nicht als Last, sondern als Geschenk zu sehen?<\/p>\n<p>Dyarnendaratsch \u2013 der Tag der jungen Familien \u2013 l\u00e4dt uns ein, \u00fcber diese Fragen nachzudenken.<\/p>\n<\/div><div class=\"fusion-separator fusion-full-width-sep\" style=\"align-self: center;margin-left: auto;margin-right: auto;margin-top:15px;margin-bottom:15px;width:100%;\"><div class=\"fusion-separator-border sep-single\" style=\"--awb-height:20px;--awb-amount:20px;border-color:#ffac00;border-top-width:1px;\"><\/div><\/div><\/div><\/div><\/div><\/div><div class=\"fusion-fullwidth fullwidth-box fusion-builder-row-2 fusion-flex-container has-pattern-background has-mask-background nonhundred-percent-fullwidth non-hundred-percent-height-scrolling\" style=\"--awb-border-radius-top-left:0px;--awb-border-radius-top-right:0px;--awb-border-radius-bottom-right:0px;--awb-border-radius-bottom-left:0px;--awb-flex-wrap:wrap;\" ><div class=\"fusion-builder-row fusion-row fusion-flex-align-items-flex-start fusion-flex-content-wrap\" style=\"max-width:1248px;margin-left: calc(-4% \/ 2 );margin-right: calc(-4% \/ 2 );\"><div class=\"fusion-layout-column fusion_builder_column fusion-builder-column-1 fusion_builder_column_1_2 1_2 fusion-flex-column\" style=\"--awb-bg-size:cover;--awb-width-large:50%;--awb-margin-top-large:0px;--awb-spacing-right-large:3.84%;--awb-margin-bottom-large:20px;--awb-spacing-left-large:3.84%;--awb-width-medium:100%;--awb-order-medium:0;--awb-spacing-right-medium:1.92%;--awb-spacing-left-medium:1.92%;--awb-width-small:100%;--awb-order-small:0;--awb-spacing-right-small:1.92%;--awb-spacing-left-small:1.92%;\"><div class=\"fusion-column-wrapper fusion-column-has-shadow fusion-flex-justify-content-flex-start fusion-content-layout-column\"><div class=\"fusion-image-element\" style=\"--awb-caption-title-font-family:var(--h2_typography-font-family);--awb-caption-title-font-weight:var(--h2_typography-font-weight);--awb-caption-title-font-style:var(--h2_typography-font-style);--awb-caption-title-size:var(--h2_typography-font-size);--awb-caption-title-transform:var(--h2_typography-text-transform);--awb-caption-title-line-height:var(--h2_typography-line-height);--awb-caption-title-letter-spacing:var(--h2_typography-letter-spacing);\"><span class=\"fusion-imageframe imageframe-none imageframe-1 hover-type-none\"><a class=\"fusion-no-lightbox\" href=\"https:\/\/agbw.org\/am\/2025\/dyarnentaratsch\/\" target=\"_blank\" aria-label=\"Die Darstellung des Herrn im Tempel, 1678, Konstantinopel, von Priester Yakob P\u0113ligratci, in Auftrag gegeben von Clav, Sohn des Nawasard, als Widmung an seine S\u00f6hne Astuacatur und Sahak, W.547 Walters Sammlung\" rel=\"noopener noreferrer\"><img decoding=\"async\" width=\"800\" height=\"533\" src=\"https:\/\/agbw.org\/wp-content\/uploads\/2025\/02\/Die-Darstellung-des-Herrn-im-Tempel-1678-Konstantinopel-von-Priester-Yakob-Peligratci-in-Auftrag-gegeben-von-Clav-Sohn-des-Nawasard-als-Widmung-an-seine-Soehne-Astuacatur-und-Sahak-W.547-Walters-Sammlung-800x533.png\" alt class=\"img-responsive wp-image-20671\" srcset=\"https:\/\/agbw.org\/wp-content\/uploads\/2025\/02\/Die-Darstellung-des-Herrn-im-Tempel-1678-Konstantinopel-von-Priester-Yakob-Peligratci-in-Auftrag-gegeben-von-Clav-Sohn-des-Nawasard-als-Widmung-an-seine-Soehne-Astuacatur-und-Sahak-W.547-Walters-Sammlung-200x133.png 200w, https:\/\/agbw.org\/wp-content\/uploads\/2025\/02\/Die-Darstellung-des-Herrn-im-Tempel-1678-Konstantinopel-von-Priester-Yakob-Peligratci-in-Auftrag-gegeben-von-Clav-Sohn-des-Nawasard-als-Widmung-an-seine-Soehne-Astuacatur-und-Sahak-W.547-Walters-Sammlung-400x267.png 400w, https:\/\/agbw.org\/wp-content\/uploads\/2025\/02\/Die-Darstellung-des-Herrn-im-Tempel-1678-Konstantinopel-von-Priester-Yakob-Peligratci-in-Auftrag-gegeben-von-Clav-Sohn-des-Nawasard-als-Widmung-an-seine-Soehne-Astuacatur-und-Sahak-W.547-Walters-Sammlung-600x400.png 600w, https:\/\/agbw.org\/wp-content\/uploads\/2025\/02\/Die-Darstellung-des-Herrn-im-Tempel-1678-Konstantinopel-von-Priester-Yakob-Peligratci-in-Auftrag-gegeben-von-Clav-Sohn-des-Nawasard-als-Widmung-an-seine-Soehne-Astuacatur-und-Sahak-W.547-Walters-Sammlung-800x533.png 800w, https:\/\/agbw.org\/wp-content\/uploads\/2025\/02\/Die-Darstellung-des-Herrn-im-Tempel-1678-Konstantinopel-von-Priester-Yakob-Peligratci-in-Auftrag-gegeben-von-Clav-Sohn-des-Nawasard-als-Widmung-an-seine-Soehne-Astuacatur-und-Sahak-W.547-Walters-Sammlung.png 900w\" sizes=\"(max-width: 1024px) 100vw, (max-width: 640px) 100vw, 600px\" \/><\/a><\/span><\/div><\/div><\/div><div class=\"fusion-layout-column fusion_builder_column fusion-builder-column-2 fusion_builder_column_1_2 1_2 fusion-flex-column\" style=\"--awb-bg-size:cover;--awb-width-large:50%;--awb-margin-top-large:0px;--awb-spacing-right-large:3.84%;--awb-margin-bottom-large:20px;--awb-spacing-left-large:3.84%;--awb-width-medium:100%;--awb-order-medium:0;--awb-spacing-right-medium:1.92%;--awb-spacing-left-medium:1.92%;--awb-width-small:100%;--awb-order-small:0;--awb-spacing-right-small:1.92%;--awb-spacing-left-small:1.92%;\"><div class=\"fusion-column-wrapper fusion-column-has-shadow fusion-flex-justify-content-flex-start fusion-content-layout-column\"><div class=\"fusion-image-element\" style=\"--awb-caption-title-font-family:var(--h2_typography-font-family);--awb-caption-title-font-weight:var(--h2_typography-font-weight);--awb-caption-title-font-style:var(--h2_typography-font-style);--awb-caption-title-size:var(--h2_typography-font-size);--awb-caption-title-transform:var(--h2_typography-text-transform);--awb-caption-title-line-height:var(--h2_typography-line-height);--awb-caption-title-letter-spacing:var(--h2_typography-letter-spacing);\"><span class=\"fusion-imageframe imageframe-none imageframe-2 hover-type-none\"><a class=\"fusion-no-lightbox\" href=\"https:\/\/agbw.org\/am\/ktv\/\" target=\"_blank\" aria-label=\"Vorbereitung zur Trauung\" rel=\"noopener noreferrer\"><img decoding=\"async\" width=\"800\" height=\"533\" src=\"https:\/\/agbw.org\/wp-content\/uploads\/2025\/02\/Vorbereitung-zur-Trauung-800x533.png\" alt class=\"img-responsive wp-image-20686\" srcset=\"https:\/\/agbw.org\/wp-content\/uploads\/2025\/02\/Vorbereitung-zur-Trauung-200x133.png 200w, https:\/\/agbw.org\/wp-content\/uploads\/2025\/02\/Vorbereitung-zur-Trauung-400x267.png 400w, https:\/\/agbw.org\/wp-content\/uploads\/2025\/02\/Vorbereitung-zur-Trauung-600x400.png 600w, https:\/\/agbw.org\/wp-content\/uploads\/2025\/02\/Vorbereitung-zur-Trauung-800x533.png 800w, https:\/\/agbw.org\/wp-content\/uploads\/2025\/02\/Vorbereitung-zur-Trauung.png 900w\" sizes=\"(max-width: 1024px) 100vw, (max-width: 640px) 100vw, 600px\" \/><\/a><\/span><\/div><\/div><\/div><\/div><\/div><div class=\"fusion-fullwidth fullwidth-box fusion-builder-row-3 fusion-flex-container has-pattern-background has-mask-background nonhundred-percent-fullwidth non-hundred-percent-height-scrolling\" style=\"--awb-border-radius-top-left:0px;--awb-border-radius-top-right:0px;--awb-border-radius-bottom-right:0px;--awb-border-radius-bottom-left:0px;--awb-flex-wrap:wrap;\" ><div class=\"fusion-builder-row fusion-row fusion-flex-align-items-flex-start fusion-flex-content-wrap\" style=\"max-width:1248px;margin-left: calc(-4% \/ 2 );margin-right: calc(-4% \/ 2 );\"><div class=\"fusion-layout-column fusion_builder_column fusion-builder-column-3 fusion_builder_column_1_1 1_1 fusion-flex-column\" style=\"--awb-bg-size:cover;--awb-width-large:100%;--awb-margin-top-large:0px;--awb-spacing-right-large:1.92%;--awb-margin-bottom-large:20px;--awb-spacing-left-large:1.92%;--awb-width-medium:100%;--awb-order-medium:0;--awb-spacing-right-medium:1.92%;--awb-spacing-left-medium:1.92%;--awb-width-small:100%;--awb-order-small:0;--awb-spacing-right-small:1.92%;--awb-spacing-left-small:1.92%;\"><div class=\"fusion-column-wrapper fusion-column-has-shadow fusion-flex-justify-content-flex-start fusion-content-layout-column\"><div class=\"fusion-separator fusion-full-width-sep\" style=\"align-self: center;margin-left: auto;margin-right: auto;margin-top:15px;margin-bottom:15px;width:100%;\"><div class=\"fusion-separator-border sep-single\" style=\"--awb-height:20px;--awb-amount:20px;border-color:#ffac00;border-top-width:1px;\"><\/div><\/div><div class=\"fusion-title title fusion-title-3 fusion-sep-none fusion-title-text fusion-title-size-two\" style=\"--awb-margin-top-small:10px;--awb-margin-right-small:0px;--awb-margin-bottom-small:10px;--awb-margin-left-small:0px;\"><h2 class=\"fusion-title-heading title-heading-left fusion-responsive-typography-calculated\" style=\"margin:0;--fontSize:28;line-height:1.2;\">Die gr\u00f6\u00dften Herausforderungen junger Familien<\/h2><\/div><div class=\"fusion-title title fusion-title-4 fusion-sep-none fusion-title-text fusion-title-size-three\" style=\"--awb-margin-top-small:10px;--awb-margin-right-small:0px;--awb-margin-bottom-small:10px;--awb-margin-left-small:0px;\"><h3 class=\"fusion-title-heading title-heading-left fusion-responsive-typography-calculated\" style=\"margin:0;--fontSize:23;--minFontSize:23;line-height:1.2;\">Angst vor Verantwortung \u2013 Wer will heute noch Vater oder Mutter sein?<\/h3><\/div><div class=\"fusion-text fusion-text-2\"><p>Viele junge Menschen haben heute Angst vor der Verantwortung, die mit einer eigenen Familie einhergeht \u2013 sowohl M\u00e4nner als auch Frauen. W\u00e4hrend fr\u00fchere Generationen oft ganz selbstverst\u00e4ndlich Eltern wurden, erleben viele heute eine innere Blockade. <strong>\u201eBin ich bereit f\u00fcr Kinder? Kann ich diese Verantwortung tragen? Verliere ich dadurch meine Unabh\u00e4ngigkeit?\u201c<\/strong><\/p>\n<p><strong>F\u00fcr M\u00e4nner hat sich die Rolle des Vaters stark ver\u00e4ndert.<\/strong> Fr\u00fcher war er in erster Linie der Ern\u00e4hrer, das Familienoberhaupt. Heute stehen Frauen auf gleicher Augenh\u00f6he im Berufsleben, und viele M\u00e4nner fragen sich: <strong>Was bedeutet es heute, Vater zu sein? Bin ich noch gebraucht? Habe ich als Vater eine klare Aufgabe?<\/strong><\/p>\n<p>Diese Unsicherheit f\u00fchrt oft zu einer Vermeidungsstrategie. Viele M\u00e4nner verschieben die Familiengr\u00fcndung oder entscheiden sich bewusst dagegen, weil sie f\u00fcrchten, nicht den gesellschaftlichen oder eigenen Erwartungen gerecht zu werden. Sie haben Angst, ihren Lebensstandard zu verlieren oder sich in einer Rolle wiederzufinden, die sie nicht mitgestalten konnten.<\/p>\n<p>Doch auch Frauen stehen unter Druck. <strong>Moderne M\u00fctter sollen heute alles zugleich sein:<br \/>\n<\/strong><br \/>\n\u2714 Liebevolle Mutter<br \/>\n\u2714 Erfolgreiche Berufst\u00e4tige<br \/>\n\u2714 Partnerin, die die Beziehung aktiv gestaltet<br \/>\n\u2714 Emotionale St\u00fctze f\u00fcr die Familie<\/p>\n<p>Dieser Druck kann \u00fcberw\u00e4ltigend sein. <strong>Viele Frauen haben Angst, dass sie entweder als Mutter oder im Beruf versagen.<\/strong> Sie f\u00fcrchten, den Anforderungen nicht gerecht zu werden \u2013 sei es finanziell, emotional oder organisatorisch.<\/p>\n<p><strong>Biblische Perspektive: Die Bibel gibt eine klare Antwort auf diese Sorgen:<\/strong><\/p>\n<blockquote>\n<p><em>\u201eF\u00fcrchte dich nicht, denn ich bin mit dir.\u201c<\/em> (<a href=\"https:\/\/www.bibleserver.com\/EU\/Jesaja41%2C10\" class=\"bibleserver extern\" target=\"_blank\">Jesaja 41,10<\/a>)<\/p>\n<\/blockquote>\n<p>Ein guter Vater und eine gute Mutter zu sein bedeutet nicht, perfekt zu sein. Es bedeutet, <strong>da zu sein, sich einzubringen, mit Liebe Verantwortung zu tragen.<\/strong><\/p>\n<p>Die gr\u00f6\u00dfte Freude im Leben kommt, so bezeugt die Tradition der Kirche, nicht aus Karriere oder materiellem Erfolg, sondern aus tiefen Beziehungen. Deshalb versteht man in der armenischen Tradition <strong>Mutter- und Vaterschaftnicht nicht als Kontrollverlust \u2013 sondern als eine Bereicherung, ein Segen.<\/strong><\/p>\n<\/div><div class=\"fusion-separator fusion-full-width-sep\" style=\"align-self: center;margin-left: auto;margin-right: auto;margin-top:15px;margin-bottom:15px;width:100%;\"><div class=\"fusion-separator-border sep-single\" style=\"--awb-height:20px;--awb-amount:20px;border-color:#ffac00;border-top-width:1px;\"><\/div><\/div><div class=\"fusion-image-element\" style=\"--awb-caption-title-font-family:var(--h2_typography-font-family);--awb-caption-title-font-weight:var(--h2_typography-font-weight);--awb-caption-title-font-style:var(--h2_typography-font-style);--awb-caption-title-size:var(--h2_typography-font-size);--awb-caption-title-transform:var(--h2_typography-text-transform);--awb-caption-title-line-height:var(--h2_typography-line-height);--awb-caption-title-letter-spacing:var(--h2_typography-letter-spacing);\"><span class=\"fusion-imageframe imageframe-none imageframe-3 hover-type-none\"><img decoding=\"async\" width=\"800\" height=\"533\" title=\"Familie ist Heimat\" src=\"https:\/\/agbw.org\/wp-content\/uploads\/2025\/02\/Familie-ist-Heimat-800x533.png\" alt class=\"img-responsive wp-image-20672\" srcset=\"https:\/\/agbw.org\/wp-content\/uploads\/2025\/02\/Familie-ist-Heimat-200x133.png 200w, https:\/\/agbw.org\/wp-content\/uploads\/2025\/02\/Familie-ist-Heimat-400x267.png 400w, https:\/\/agbw.org\/wp-content\/uploads\/2025\/02\/Familie-ist-Heimat-600x400.png 600w, https:\/\/agbw.org\/wp-content\/uploads\/2025\/02\/Familie-ist-Heimat-800x533.png 800w, https:\/\/agbw.org\/wp-content\/uploads\/2025\/02\/Familie-ist-Heimat.png 900w\" sizes=\"(max-width: 1024px) 100vw, (max-width: 640px) 100vw, 800px\" \/><\/span><\/div><\/div><\/div><\/div><\/div><div class=\"fusion-fullwidth fullwidth-box fusion-builder-row-4 fusion-flex-container has-pattern-background has-mask-background nonhundred-percent-fullwidth non-hundred-percent-height-scrolling\" style=\"--awb-border-radius-top-left:0px;--awb-border-radius-top-right:0px;--awb-border-radius-bottom-right:0px;--awb-border-radius-bottom-left:0px;--awb-flex-wrap:wrap;\" ><div class=\"fusion-builder-row fusion-row fusion-flex-align-items-flex-start fusion-flex-content-wrap\" style=\"max-width:1248px;margin-left: calc(-4% \/ 2 );margin-right: calc(-4% \/ 2 );\"><div class=\"fusion-layout-column fusion_builder_column fusion-builder-column-4 fusion_builder_column_1_1 1_1 fusion-flex-column\" style=\"--awb-bg-size:cover;--awb-width-large:100%;--awb-margin-top-large:0px;--awb-spacing-right-large:1.92%;--awb-margin-bottom-large:20px;--awb-spacing-left-large:1.92%;--awb-width-medium:100%;--awb-order-medium:0;--awb-spacing-right-medium:1.92%;--awb-spacing-left-medium:1.92%;--awb-width-small:100%;--awb-order-small:0;--awb-spacing-right-small:1.92%;--awb-spacing-left-small:1.92%;\"><div class=\"fusion-column-wrapper fusion-column-has-shadow fusion-flex-justify-content-flex-start fusion-content-layout-column\"><div class=\"fusion-title title fusion-title-5 fusion-sep-none fusion-title-text fusion-title-size-two\" style=\"--awb-margin-top-small:10px;--awb-margin-right-small:0px;--awb-margin-bottom-small:10px;--awb-margin-left-small:0px;\"><h2 class=\"fusion-title-heading title-heading-left fusion-responsive-typography-calculated\" style=\"margin:0;--fontSize:28;line-height:1.2;\">Wohlstandsverlust \u2013 Kinder oder Eigentumswohnung?<\/h2><\/div><div class=\"fusion-text fusion-text-3\"><p>Ein weiteres zentrales Thema f\u00fcr junge Menschen ist die finanzielle Unsicherheit. Studien zeigen, dass viele junge Erwachsene glauben, sie m\u00fcssten sich entscheiden: <strong>Familie oder Wohlstand?<\/strong><\/p>\n<p>Die Zahlen sprechen eine klare Sprache: Die Kosten f\u00fcr die Erziehung eines Kindes bis zum 18. Lebensjahr belaufen sich auf durchschnittlich 148.000 Euro. Gleichzeitig steigen die Preise f\u00fcr Immobilien und Lebenshaltungskosten immer weiter. F\u00fcr viele scheint es finanziell kl\u00fcger zu sein, auf Kinder zu verzichten oder ihre Familiengr\u00fcndung hinauszuz\u00f6gern.<\/p>\n<p>Doch ist finanzieller Wohlstand wirklich das h\u00f6chste Gut? Ist es das, was uns am Ende des Lebens gl\u00fccklich macht?<\/p>\n<blockquote>\n<p><em>\u201eSorgt euch nicht um morgen; denn der morgige Tag wird f\u00fcr sich selbst sorgen.\u201c<\/em> (<a href=\"https:\/\/www.bibleserver.com\/EU\/Matth%C3%A4us6%2C34\" class=\"bibleserver extern\" target=\"_blank\">Matth\u00e4us 6,34<\/a>)<\/p>\n<\/blockquote>\n<p>Gott verspricht uns, dass er sich um uns k\u00fcmmern wird. Familie bedeutet nicht Armut, sondern <strong>einen anderen, tieferen Reichtum<\/strong> \u2013 den Reichtum an Liebe, Zusammenhalt und Erf\u00fcllung. Niemand blickt am Ende seines Lebens zur\u00fcck und sagt: <strong>\u201eIch w\u00fcnschte, ich h\u00e4tte mehr Geld verdient.\u201c<\/strong> Aber viele sagen: <strong>\u201eIch w\u00fcnschte, ich h\u00e4tte mehr Zeit mit meinen Kindern verbracht.\u201c<\/strong><\/p>\n<p>Ja, Kinder kosten Geld. Ja, es ist eine Herausforderung, eine Familie finanziell zu versorgen. Aber der wahre Wert des Lebens liegt nicht im Bankkonto, sondern in den Momenten, die wir mit unseren Liebsten teilen.<\/p>\n<\/div><div class=\"fusion-separator fusion-full-width-sep\" style=\"align-self: center;margin-left: auto;margin-right: auto;margin-top:15px;margin-bottom:15px;width:100%;\"><div class=\"fusion-separator-border sep-single\" style=\"--awb-height:20px;--awb-amount:20px;border-color:#ffac00;border-top-width:1px;\"><\/div><\/div><div class=\"fusion-image-element\" style=\"--awb-caption-title-font-family:var(--h2_typography-font-family);--awb-caption-title-font-weight:var(--h2_typography-font-weight);--awb-caption-title-font-style:var(--h2_typography-font-style);--awb-caption-title-size:var(--h2_typography-font-size);--awb-caption-title-transform:var(--h2_typography-text-transform);--awb-caption-title-line-height:var(--h2_typography-line-height);--awb-caption-title-letter-spacing:var(--h2_typography-letter-spacing);\"><span class=\"fusion-imageframe imageframe-none imageframe-4 hover-type-none\"><img decoding=\"async\" width=\"800\" height=\"533\" title=\"Haus oder Kind\" src=\"https:\/\/agbw.org\/wp-content\/uploads\/2025\/02\/Haus-oder-Kind-800x533.png\" alt class=\"img-responsive wp-image-20675\" srcset=\"https:\/\/agbw.org\/wp-content\/uploads\/2025\/02\/Haus-oder-Kind-200x133.png 200w, https:\/\/agbw.org\/wp-content\/uploads\/2025\/02\/Haus-oder-Kind-400x267.png 400w, https:\/\/agbw.org\/wp-content\/uploads\/2025\/02\/Haus-oder-Kind-600x400.png 600w, https:\/\/agbw.org\/wp-content\/uploads\/2025\/02\/Haus-oder-Kind-800x533.png 800w, https:\/\/agbw.org\/wp-content\/uploads\/2025\/02\/Haus-oder-Kind.png 900w\" sizes=\"(max-width: 1024px) 100vw, (max-width: 640px) 100vw, 800px\" \/><\/span><\/div><\/div><\/div><\/div><\/div><div class=\"fusion-fullwidth fullwidth-box fusion-builder-row-5 fusion-flex-container has-pattern-background has-mask-background nonhundred-percent-fullwidth non-hundred-percent-height-scrolling\" style=\"--awb-border-radius-top-left:0px;--awb-border-radius-top-right:0px;--awb-border-radius-bottom-right:0px;--awb-border-radius-bottom-left:0px;--awb-flex-wrap:wrap;\" ><div class=\"fusion-builder-row fusion-row fusion-flex-align-items-flex-start fusion-flex-content-wrap\" style=\"max-width:1248px;margin-left: calc(-4% \/ 2 );margin-right: calc(-4% \/ 2 );\"><div class=\"fusion-layout-column fusion_builder_column fusion-builder-column-5 fusion_builder_column_1_1 1_1 fusion-flex-column\" style=\"--awb-bg-size:cover;--awb-width-large:100%;--awb-margin-top-large:0px;--awb-spacing-right-large:1.92%;--awb-margin-bottom-large:20px;--awb-spacing-left-large:1.92%;--awb-width-medium:100%;--awb-order-medium:0;--awb-spacing-right-medium:1.92%;--awb-spacing-left-medium:1.92%;--awb-width-small:100%;--awb-order-small:0;--awb-spacing-right-small:1.92%;--awb-spacing-left-small:1.92%;\"><div class=\"fusion-column-wrapper fusion-column-has-shadow fusion-flex-justify-content-flex-start fusion-content-layout-column\"><div class=\"fusion-title title fusion-title-6 fusion-sep-none fusion-title-text fusion-title-size-two\" style=\"--awb-margin-top-small:10px;--awb-margin-right-small:0px;--awb-margin-bottom-small:10px;--awb-margin-left-small:0px;\"><h2 class=\"fusion-title-heading title-heading-left fusion-responsive-typography-calculated\" style=\"margin:0;--fontSize:28;line-height:1.2;\">Der Mythos der verlorenen Freiheit \u2013 Ist Familie eine Einschr\u00e4nkung?<\/h2><\/div><div class=\"fusion-text fusion-text-4\"><p>Viele junge Menschen haben Angst, dass Familie ihre pers\u00f6nliche Freiheit einschr\u00e4nkt. Keine spontanen Reisen mehr, weniger Freizeit, Verantwortung rund um die Uhr. Diese Sorge ist nicht unbegr\u00fcndet, denn Elternsein bedeutet tats\u00e4chlich, dass man sich auf eine neue Lebensrealit\u00e4t einl\u00e4sst \u2013 eine, die Planung, F\u00fcrsorge und Hingabe erfordert. Doch die entscheidende Frage ist: <strong>Was bedeutet Freiheit wirklich?<\/strong><\/p>\n<p>Unsere Gesellschaft vermittelt den Gedanken, dass wahre Freiheit darin besteht, <strong>alle M\u00f6glichkeiten offen zu halten, immer w\u00e4hlbar zu bleiben, sich nicht endg\u00fcltig festzulegen.<\/strong> Dieser Gedanke ist tief in der modernen Kultur verankert: Wir sollen flexibel sein, unabh\u00e4ngig bleiben und jede neue Gelegenheit pr\u00fcfen, bevor wir uns binden. Doch genau diese Haltung f\u00fchrt oft nicht zur Freiheit, sondern zur <strong>Unf\u00e4higkeit, echte Zugeh\u00f6rigkeit zu erleben.<\/strong><\/p>\n<p>Die Bibel zeigt uns, dass Familie von Anfang an ein g\u00f6ttlicher Plan war:<\/p>\n<blockquote>\n<p><em>\u201eEs ist nicht gut, dass der Mensch allein sei; ich will ihm eine Hilfe machen, die ihm entspricht.\u201c<\/em> (<a href=\"https:\/\/www.bibleserver.com\/EU\/1.Mose2%2C18\" class=\"bibleserver extern\" target=\"_blank\">1. Mose 2,18<\/a>)<\/p>\n<\/blockquote>\n<p>Gott hat den Menschen nicht als isoliertes Individuum erschaffen, sondern als ein Wesen, das in Beziehung steht \u2013 zu Gott und zu anderen Menschen. Freiheit ist in der biblischen Sicht <strong>kein absoluter Individualismus<\/strong>, sondern die F\u00e4higkeit, sich in Liebe zu binden.<\/p>\n<p>Eine falsche Vorstellung von Freiheit h\u00e4lt Menschen oft in einer Existenz der <strong>ewigen M\u00f6glichkeiten<\/strong> gefangen bleibt. Wer sich nie bindet, wer sich nie auf eine Entscheidung einl\u00e4sst, bleibt in einem Zustand permanenter Unsicherheit. Die biblische Botschaft hingegen sagt: <strong>Freiheit besteht nicht darin, alle T\u00fcren offen zu lassen, sondern darin, eine T\u00fcr zu w\u00e4hlen und durch sie hindurchzugehen.<\/strong><\/p>\n<p>Familie ist genau eine solche Entscheidung. Sie ist <strong>eine selbstgew\u00e4hlte Bindung, die nicht einengt, sondern Leben erm\u00f6glicht.<\/strong> Ein Kind gro\u00dfzuziehen, Verantwortung zu \u00fcbernehmen und ein Zuhause zu schaffen, bedeutet nicht den Verlust der Freiheit \u2013 sondern eine <strong>tiefere Form der Freiheit, die aus Liebe und Hingabe erw\u00e4chst.<\/strong><\/p>\n<h3><strong>Einsamkeit als Schatten der Unabh\u00e4ngigkeit<\/strong><\/h3>\n<p>Einsamkeit ist heute eine der gr\u00f6\u00dften Herausforderungen der modernen Gesellschaft. Nie zuvor waren Menschen so vernetzt, und doch nie zuvor so isoliert. Der Preis f\u00fcr totale Unabh\u00e4ngigkeit ist oft <strong>Vereinsamung, emotionale Entfremdung und das Gef\u00fchl, keine tiefe Zugeh\u00f6rigkeit zu haben.<\/strong><\/p>\n<p>Wer sich nicht binden will, um flexibel zu bleiben, merkt oft zu sp\u00e4t, dass ihm die tiefste Form von Gl\u00fcck fehlt: <strong>das Wissen, dass es einen Ort gibt, an den man geh\u00f6rt, dass es Menschen gibt, die einen lieben \u2013 nicht wegen Erfolgen oder Status, sondern einfach, weil man da ist. <\/strong>In diesem Sinne ist Familie ein Ort des Ankommens. Ein Ort, an dem man so sein darf, wie man ist, an dem Liebe nicht verdient werden muss, sondern geschenkt wird. Das lernen wir ja in unserer Kirche, durch Jesus Christus, in dem wir unsere Freiheit vollst\u00e4ndig den uns liebenden Gott anvertrauen, frei entscheiden und sagen sagen: <em>\u201e<\/em>Dein Wille Geschehe<em>\u201c<\/em>. Wir binden uns und erhalten die wahre Freiheit. <strong>Und genau diese Bindung ist es, die uns zur wahren Freiheit f\u00fchrt.<\/strong><\/p>\n<\/div><div class=\"fusion-separator fusion-full-width-sep\" style=\"align-self: center;margin-left: auto;margin-right: auto;margin-top:15px;margin-bottom:15px;width:100%;\"><div class=\"fusion-separator-border sep-single\" style=\"--awb-height:20px;--awb-amount:20px;border-color:#ffac00;border-top-width:1px;\"><\/div><\/div><div class=\"fusion-image-element\" style=\"--awb-caption-title-font-family:var(--h2_typography-font-family);--awb-caption-title-font-weight:var(--h2_typography-font-weight);--awb-caption-title-font-style:var(--h2_typography-font-style);--awb-caption-title-size:var(--h2_typography-font-size);--awb-caption-title-transform:var(--h2_typography-text-transform);--awb-caption-title-line-height:var(--h2_typography-line-height);--awb-caption-title-letter-spacing:var(--h2_typography-letter-spacing);\"><span class=\"fusion-imageframe imageframe-none imageframe-5 hover-type-none\"><img decoding=\"async\" width=\"800\" height=\"533\" title=\"Familie ein Segen\" src=\"https:\/\/agbw.org\/wp-content\/uploads\/2025\/02\/Familie-ein-Segen-800x533.png\" alt class=\"img-responsive wp-image-20674\" srcset=\"https:\/\/agbw.org\/wp-content\/uploads\/2025\/02\/Familie-ein-Segen-200x133.png 200w, https:\/\/agbw.org\/wp-content\/uploads\/2025\/02\/Familie-ein-Segen-400x267.png 400w, https:\/\/agbw.org\/wp-content\/uploads\/2025\/02\/Familie-ein-Segen-600x400.png 600w, https:\/\/agbw.org\/wp-content\/uploads\/2025\/02\/Familie-ein-Segen-800x533.png 800w, https:\/\/agbw.org\/wp-content\/uploads\/2025\/02\/Familie-ein-Segen.png 900w\" sizes=\"(max-width: 1024px) 100vw, (max-width: 640px) 100vw, 800px\" \/><\/span><\/div><\/div><\/div><\/div><\/div><div class=\"fusion-fullwidth fullwidth-box fusion-builder-row-6 fusion-flex-container has-pattern-background has-mask-background nonhundred-percent-fullwidth non-hundred-percent-height-scrolling\" style=\"--awb-border-radius-top-left:0px;--awb-border-radius-top-right:0px;--awb-border-radius-bottom-right:0px;--awb-border-radius-bottom-left:0px;--awb-flex-wrap:wrap;\" ><div class=\"fusion-builder-row fusion-row fusion-flex-align-items-flex-start fusion-flex-content-wrap\" style=\"max-width:1248px;margin-left: calc(-4% \/ 2 );margin-right: calc(-4% \/ 2 );\"><div class=\"fusion-layout-column fusion_builder_column fusion-builder-column-6 fusion_builder_column_1_1 1_1 fusion-flex-column\" style=\"--awb-padding-top:15px;--awb-padding-right:15px;--awb-padding-bottom:15px;--awb-padding-left:15px;--awb-bg-image:linear-gradient(180deg, #e5e5e5 0%,rgba(255,255,255,0) 100%);--awb-bg-size:cover;--awb-width-large:100%;--awb-margin-top-large:20px;--awb-spacing-right-large:20px;--awb-margin-bottom-large:20px;--awb-spacing-left-large:20px;--awb-width-medium:100%;--awb-order-medium:0;--awb-spacing-right-medium:1.92%;--awb-spacing-left-medium:1.92%;--awb-width-small:100%;--awb-order-small:0;--awb-spacing-right-small:1.92%;--awb-spacing-left-small:1.92%;\" data-scroll-devices=\"small-visibility,medium-visibility,large-visibility\"><div class=\"fusion-column-wrapper fusion-column-has-shadow fusion-flex-justify-content-space-evenly fusion-content-layout-column\"><div class=\"fusion-title title fusion-title-7 fusion-sep-none fusion-title-text fusion-title-size-two\" style=\"--awb-margin-top-small:10px;--awb-margin-right-small:0px;--awb-margin-bottom-small:10px;--awb-margin-left-small:0px;\"><h2 class=\"fusion-title-heading title-heading-left fusion-responsive-typography-calculated\" style=\"margin:0;--fontSize:28;line-height:1.2;\">Warum sich Familie lohnt \u2013 Die unermesslichen Chancen<\/h2><\/div><div class=\"fusion-text fusion-text-5\"><p>Trotz aller Herausforderungen gibt es so viele gute Gr\u00fcnde, sich f\u00fcr eine Familie zu entscheiden.<\/p>\n<ul>\n<li><strong>Familie gibt Identit\u00e4t:<\/strong> Jeder Mensch sehnt sich nach Zugeh\u00f6rigkeit. Familie bedeutet, einen festen Platz im Leben zu haben.<\/li>\n<li><strong>Familie st\u00e4rkt den Charakter:<\/strong> Kinder lehren uns Geduld, Liebe und Selbstlosigkeit. Sie fordern uns heraus, aber sie lassen uns auch wachsen.<\/li>\n<li><strong>Familie gibt dem Leben Sinn:<\/strong> Karriere und Erfolg sind wichtig, aber was bleibt am Ende unseres Lebens? Familie gibt bleibende Werte weiter.<\/li>\n<li><strong>Familie ist Gottes Plan:<\/strong> Die erste Gemeinschaft, die Gott geschaffen hat, war nicht eine Regierung oder eine Organisation \u2013 sondern eine Familie.<\/li>\n<\/ul>\n<\/div><\/div><\/div><\/div><\/div><div class=\"fusion-fullwidth fullwidth-box fusion-builder-row-7 fusion-flex-container has-pattern-background has-mask-background nonhundred-percent-fullwidth non-hundred-percent-height-scrolling\" style=\"--awb-border-radius-top-left:0px;--awb-border-radius-top-right:0px;--awb-border-radius-bottom-right:0px;--awb-border-radius-bottom-left:0px;--awb-flex-wrap:wrap;\" ><div class=\"fusion-builder-row fusion-row fusion-flex-align-items-flex-start fusion-flex-content-wrap\" style=\"max-width:1248px;margin-left: calc(-4% \/ 2 );margin-right: calc(-4% \/ 2 );\"><div class=\"fusion-layout-column fusion_builder_column fusion-builder-column-7 fusion_builder_column_1_1 1_1 fusion-flex-column\" style=\"--awb-bg-size:cover;--awb-width-large:100%;--awb-margin-top-large:0px;--awb-spacing-right-large:1.92%;--awb-margin-bottom-large:20px;--awb-spacing-left-large:1.92%;--awb-width-medium:100%;--awb-order-medium:0;--awb-spacing-right-medium:1.92%;--awb-spacing-left-medium:1.92%;--awb-width-small:100%;--awb-order-small:0;--awb-spacing-right-small:1.92%;--awb-spacing-left-small:1.92%;\"><div class=\"fusion-column-wrapper fusion-column-has-shadow fusion-flex-justify-content-flex-start fusion-content-layout-column\"><div class=\"fusion-separator fusion-full-width-sep\" style=\"align-self: center;margin-left: auto;margin-right: auto;margin-top:15px;margin-bottom:15px;width:100%;\"><div class=\"fusion-separator-border sep-single\" style=\"--awb-height:20px;--awb-amount:20px;border-color:#ffac00;border-top-width:1px;\"><\/div><\/div><div class=\"fusion-title title fusion-title-8 fusion-sep-none fusion-title-text fusion-title-size-two\" style=\"--awb-margin-top-small:10px;--awb-margin-right-small:0px;--awb-margin-bottom-small:10px;--awb-margin-left-small:0px;\"><h2 class=\"fusion-title-heading title-heading-left fusion-responsive-typography-calculated\" style=\"margin:0;--fontSize:28;line-height:1.2;\">Wie kann die Kirche als Gemeinschaft junge Menschen ermutigen?<\/h2><\/div><div class=\"fusion-text fusion-text-6\"><p>Die Armenische Kirche, nicht nur als Institution sondern vor allem als Gemeinschaft, hat eine besondere Aufgabe: <strong>Sie kann junge Menschen st\u00e4rken, ihnen Mut machen und ihnen eine Vision f\u00fcr Familie geben.<\/strong> Es geht dabei nicht nur um Worte und Predigten, sondern um praktische Hilfe, die junge Familien hier in Deutschland \u2013 und konkret in Baden-W\u00fcrttemberg \u2013 unterst\u00fctzt.<\/p>\n<p><strong>Was k\u00f6nnen wir als Gemeinschaft tun?<\/strong><\/p>\n<ul>\n<li><strong>Vorleben statt nur predigen:<\/strong> Junge Menschen brauchen Vorbilder, die zeigen, dass Familie etwas Sch\u00f6nes ist.<\/li>\n<li><strong>Praktische Unterst\u00fctzung bieten:<\/strong> Elternnetzwerke, Mentoren-Programme f\u00fcr junge V\u00e4ter und M\u00fctter, Nachbarschaftshilfe f\u00fcr Familien.<\/li>\n<li><strong>Partnerschaft und Erziehung st\u00e4rken:<\/strong> Workshops f\u00fcr Paare, Kurse zur christlichen Kindererziehung.<\/li>\n<li><strong>M\u00e4nner aktiv einbinden:<\/strong> Junge M\u00e4nner brauchen eine neue Rolle als V\u00e4ter \u2013 die Kirche kann ihnen helfen, diese zu finden.<\/li>\n<li><strong>Frauen gezielt st\u00e4rken: <\/strong>M\u00fctter brauchen Unterst\u00fctzung. Frauen-Netzwerke, Programme mit gezielter F\u00f6rderung und Unterst\u00fctzung.<\/li>\n<\/ul>\n<p>Familie ist also keine rein private Entscheidung, die jeder f\u00fcr sich allein treffen muss. <strong>Familie ist eine gesellschaftliche Verantwortung.<\/strong> Die Frage ist nicht nur, ob junge Menschen sich f\u00fcr Familie entscheiden, sondern auch, <strong>ob unsere Gesellschaft ihnen \u00fcberhaupt die M\u00f6glichkeit gibt, sich f\u00fcr Familie zu entscheiden. <\/strong>Wenn wir als Gemeinde wirklich daran glauben, dass Familie ein g\u00f6ttlicher Segen ist, dann d\u00fcrfen wir nicht schweigen. Wir m\u00fcssen handeln. Und wenn ich sage wir, dann um zu unterstreichen, dass dies nicht allen von einem Pfarrer und nicht von einem Kirchenvorstand, sondern von der gesamten Kirchengemeinde getragen werden soll.<\/p>\n<\/div><div class=\"fusion-separator fusion-full-width-sep\" style=\"align-self: center;margin-left: auto;margin-right: auto;margin-top:15px;margin-bottom:15px;width:100%;\"><div class=\"fusion-separator-border sep-single\" style=\"--awb-height:20px;--awb-amount:20px;border-color:#ffac00;border-top-width:1px;\"><\/div><\/div><div class=\"fusion-image-element\" style=\"--awb-caption-title-font-family:var(--h2_typography-font-family);--awb-caption-title-font-weight:var(--h2_typography-font-weight);--awb-caption-title-font-style:var(--h2_typography-font-style);--awb-caption-title-size:var(--h2_typography-font-size);--awb-caption-title-transform:var(--h2_typography-text-transform);--awb-caption-title-line-height:var(--h2_typography-line-height);--awb-caption-title-letter-spacing:var(--h2_typography-letter-spacing);\"><span class=\"fusion-imageframe imageframe-none imageframe-6 hover-type-none\"><img decoding=\"async\" width=\"800\" height=\"533\" title=\"Familie ist Liebe\" src=\"https:\/\/agbw.org\/wp-content\/uploads\/2025\/02\/Familie-ist-Liebe-800x533.png\" alt class=\"img-responsive wp-image-20673\" srcset=\"https:\/\/agbw.org\/wp-content\/uploads\/2025\/02\/Familie-ist-Liebe-200x133.png 200w, https:\/\/agbw.org\/wp-content\/uploads\/2025\/02\/Familie-ist-Liebe-400x267.png 400w, https:\/\/agbw.org\/wp-content\/uploads\/2025\/02\/Familie-ist-Liebe-600x400.png 600w, https:\/\/agbw.org\/wp-content\/uploads\/2025\/02\/Familie-ist-Liebe-800x533.png 800w, https:\/\/agbw.org\/wp-content\/uploads\/2025\/02\/Familie-ist-Liebe.png 900w\" sizes=\"(max-width: 1024px) 100vw, (max-width: 640px) 100vw, 800px\" \/><\/span><\/div><\/div><\/div><\/div><\/div><div class=\"fusion-fullwidth fullwidth-box fusion-builder-row-8 fusion-flex-container has-pattern-background has-mask-background nonhundred-percent-fullwidth non-hundred-percent-height-scrolling\" style=\"--awb-border-radius-top-left:0px;--awb-border-radius-top-right:0px;--awb-border-radius-bottom-right:0px;--awb-border-radius-bottom-left:0px;--awb-flex-wrap:wrap;\" ><div class=\"fusion-builder-row fusion-row fusion-flex-align-items-flex-start fusion-flex-content-wrap\" style=\"max-width:1248px;margin-left: calc(-4% \/ 2 );margin-right: calc(-4% \/ 2 );\"><div class=\"fusion-layout-column fusion_builder_column fusion-builder-column-8 fusion_builder_column_1_1 1_1 fusion-flex-column\" style=\"--awb-bg-size:cover;--awb-width-large:100%;--awb-margin-top-large:0px;--awb-spacing-right-large:1.92%;--awb-margin-bottom-large:20px;--awb-spacing-left-large:1.92%;--awb-width-medium:100%;--awb-order-medium:0;--awb-spacing-right-medium:1.92%;--awb-spacing-left-medium:1.92%;--awb-width-small:100%;--awb-order-small:0;--awb-spacing-right-small:1.92%;--awb-spacing-left-small:1.92%;\"><div class=\"fusion-column-wrapper fusion-column-has-shadow fusion-flex-justify-content-flex-start fusion-content-layout-column\"><div class=\"fusion-title title fusion-title-9 fusion-sep-none fusion-title-text fusion-title-size-two\" style=\"--awb-margin-top-small:10px;--awb-margin-right-small:0px;--awb-margin-bottom-small:10px;--awb-margin-left-small:0px;\"><h2 class=\"fusion-title-heading title-heading-left fusion-responsive-typography-calculated\" style=\"margin:0;--fontSize:28;line-height:1.2;\">Schlussgedanke: Mehr Familie wagen \u2013 Eine Entscheidung f\u00fcr das Leben<\/h2><\/div><div class=\"fusion-text fusion-text-7\"><p>Unsere moderne Gesellschaft betrachtet Familie oft als eine Belastung, eine Einschr\u00e4nkung der pers\u00f6nlichen Freiheit oder gar als ein finanzielles Risiko. Junge Menschen h\u00f6ren von allen Seiten:<\/p>\n<p>\u274c \u201eFamilie ist eine Last.\u201c<br \/>\n\u274c \u201eKinder kosten nur Geld.\u201c<br \/>\n\u274c \u201eDu kannst erst Familie haben, wenn alles perfekt ist.\u201c<\/p>\n<p>Diese Denkweise hat tiefe Wurzeln. Sie entspringt einer utilitaristisch-hedonistischen Kultur, die Individualismus \u00fcber Gemeinschaft stellt, in der pers\u00f6nliche Verwirklichung oft h\u00f6her bewertet wird als Selbsthingabe und Verantwortung. Der Mensch unserer Zeit strebt danach, sein Leben m\u00f6glichst flexibel zu halten, Optionen offenzulassen und Risiken zu vermeiden. Familie jedoch bedeutet: <strong>Verbindlichkeit, Hingabe und das Akzeptieren von Grenzen.<\/strong> Doch ist es wirklich ein Verlust, wenn wir uns entscheiden, f\u00fcr andere da zu sein?<\/p>\n<p>Hier steht die biblische Perspektive im starken Kontrast zur modernen Angst vor Bindung. In den Augen Gottes ist Familie nicht ein Hindernis auf dem Weg zur Selbstverwirklichung, sondern ein Weg zu tieferem Leben, zu echter Liebe und zu einer gr\u00f6\u00dferen Freiheit, als die Welt sie kennt.<\/p>\n<p>\u2714 <strong>\u201eKinder sind ein Segen.\u201c<\/strong> (<em><a href=\"https:\/\/www.bibleserver.com\/EU\/Psalm127%2C3\" class=\"bibleserver extern\" target=\"_blank\">Psalm 127,3<\/a><\/em>)<br \/>\n\u2714 <strong>\u201eIch werde euch versorgen.\u201c<\/strong> (<em><a href=\"https:\/\/www.bibleserver.com\/EU\/Matth%C3%A4us6%2C26\" class=\"bibleserver extern\" target=\"_blank\">Matth\u00e4us 6,26<\/a><\/em>)<br \/>\n\u2714 <strong>\u201eIhr m\u00fcsst keine Angst haben.\u201c<\/strong> (<em><a href=\"https:\/\/www.bibleserver.com\/EU\/Jesaja41%2C10\" class=\"bibleserver extern\" target=\"_blank\">Jesaja 41,10<\/a><\/em>)<\/p>\n<p>Die Heilige Schrift zeigt uns immer wieder, dass Familie ein Spiegel der Beziehung zwischen Gott und Mensch ist. <strong>Gott selbst ist Beziehung<\/strong>, in der Dreifaltigkeit, im Bund mit seinem Volk, in der Liebe Christi zur Kirche. <strong>Wer liebt, bindet sich. Wer liebt, gibt sich hin. Wer liebt, gewinnt das Leben.<\/strong><\/p>\n<p>Wenn wir also eine Familie gr\u00fcnden, tun wir mehr als nur eine private Entscheidung zu treffen. Wir sagen Ja zum Leben. Wir sagen Ja zur Zukunft. Wir entscheiden uns f\u00fcr eine Liebe, die \u00fcber uns selbst hinausgeht.<\/p>\n<p>Junge Menschen sollten verstehen, dass Familie nicht einfach eine gesellschaftliche Konvention ist, sondern ein g\u00f6ttlicher Ruf. <strong>Es gibt keinen perfekten Moment, um Kinder zu bekommen. Es gibt keinen idealen Zeitpunkt, um Vater oder Mutter zu werden.<\/strong> Doch es gibt die Verhei\u00dfung, dass Gott uns in dieser Aufgabe begleiten wird.<\/p>\n<p>Wenn wir auf Gottes Zusage vertrauen, dann sehen wir, dass Familie ein Raum des Wachstums ist. <strong>Mehr Familie zu wagen hei\u00dft, mehr Leben zu wagen, mehr Liebe und mehr Hoffnung zu wagen<\/strong>, in der Gewissheit, dass Gott jeden tr\u00e4gt, der sich ihm anvertraut.<\/p>\n<p>Pfr. Dr. Diradur Sardaryan<br \/>\nGemeindepfarrer<\/p>\n<\/div><div class=\"fusion-separator fusion-full-width-sep\" style=\"align-self: center;margin-left: auto;margin-right: auto;margin-top:15px;margin-bottom:15px;width:100%;\"><div class=\"fusion-separator-border sep-single\" style=\"--awb-height:20px;--awb-amount:20px;border-color:#ffac00;border-top-width:1px;\"><\/div><\/div><\/div><\/div><\/div><\/div><div class=\"fusion-fullwidth fullwidth-box fusion-builder-row-9 fusion-flex-container has-pattern-background has-mask-background nonhundred-percent-fullwidth non-hundred-percent-height-scrolling\" style=\"--awb-border-radius-top-left:0px;--awb-border-radius-top-right:0px;--awb-border-radius-bottom-right:0px;--awb-border-radius-bottom-left:0px;--awb-flex-wrap:wrap;\" ><div class=\"fusion-builder-row fusion-row fusion-flex-align-items-flex-start fusion-flex-content-wrap\" style=\"max-width:1248px;margin-left: calc(-4% \/ 2 );margin-right: calc(-4% \/ 2 );\"><div class=\"fusion-layout-column fusion_builder_column fusion-builder-column-9 fusion_builder_column_1_1 1_1 fusion-flex-column\" style=\"--awb-bg-size:cover;--awb-width-large:100%;--awb-margin-top-large:0px;--awb-spacing-right-large:1.92%;--awb-margin-bottom-large:20px;--awb-spacing-left-large:1.92%;--awb-width-medium:100%;--awb-order-medium:0;--awb-spacing-right-medium:1.92%;--awb-spacing-left-medium:1.92%;--awb-width-small:100%;--awb-order-small:0;--awb-spacing-right-small:1.92%;--awb-spacing-left-small:1.92%;\"><div class=\"fusion-column-wrapper fusion-column-has-shadow fusion-flex-justify-content-flex-start fusion-content-layout-column\"><div class=\"fusion-text fusion-text-8\"><div class=\"video-shortcode\">\n<blockquote class=\"wp-embedded-content\" data-secret=\"65tvqjcHke\">\n<p><a href=\"https:\/\/agbw.org\/am\/events\/%d5%bf%d5%a5%d5%a1%d5%bc%d5%b6%d5%a8%d5%b6%d5%a4%d5%a1%d5%bc%d5%a1%d5%bb-tyarnendaratsch-13-02-2025\/\">\u053a\u0561\u0574\u0565\u0580\u0563\u0578\u0582\u0569\u0575\u0578\u0582\u0576 \/ Abendandacht<\/a><\/p>\n<\/blockquote>\n<p><iframe class=\"wp-embedded-content\" sandbox=\"allow-scripts\" security=\"restricted\" style=\"position: absolute; visibility: hidden;\" title=\"&#8222;\u053a\u0561\u0574\u0565\u0580\u0563\u0578\u0582\u0569\u0575\u0578\u0582\u0576 \/ Abendandacht&#8220; &#8212; Armenische Gemeinde Baden-W\u00fcrttemberg\" src=\"https:\/\/agbw.org\/events\/%d5%bf%d5%a5%d5%a1%d5%bc%d5%b6%d5%a8%d5%b6%d5%a4%d5%a1%d5%bc%d5%a1%d5%bb-tyarnendaratsch-13-02-2025\/embed\/#?secret=FeNXP3XRNG#?secret=65tvqjcHke\" data-secret=\"65tvqjcHke\" width=\"600\" height=\"338\" frameborder=\"0\" marginwidth=\"0\" marginheight=\"0\" scrolling=\"no\"><\/iframe><\/div>\n<\/div><\/div><\/div><\/div><\/div><\/p>","protected":false},"excerpt":{"rendered":"","protected":false},"author":1,"featured_media":20676,"comment_status":"closed","ping_status":"closed","sticky":false,"template":"","format":"standard","meta":{"footnotes":""},"categories":[58],"tags":[658,655,656,657],"class_list":["post-20668","post","type-post","status-publish","format-standard","has-post-thumbnail","hentry","category-allgemein","tag-ehevorbereitung","tag-familie","tag-junge-familien","tag-mut-zur-ehe"],"_links":{"self":[{"href":"https:\/\/agbw.org\/am\/wp-json\/wp\/v2\/posts\/20668","targetHints":{"allow":["GET"]}}],"collection":[{"href":"https:\/\/agbw.org\/am\/wp-json\/wp\/v2\/posts"}],"about":[{"href":"https:\/\/agbw.org\/am\/wp-json\/wp\/v2\/types\/post"}],"author":[{"embeddable":true,"href":"https:\/\/agbw.org\/am\/wp-json\/wp\/v2\/users\/1"}],"replies":[{"embeddable":true,"href":"https:\/\/agbw.org\/am\/wp-json\/wp\/v2\/comments?post=20668"}],"version-history":[{"count":2,"href":"https:\/\/agbw.org\/am\/wp-json\/wp\/v2\/posts\/20668\/revisions"}],"predecessor-version":[{"id":20690,"href":"https:\/\/agbw.org\/am\/wp-json\/wp\/v2\/posts\/20668\/revisions\/20690"}],"wp:featuredmedia":[{"embeddable":true,"href":"https:\/\/agbw.org\/am\/wp-json\/wp\/v2\/media\/20676"}],"wp:attachment":[{"href":"https:\/\/agbw.org\/am\/wp-json\/wp\/v2\/media?parent=20668"}],"wp:term":[{"taxonomy":"category","embeddable":true,"href":"https:\/\/agbw.org\/am\/wp-json\/wp\/v2\/categories?post=20668"},{"taxonomy":"post_tag","embeddable":true,"href":"https:\/\/agbw.org\/am\/wp-json\/wp\/v2\/tags?post=20668"}],"curies":[{"name":"wp","href":"https:\/\/api.w.org\/{rel}","templated":true}]}}