{"id":20691,"date":"2025-02-10T11:26:23","date_gmt":"2025-02-10T10:26:23","guid":{"rendered":"https:\/\/agbw.org\/?p=20691"},"modified":"2025-02-10T11:33:07","modified_gmt":"2025-02-10T10:33:07","slug":"die-kraft-der-stille","status":"publish","type":"post","link":"https:\/\/agbw.org\/am\/2025\/die-kraft-der-stille\/","title":{"rendered":"Die Kraft der Stille"},"content":{"rendered":"<p><div class=\"fusion-fullwidth fullwidth-box fusion-builder-row-1 fusion-flex-container has-pattern-background has-mask-background nonhundred-percent-fullwidth non-hundred-percent-height-scrolling\" style=\"--awb-border-radius-top-left:0px;--awb-border-radius-top-right:0px;--awb-border-radius-bottom-right:0px;--awb-border-radius-bottom-left:0px;--awb-flex-wrap:wrap;\" ><div class=\"fusion-builder-row fusion-row fusion-flex-align-items-flex-start fusion-flex-content-wrap\" style=\"max-width:1248px;margin-left: calc(-4% \/ 2 );margin-right: calc(-4% \/ 2 );\"><div class=\"fusion-layout-column fusion_builder_column fusion-builder-column-0 fusion_builder_column_1_1 1_1 fusion-flex-column\" style=\"--awb-bg-size:cover;--awb-width-large:100%;--awb-margin-top-large:0px;--awb-spacing-right-large:1.92%;--awb-margin-bottom-large:20px;--awb-spacing-left-large:1.92%;--awb-width-medium:100%;--awb-order-medium:0;--awb-spacing-right-medium:1.92%;--awb-spacing-left-medium:1.92%;--awb-width-small:100%;--awb-order-small:0;--awb-spacing-right-small:1.92%;--awb-spacing-left-small:1.92%;\"><div class=\"fusion-column-wrapper fusion-column-has-shadow fusion-flex-justify-content-flex-start fusion-content-layout-column\"><div class=\"fusion-title title fusion-title-1 fusion-sep-none fusion-title-text fusion-title-size-one\" style=\"--awb-margin-top-small:10px;--awb-margin-right-small:0px;--awb-margin-bottom-small:10px;--awb-margin-left-small:0px;\"><h1 class=\"fusion-title-heading title-heading-left fusion-responsive-typography-calculated\" style=\"margin:0;--fontSize:35;line-height:1.2;\">Die Kraft der Stille<\/h1><\/div><div class=\"fusion-title title fusion-title-2 fusion-sep-none fusion-title-text fusion-title-size-two\" style=\"--awb-margin-top-small:10px;--awb-margin-right-small:0px;--awb-margin-bottom-small:10px;--awb-margin-left-small:0px;\"><h2 class=\"fusion-title-heading title-heading-left fusion-responsive-typography-calculated\" style=\"margin:0;--fontSize:28;line-height:1.2;\">Eine verlorene Kunst wiederentdecken<\/h2><\/div><div class=\"fusion-text fusion-text-1\"><p class=\"whitespace-pre-wrap break-words\"><em>Heute beginnt in der armenischen Kirche die Fastenzeit der Vorfahren \u2013 eine heilige Zeit der Vorbereitung und inneren Reinigung. Eine Besonderheit dieser Tage ist, dass in der Kirche keine biblische Lesung stattfindet. Es ist, als ob das Wort Gottes f\u00fcr einen Moment schweigt. Doch in dieser Stille verbirgt sich eine tiefere Wahrheit. Ich nenne sie die <strong>g\u00f6ttliche StilleHeute beginnt in der armenischen Kirche die Fastenzeit der Vorfahren \u2013 eine heilige Zeit der Vorbereitung und inneren Reinigung. Eine Besonderheit dieser Tage ist, dass in der Kirche keine biblische Lesung stattfindet. Es ist, als ob das Wort Gottes f\u00fcr einen Moment schweigt. Doch in dieser Stille verbirgt sich eine tiefere Wahrheit. Ich nenne sie die g\u00f6ttliche Stille.<\/strong>Heute beginnt in der armenischen Kirche die <strong>Fastenzeit der Vorfahren<\/strong> \u2013 eine heilige Zeit der Vorbereitung und inneren Reinigung. Eine Besonderheit dieser Tage ist, dass in der Kirche keine biblische Lesung stattfindet. Es ist, als ob das Wort Gottes f\u00fcr einen Moment schweigt. Doch in dieser Stille verbirgt sich eine tiefere Wahrheit. Ich nenne sie die <strong>g\u00f6ttliche Stille<\/strong>.<\/em><\/p>\n<p>Als ich neulich, kurz vor dem Gottesdienst, in der Kirche sa\u00df, umgeben von der besonderen Stille der beginnenden Fastenzeit, wurde mir wieder einmal bewusst: Wir haben verlernt, still zu sein. Diese Erkenntnis traf mich mit besonderer Intensit\u00e4t, als ich mein Smartphone in der Tasche vibrieren sp\u00fcrte &#8211; eine weitere Nachricht, die nach Aufmerksamkeit verlangte.<\/p>\n<p class=\"whitespace-pre-wrap break-words\">In diesen Tagen der Fastenzeit unserer Vorfahren verzichten wir bewusst auf die biblischen Lesungen im Gottesdienst. Ein ungew\u00f6hnlicher Gedanke, oder? Das Wort Gottes, das schweigt. Doch gerade in diesem Schweigen liegt eine tiefe Weisheit, die uns heute mehr denn je ber\u00fchren kann.<\/p>\n<p class=\"whitespace-pre-wrap break-words\">Denken Sie einmal nach: Wann haben Sie zuletzt echte Stille erlebt? Nicht die erzwungene Stille eines defekten Fernsehers oder die peinliche Stille einer stockenden Konversation, sondern jene kostbare Stille, die uns mit uns selbst und mit dem G\u00f6ttlichen verbindet. Eine Familie aus der Gemeinde erz\u00e4hlte mir k\u00fcrzlich eine bewegende Geschichte. Ihr Fernseher war kaputtgegangen &#8211; ein vermeintliches Ungl\u00fcck. Doch dann geschah etwas Erstaunliches: Ihr kleiner Sohn, sonst oft unruhig und zerstreut, begann sich stundenlang in kreatives Spiel mit seinen Legosteinen zu vertiefen. &#8222;Es war, als h\u00e4tten wir ein anderes Kind&#8220;, berichtete die Mutter mit Tr\u00e4nen in den Augen.<\/p>\n<p class=\"whitespace-pre-wrap break-words\">Diese Geschichte ber\u00fchrt mich zutiefst, weil sie zeigt, was wir unseren Kindern &#8211; und uns selbst &#8211; durch die st\u00e4ndige Berieselung nehmen. Wissenschaftliche Studien best\u00e4tigen, was wir im Herzen l\u00e4ngst wissen: Zu viel Medienkonsum schadet der Konzentrationsf\u00e4higkeit und erstickt die Kreativit\u00e4t im Keim.<\/p>\n<p class=\"whitespace-pre-wrap break-words\">Doch wie k\u00f6nnen wir in unserem hektischen Alltag R\u00e4ume der Stille schaffen? Ich m\u00f6chte Sie zu einem Experiment einladen: Beginnen Sie den Tag nicht mit dem Griff zum Smartphone. Schenken Sie sich stattdessen f\u00fcnf Minuten echte Stille. Vielleicht z\u00fcnden Sie eine Kerze an, atmen bewusst und lauschen in sich hinein, sprechen Sie das Gebet &#8222;Herr, erbarme Dich&#8220;. Sie werden \u00fcberrascht sein, wie diese kleine \u00dcbung Ihren ganzen Tag ver\u00e4ndert.<\/p>\n<p class=\"whitespace-pre-wrap break-words\">In meiner seelsorgerischen Arbeit erlebe ich immer wieder, wie heilsam solche Momente der Stille sein k\u00f6nnen. Auf der Insel Juist gibt es eine bemerkenswerte Kirche, in der sich Menschen einfach nur zum gemeinsamen Schweigen treffen. \u00dcbrigens, das haben die M\u00f6nche in unseren Kl\u00f6stern seit Jahrhunderten ge\u00fcbt &#8211; still zu sein. Was zun\u00e4chst befremdlich klingen mag, wird dort zu einer tiefen Erfahrung von Gemeinschaft und g\u00f6ttlicher Gegenwart.<\/p>\n<p class=\"whitespace-pre-wrap break-words\">Die Fastenzeit unserer Vorfahren l\u00e4dt uns ein, diese vergessene Kunst der Stille wiederzuentdecken. Nicht als weitere Pflicht\u00fcbung in unserem \u00fcbervollen Terminkalender, sondern als Geschenk an uns selbst. Denn in der Stille begegnen wir nicht nur Gott, sondern auch unserem wahren Selbst &#8211; mit all unseren Sehns\u00fcchten, \u00c4ngsten und Hoffnungen.<\/p>\n<p class=\"whitespace-pre-wrap break-words\">Lassen Sie uns gemeinsam kleine Inseln der Stille in unserem Familienalltag schaffen. Vielleicht beim gemeinsamen Abendessen ohne Fernseher im Hintergrund. Oder bei einem bewussten Spaziergang durch die Natur, wo das Zwitschern der V\u00f6gel und das Rascheln der Bl\u00e4tter zu einer nat\u00fcrlichen Meditation werden.<\/p>\n<p class=\"whitespace-pre-wrap break-words\">Denn eines wird mir in der besonderen Atmosph\u00e4re unserer kirchlichen Fastenzeit immer wieder bewusst: Gott spricht oft nicht im Donnerschlag der gro\u00dfen Ereignisse zu uns. Seine Stimme erreicht uns in den leisen Momenten, wenn wir innerlich still werden und lauschen. In diesem Sinne w\u00fcnsche ich Ihnen den Mut zur Stille &#8211; sie k\u00f6nnte Ihr Leben ver\u00e4ndern.<\/p>\n<p>Pfr. Dr. Diradur Sardaryan<br \/>\nGemeindepfarrer<\/p>\n<\/div><\/div><\/div><\/div><\/div><div class=\"fusion-fullwidth fullwidth-box fusion-builder-row-2 fusion-flex-container has-pattern-background has-mask-background nonhundred-percent-fullwidth non-hundred-percent-height-scrolling\" style=\"--awb-border-radius-top-left:0px;--awb-border-radius-top-right:0px;--awb-border-radius-bottom-right:0px;--awb-border-radius-bottom-left:0px;--awb-flex-wrap:wrap;\" ><div class=\"fusion-builder-row fusion-row fusion-flex-align-items-flex-start fusion-flex-content-wrap\" style=\"max-width:1248px;margin-left: calc(-4% \/ 2 );margin-right: calc(-4% \/ 2 );\"><div class=\"fusion-layout-column fusion_builder_column fusion-builder-column-1 fusion_builder_column_1_1 1_1 fusion-flex-column\" style=\"--awb-bg-size:cover;--awb-width-large:100%;--awb-margin-top-large:0px;--awb-spacing-right-large:1.92%;--awb-margin-bottom-large:20px;--awb-spacing-left-large:1.92%;--awb-width-medium:100%;--awb-order-medium:0;--awb-spacing-right-medium:1.92%;--awb-spacing-left-medium:1.92%;--awb-width-small:100%;--awb-order-small:0;--awb-spacing-right-small:1.92%;--awb-spacing-left-small:1.92%;\"><div class=\"fusion-column-wrapper fusion-column-has-shadow fusion-flex-justify-content-flex-start fusion-content-layout-column\"><div class=\"fusion-title title fusion-title-3 fusion-sep-none fusion-title-text fusion-title-size-three\" style=\"--awb-margin-top-small:10px;--awb-margin-right-small:0px;--awb-margin-bottom-small:10px;--awb-margin-left-small:0px;\"><h3 class=\"fusion-title-heading title-heading-left fusion-responsive-typography-calculated\" style=\"margin:0;--fontSize:23;--minFontSize:23;line-height:1.2;\">\u00dcbungen der Stille<\/h3><\/div><div class=\"fusion-text fusion-text-2\"><p>Wie k\u00f6nnen wir als Familien bewusst R\u00e4ume der Stille schaffen? Hier sind einige einfache Anregungen:<\/p>\n<ol>\n<li><strong>Ein ruhiger Start in den Tag<\/strong><br \/>\nBeginnen Sie den Morgen nicht sofort mit Nachrichten oder sozialen Medien. Ein kurzes Gebet oder einfach ein Moment der Stille kann den ganzen Tag pr\u00e4gen.<\/li>\n<li><strong>Mahlzeiten ohne Ablenkung<\/strong><br \/>\nVersuchen Sie, Mahlzeiten ohne Fernseher oder Handy zu gestalten. Diese gemeinsame Stille schafft Raum f\u00fcr echte Gespr\u00e4che und st\u00e4rkt die famili\u00e4re Bindung.<\/li>\n<li><strong>Stille Spazierg\u00e4nge<\/strong><br \/>\nGehen Sie mit Ihren Kindern in die Natur und h\u00f6ren Sie bewusst auf die Ger\u00e4usche um Sie herum. Das Zwitschern der V\u00f6gel, das Rascheln der Bl\u00e4tter \u2013 all das sind Wege, durch die Gott zu uns spricht.<\/li>\n<li><strong>Eine stille Zeit am Abend<\/strong><br \/>\nStatt den Tag mit Fernseher oder Handy zu beenden, kann die Familie eine gemeinsame Zeit der Ruhe einf\u00fchren. Vielleicht eine Kerze anz\u00fcnden, ein Buch lesen oder einfach gemeinsam schweigen.<\/li>\n<\/ol>\n<\/div><\/div><\/div><\/div><\/div><\/p>","protected":false},"excerpt":{"rendered":"","protected":false},"author":1,"featured_media":20692,"comment_status":"closed","ping_status":"closed","sticky":false,"template":"","format":"standard","meta":{"footnotes":""},"categories":[65],"tags":[661,591,660,659],"class_list":["post-20691","post","type-post","status-publish","format-standard","has-post-thumbnail","hentry","category-glaubensfragen","tag-fastenzeit","tag-gebet","tag-meditation","tag-stille"],"_links":{"self":[{"href":"https:\/\/agbw.org\/am\/wp-json\/wp\/v2\/posts\/20691","targetHints":{"allow":["GET"]}}],"collection":[{"href":"https:\/\/agbw.org\/am\/wp-json\/wp\/v2\/posts"}],"about":[{"href":"https:\/\/agbw.org\/am\/wp-json\/wp\/v2\/types\/post"}],"author":[{"embeddable":true,"href":"https:\/\/agbw.org\/am\/wp-json\/wp\/v2\/users\/1"}],"replies":[{"embeddable":true,"href":"https:\/\/agbw.org\/am\/wp-json\/wp\/v2\/comments?post=20691"}],"version-history":[{"count":2,"href":"https:\/\/agbw.org\/am\/wp-json\/wp\/v2\/posts\/20691\/revisions"}],"predecessor-version":[{"id":20695,"href":"https:\/\/agbw.org\/am\/wp-json\/wp\/v2\/posts\/20691\/revisions\/20695"}],"wp:featuredmedia":[{"embeddable":true,"href":"https:\/\/agbw.org\/am\/wp-json\/wp\/v2\/media\/20692"}],"wp:attachment":[{"href":"https:\/\/agbw.org\/am\/wp-json\/wp\/v2\/media?parent=20691"}],"wp:term":[{"taxonomy":"category","embeddable":true,"href":"https:\/\/agbw.org\/am\/wp-json\/wp\/v2\/categories?post=20691"},{"taxonomy":"post_tag","embeddable":true,"href":"https:\/\/agbw.org\/am\/wp-json\/wp\/v2\/tags?post=20691"}],"curies":[{"name":"wp","href":"https:\/\/api.w.org\/{rel}","templated":true}]}}