{"id":20705,"date":"2025-02-11T07:30:39","date_gmt":"2025-02-11T06:30:39","guid":{"rendered":"https:\/\/agbw.org\/?p=20705"},"modified":"2025-02-11T06:30:19","modified_gmt":"2025-02-11T05:30:19","slug":"faszination-armenien","status":"publish","type":"post","link":"https:\/\/agbw.org\/am\/2025\/faszination-armenien\/","title":{"rendered":"Faszination Armenien"},"content":{"rendered":"<div class=\"fusion-fullwidth fullwidth-box fusion-builder-row-1 fusion-flex-container has-pattern-background has-mask-background nonhundred-percent-fullwidth non-hundred-percent-height-scrolling\" style=\"--awb-border-radius-top-left:0px;--awb-border-radius-top-right:0px;--awb-border-radius-bottom-right:0px;--awb-border-radius-bottom-left:0px;--awb-flex-wrap:wrap;\" ><div class=\"fusion-builder-row fusion-row fusion-flex-align-items-flex-start fusion-flex-content-wrap\" style=\"max-width:1248px;margin-left: calc(-4% \/ 2 );margin-right: calc(-4% \/ 2 );\"><div class=\"fusion-layout-column fusion_builder_column fusion-builder-column-0 fusion_builder_column_1_1 1_1 fusion-flex-column\" style=\"--awb-bg-size:cover;--awb-width-large:100%;--awb-margin-top-large:0px;--awb-spacing-right-large:1.92%;--awb-margin-bottom-large:20px;--awb-spacing-left-large:1.92%;--awb-width-medium:100%;--awb-order-medium:0;--awb-spacing-right-medium:1.92%;--awb-spacing-left-medium:1.92%;--awb-width-small:100%;--awb-order-small:0;--awb-spacing-right-small:1.92%;--awb-spacing-left-small:1.92%;\"><div class=\"fusion-column-wrapper fusion-column-has-shadow fusion-flex-justify-content-flex-start fusion-content-layout-column\"><div class=\"fusion-title title fusion-title-1 fusion-sep-none fusion-title-text fusion-title-size-one\" style=\"--awb-margin-top-small:10px;--awb-margin-right-small:0px;--awb-margin-bottom-small:10px;--awb-margin-left-small:0px;\"><h1 class=\"fusion-title-heading title-heading-left fusion-responsive-typography-calculated\" style=\"margin:0;--fontSize:35;line-height:1.2;\">Faszination Armenien<\/h1><\/div><div class=\"fusion-title title fusion-title-2 fusion-sep-none fusion-title-text fusion-title-size-three\" style=\"--awb-margin-top-small:10px;--awb-margin-right-small:0px;--awb-margin-bottom-small:10px;--awb-margin-left-small:0px;\"><h3 class=\"fusion-title-heading title-heading-left fusion-responsive-typography-calculated\" style=\"margin:0;--fontSize:23;--minFontSize:23;line-height:1.2;\">Veranstaltungsreihe der Volkshochschule Schw\u00e4bisch Gm\u00fcnd im Sommersemester 2025<\/h3><\/div><div class=\"fusion-text fusion-text-1\"><p>Die Volkshochschule Schw\u00e4bisch Gm\u00fcnd stellt im Sommersemester 2025 Armenien als Schwerpunktthema in den Mittelpunkt. Dies ist eine gro\u00dfartige Gelegenheit, die armenische Kultur, Geschichte und Gastfreundschaft einer breiten \u00d6ffentlichkeit n\u00e4herzubringen \u2013 und nat\u00fcrlich unterst\u00fctzen wir als Gemeinde unsere Partner nach Kr\u00e4ften.<\/p>\n<p>Unser besonderer Dank gilt Frau Ingrid Hofmann, der Direktorin der Volkshochschule, f\u00fcr ihre Unterst\u00fctzung. Ebenso danken wir unseren Freunden aus der &#8222;K\u00fcche der Barmherzigkeit&#8220; und den Herren Klaus Pavel und Michael L\u00e4nge, die ma\u00dfgeblich zum Gelingen dieses Projekts beigetragen haben.<\/p>\n<p><strong>Highlight:<br \/>\nAuftaktveranstaltung mit dem armenischen Botschafter<\/strong><\/p>\n<p>Den Auftakt der Veranstaltungsreihe bildet ein besonderer Abend mit S. E. Victor Yengibaryan, dem armenischen Botschafter in Berlin. Am <strong>Montag, den 17. Februar 2025, um 19:00 Uhr<\/strong> im Saal der Volkshochschule am M\u00fcnsterplatz in Schw\u00e4bisch Gm\u00fcnd wird der Botschafter direkt von der Sicherheitspolitischen Konferenz in M\u00fcnchen anreisen und einen spannenden Vortrag halten.<\/p>\n<p>Zuvor findet um <strong>16:30 Uhr<\/strong> ein Empfang im Rathaus statt, bei dem sich der Botschafter in das Goldene Buch der Stadt eintragen wird. Wir laden Sie herzlich ein, an beiden Veranstaltungen teilzunehmen und zahlreiche Freunde und Bekannte mitzubringen.<\/p>\n<p><strong>Weitere Highlights der Veranstaltungsreihe<br \/>\n<\/strong><br \/>\nNeben dem Auftaktabend gibt es eine Vielzahl weiterer spannender Veranstaltungen, die wir Ihnen ans Herz legen m\u00f6chten. Einen detaillierten \u00dcberblick finden Sie im beigef\u00fcgten Flyer. Besonders hervorheben m\u00f6chten wir:<\/p>\n<ul>\n<li><strong>Studienreise nach Armenien vom 23.10. bis 31.10.2025<\/strong>:<br \/>\nDie Teilnehmer der Reise werden am <strong>24.10.2025<\/strong> bei der Er\u00f6ffnung der 32. Saison der \u201eK\u00fcche der Barmherzigkeit\u201c in Eriwan dabei sein \u2013 ein ganz besonderes Erlebnis!<\/li>\n<li><strong>Benefizkonzert im M\u00fcnster Schw\u00e4bisch Gm\u00fcnd<\/strong>:<br \/>\nAm <strong>Sonntag, dem 16. M\u00e4rz 2025, um 17:00 Uhr<\/strong> schenkt uns die Bl\u00e4serphilharmonie Ostalb unter der Leitung von Matthias Weller ein wunderbares Konzert.<\/li>\n<li><strong>Kl\u00f6ster, Kirche, Glaube:<br \/>\n<\/strong>Am <strong>Dienstag, den 25. M\u00e4rz 2025, um 19 Uhr<\/strong> stellt Pfarrer Dr. Diradur Sardaryan, armenische Kl\u00f6ster und Kirchen vor und erz\u00e4hlt von den christlichen Wurzeln des Landes.<\/li>\n<\/ul>\n<p><strong>Kommen Sie vorbei und machen Sie Werbung!<br \/>\n<\/strong><br \/>\nWir laden Sie herzlich ein, an den Veranstaltungen teilzunehmen und kr\u00e4ftig die Werbetrommel zu r\u00fchren. Gemeinsam k\u00f6nnen wir dazu beitragen, Armenien und seine Kultur noch bekannter zu machen.<\/p>\n<p>Wir freuen uns auf Ihre Teilnahme!<\/p>\n<p><em>P.S.: <a href=\"https:\/\/www.gmuender-vhs.de\/index.php?id=15&amp;kathaupt=6&amp;suchesetzen=true\" target=\"_blank\" rel=\"noopener\">Informationen mit allen geplanten Veranstaltungen finden Sie auf der Web-Seite der VHS Schw\u00e4bisch Gm\u00fcnd. Bitte leiten Sie diese Einladung auch an Freunde und Bekannte weiter!<\/a><\/em><\/p>\n<\/div><\/div><\/div><\/div><\/div>","protected":false},"excerpt":{"rendered":"","protected":false},"author":1,"featured_media":20707,"comment_status":"closed","ping_status":"closed","sticky":false,"template":"","format":"standard","meta":{"footnotes":""},"categories":[58],"tags":[172,665,666,667],"class_list":["post-20705","post","type-post","status-publish","format-standard","has-post-thumbnail","hentry","category-allgemein","tag-armenien","tag-faszination-armenien","tag-vhs","tag-vhs-schwaebisch-gmuend"],"_links":{"self":[{"href":"https:\/\/agbw.org\/am\/wp-json\/wp\/v2\/posts\/20705","targetHints":{"allow":["GET"]}}],"collection":[{"href":"https:\/\/agbw.org\/am\/wp-json\/wp\/v2\/posts"}],"about":[{"href":"https:\/\/agbw.org\/am\/wp-json\/wp\/v2\/types\/post"}],"author":[{"embeddable":true,"href":"https:\/\/agbw.org\/am\/wp-json\/wp\/v2\/users\/1"}],"replies":[{"embeddable":true,"href":"https:\/\/agbw.org\/am\/wp-json\/wp\/v2\/comments?post=20705"}],"version-history":[{"count":2,"href":"https:\/\/agbw.org\/am\/wp-json\/wp\/v2\/posts\/20705\/revisions"}],"predecessor-version":[{"id":20708,"href":"https:\/\/agbw.org\/am\/wp-json\/wp\/v2\/posts\/20705\/revisions\/20708"}],"wp:featuredmedia":[{"embeddable":true,"href":"https:\/\/agbw.org\/am\/wp-json\/wp\/v2\/media\/20707"}],"wp:attachment":[{"href":"https:\/\/agbw.org\/am\/wp-json\/wp\/v2\/media?parent=20705"}],"wp:term":[{"taxonomy":"category","embeddable":true,"href":"https:\/\/agbw.org\/am\/wp-json\/wp\/v2\/categories?post=20705"},{"taxonomy":"post_tag","embeddable":true,"href":"https:\/\/agbw.org\/am\/wp-json\/wp\/v2\/tags?post=20705"}],"curies":[{"name":"wp","href":"https:\/\/api.w.org\/{rel}","templated":true}]}}