{"id":20751,"date":"2025-02-27T12:13:40","date_gmt":"2025-02-27T11:13:40","guid":{"rendered":"https:\/\/agbw.org\/?p=20751"},"modified":"2025-02-27T12:25:05","modified_gmt":"2025-02-27T11:25:05","slug":"seine-heiligkeit-karekin-ii","status":"publish","type":"post","link":"https:\/\/agbw.org\/am\/2025\/seine-heiligkeit-karekin-ii\/","title":{"rendered":"Seine Heiligkeit Karekin II"},"content":{"rendered":"<div class=\"fusion-fullwidth fullwidth-box fusion-builder-row-1 fusion-flex-container has-pattern-background has-mask-background nonhundred-percent-fullwidth non-hundred-percent-height-scrolling\" style=\"--awb-border-radius-top-left:0px;--awb-border-radius-top-right:0px;--awb-border-radius-bottom-right:0px;--awb-border-radius-bottom-left:0px;--awb-flex-wrap:wrap;\" ><div class=\"fusion-builder-row fusion-row fusion-flex-align-items-flex-start fusion-flex-content-wrap\" style=\"max-width:1248px;margin-left: calc(-4% \/ 2 );margin-right: calc(-4% \/ 2 );\"><div class=\"fusion-layout-column fusion_builder_column fusion-builder-column-0 fusion_builder_column_1_1 1_1 fusion-flex-column\" style=\"--awb-bg-size:cover;--awb-width-large:100%;--awb-margin-top-large:0px;--awb-spacing-right-large:1.92%;--awb-margin-bottom-large:20px;--awb-spacing-left-large:1.92%;--awb-width-medium:100%;--awb-order-medium:0;--awb-spacing-right-medium:1.92%;--awb-spacing-left-medium:1.92%;--awb-width-small:100%;--awb-order-small:0;--awb-spacing-right-small:1.92%;--awb-spacing-left-small:1.92%;\"><div class=\"fusion-column-wrapper fusion-column-has-shadow fusion-flex-justify-content-flex-start fusion-content-layout-column\"><div class=\"fusion-title title fusion-title-1 fusion-sep-none fusion-title-text fusion-title-size-one\" style=\"--awb-margin-top-small:10px;--awb-margin-right-small:0px;--awb-margin-bottom-small:10px;--awb-margin-left-small:0px;\"><h1 class=\"fusion-title-heading title-heading-left fusion-responsive-typography-calculated\" style=\"margin:0;--fontSize:35;line-height:1.2;\">S. H. Karekin II, Katholikos aller Armenier<\/h1><\/div><div class=\"fusion-title title fusion-title-2 fusion-sep-none fusion-title-text fusion-title-size-two\" style=\"--awb-margin-top-small:10px;--awb-margin-right-small:0px;--awb-margin-bottom-small:10px;--awb-margin-left-small:0px;\"><h2 class=\"fusion-title-heading title-heading-left fusion-responsive-typography-calculated\" style=\"margin:0;--fontSize:28;line-height:1.2;\">H\u00fcter der armenischen Identit\u00e4t und Br\u00fcckenbauer<\/h2><\/div><div class=\"fusion-text fusion-text-1\"><p data-start=\"144\" data-end=\"185\"><strong><em data-start=\"148\" data-end=\"183\">Von Pfarrer Dr. Diradur Sardaryan<\/em><\/strong><\/p>\n<p data-start=\"187\" data-end=\"623\"><strong data-start=\"187\" data-end=\"212\">G\u00f6ppingen, Deutschland<\/strong> \u2013 Die neusanierte Kathedrale von Etchmiadsin hat Jahrhunderte des Gebets, der Verfolgung und der Beharrlichkeit erlebt. Innerhalb dieser Mauern, in denen das Christentum seit dem 4. Jahrhundert praktiziert wird, steht Seine Heiligkeit Karekin II. als 132. Katholikos aller Armenier einer der \u00e4ltesten christlichen Gemeinschaften der Welt vor und leitet sie durch eine \u00c4ra tiefgreifender Ver\u00e4nderungen. Heute, am Tag der Hl. Vardan und seiner Gef\u00e4hrten, ist Sein Namenstag. Anlass, um \u00fcber das Lebenswerk Seiner Heiligkeit zu sprechen.<\/p>\n<p data-start=\"625\" data-end=\"1012\">Seit seiner Inthronisierung im Jahr 1999 hat Karekin II. einen heiklen Balanceakt vollzogen: Er hat das unverwechselbare christliche Erbe Armeniens nicht nur bewahrt und entwickelt, sonder gleichzeitig auch die Kirche bei der Bew\u00e4ltigung der komplexen Herausforderungen des 21. Jahrhunderts navigiert. Seine Amtszeit f\u00e4llt in eine Zeit enormer Ver\u00e4nderungen sowohl f\u00fcr Armenien als auch f\u00fcr das weltweite Christentum.<\/p>\n<h3 data-start=\"1325\" data-end=\"1366\"><strong data-start=\"1328\" data-end=\"1364\">Ein Leben im Dienst des Glaubens<\/strong><\/h3>\n<p data-start=\"1368\" data-end=\"1812\">Karekin II. wurde 1951 als Ktrich Nersisyan im sowjetischen Armenien geboren und wuchs in einer Zeit heran, in der religi\u00f6se \u00c4u\u00dferungen stark eingeschr\u00e4nkt waren. Sein Engagement f\u00fcr den geistlichen Dienst f\u00fchrte ihn vom Theologischen Seminar in Etchmiadsin zu weiterf\u00fchrenden Studien in Wien, Bonn und Moskau \u2013 Erfahrungen, die seine Weltanschauung pr\u00e4gten und ihn auf eine F\u00fchrungsrolle vorbereiteten, die \u00fcber nationale Grenzen hinausgeht.<\/p>\n<p data-start=\"1814\" data-end=\"2304\">Unter seiner Leitung hat die Armenische Apostolische Kirche eine bemerkenswerte Wiederbelebung erfahren. Mehr als <strong data-start=\"1928\" data-end=\"1943\">100 Kirchen<\/strong> wurden gebaut oder restauriert, darunter bedeutende historische St\u00e4tten wie das <strong data-start=\"2024\" data-end=\"2041\">Tatev-Kloster<\/strong>. Der theologische Lehrplan des Seminars in Etchmiadsin wurde modernisiert, und das Fach &#8222;<strong>Geschichte der Armenischen Kirche&#8220;\u00a0wurde in den staatlichen Schulen wieder eingef\u00fchrt<\/strong>, um einer nach dem sowjetischen Atheismus aufgewachsenen Generation eine geistige Grundlage zu bieten.<\/p>\n<blockquote>\n<p data-start=\"2306\" data-end=\"2624\"><em data-start=\"2306\" data-end=\"2385\">Dieser Wiederaufbau ist nicht nur architektonisch, sondern auch symbolisch, <\/em><em data-start=\"2480\" data-end=\"2622\">Jede restaurierte Kirche steht f\u00fcr die Widerstandsf\u00e4higkeit der armenischen christlichen Identit\u00e4t nach Jahrhunderten der Herausforderung.<\/em><\/p>\n<\/blockquote>\n<h3 data-start=\"2626\" data-end=\"2674\"><strong data-start=\"2629\" data-end=\"2672\">\u00d6kumenische Br\u00fccken und globale Pr\u00e4senz<\/strong><\/h3>\n<p data-start=\"2676\" data-end=\"3331\">Karekin II. hat sich zu einer bedeutenden \u00f6kumenischen Pers\u00f6nlichkeit entwickelt. Seine Treffen mit den P\u00e4psten <strong data-start=\"2788\" data-end=\"2839\">Johannes Paul II., Benedikt XVI. und Franziskus<\/strong> haben die Beziehungen zwischen der armenischen und der r\u00f6misch-katholischen Kirche gest\u00e4rkt. Besonders hervorzuheben ist die <strong data-start=\"2965\" data-end=\"3040\">Heiligsprechung der Opfer des V\u00f6lkermords an den Armeniern im Jahr 2015<\/strong>, an der auch Papst Franziskus teilnahm. Bei dieser Gelegenheit bezeichnete der Papst die Ereignisse von 1915 als <strong data-start=\"3154\" data-end=\"3202\">\u201eden ersten V\u00f6lkermord des 20. Jahrhunderts\u201c<\/strong> \u2013 ein symbolischer Moment, der die historische Anerkennung der Trag\u00f6die und die Solidarit\u00e4t der Christen weltweit unterstrich.<\/p>\n<p data-start=\"3333\" data-end=\"3670\">Karekin II. setzt sich zudem f\u00fcr den interreligi\u00f6sen Dialog ein und pflegt Beziehungen zu anderen Kirchen und Glaubensgemeinschaften. Durch seine Besuche in der orthodoxen Welt, im Nahen Osten und in der armenischen Diaspora hat er das Bewusstsein f\u00fcr die Bedeutung der Armenischen Kirche als <strong data-start=\"3626\" data-end=\"3658\">Br\u00fccke zwischen Ost und West <\/strong>gest\u00e4rkt.<\/p>\n<h3 data-start=\"3672\" data-end=\"3710\"><strong data-start=\"3675\" data-end=\"3708\">Eine Kirche der N\u00e4chstenliebe<\/strong><\/h3>\n<p data-start=\"3712\" data-end=\"3834\">Am bemerkenswertesten ist vielleicht die Ausweitung der humanit\u00e4ren Arbeit der Kirche unter der F\u00fchrung von Karekin II., auch wenn es \u00f6ffentlich nicht sehr bekannt ist:<\/p>\n<ul data-start=\"3836\" data-end=\"4299\">\n<li data-start=\"3836\" data-end=\"3945\"><strong data-start=\"3838\" data-end=\"3889\">Von der Kirche gesponserte Wohlt\u00e4tigkeitsk\u00fcchen<\/strong> versorgen t\u00e4glich Hunderte von bed\u00fcrftigen Armeniern.<\/li>\n<li data-start=\"3946\" data-end=\"4062\"><strong data-start=\"3948\" data-end=\"3974\">Medizinische Programme<\/strong>, insbesondere Zahnkliniken, bieten Tausenden von Menschen eine kostenlose Behandlung.<\/li>\n<li data-start=\"4063\" data-end=\"4299\"><strong data-start=\"4065\" data-end=\"4179\">Unterst\u00fctzungsinitiativen f\u00fcr verwundete Veteranen aus dem Berg-Karabach-Konflikt und f\u00fcr syrische Fl\u00fcchtlinge<\/strong> zeigen praktische christliche Solidarit\u00e4t in einer Region, die von ethnischen und politischen Spannungen gepr\u00e4gt ist.<\/li>\n<\/ul>\n<p data-start=\"4301\" data-end=\"4500\">Diese karitativen Initiativen spiegeln die tief verwurzelte Tradition der <strong data-start=\"4375\" data-end=\"4417\">armenischen Kirche als sozialer St\u00fctze<\/strong> wider, die nicht nur den Glauben verk\u00fcndet, sondern auch konkrete Hilfe leistet.<\/p>\n<h3 data-start=\"4502\" data-end=\"4539\"><strong data-start=\"4505\" data-end=\"4537\">Herausforderungen und Kritik<\/strong><\/h3>\n<p data-start=\"4541\" data-end=\"5006\">Nicht alle Bewertungen seiner Amtszeit sind durchweg positiv. Kritiker in Armenien haben seine Herangehensweise an die Beziehungen zwischen Kirche und Staat in Frage gestellt. Sein <strong data-start=\"2946\" data-end=\"3000\">Schweigen inmitten aktueller politischer Konflikte<\/strong> sorgt f\u00fcr Diskussionen. Seit der <strong data-start=\"3034\" data-end=\"3062\">Samtenen Revolution 2018<\/strong> steht die Kirche unter Druck der Regierung von <strong data-start=\"3110\" data-end=\"3148\">Ministerpr\u00e4sident Nikol Paschinjan<\/strong>, die versucht, ihren Einfluss im \u00f6ffentlichen Leben zu beschneiden \u2013 etwa durch Steuerreformen, Streichung des Faches &#8222;Geschichte der Armenischen Kirche&#8220; aus den Schulen oder Kritik an ihrer gesellschaftlichen Rolle. Viele Armenier sehen dies als <strong data-start=\"3325\" data-end=\"3355\">Angriff auf ihre Identit\u00e4t<\/strong> und kritisieren die Regierung scharf.<\/p>\n<p data-start=\"3397\" data-end=\"3716\">Karekin II. bleibt \u00fcberpolitisch, w\u00e4hlt den Weg der <strong data-start=\"3449\" data-end=\"3476\">Demut und Zur\u00fcckhaltung<\/strong> und l\u00e4sst seine Arbeit sprechen. Diese Haltung wird jedoch ambivalent wahrgenommen: W\u00e4hrend die einen seine <strong data-start=\"3585\" data-end=\"3613\">W\u00fcrde und Unabh\u00e4ngigkeit<\/strong> loben, werfen Kritiker ihm vor, in einer Zeit der Krise nicht laut genug f\u00fcr die Menschenrechte einzutreten.<\/p>\n<p data-start=\"5008\" data-end=\"5371\">Die Kritiker \u00fcbersehen oft die differenzierte Position, die Karekin II. einnimmt. In einem Land, in dem <strong data-start=\"5121\" data-end=\"5180\">Kirche und nationale Identit\u00e4t eng miteinander verwoben<\/strong> sind, spiegelt sein ma\u00dfvoller Ansatz f\u00fcr politisches Engagement ein <strong data-start=\"5249\" data-end=\"5290\">Bem\u00fchen um institutionelle Stabilit\u00e4t<\/strong> wider, anstatt sich kurzfristigen politischen Auseinandersetzungen hinzugeben.<\/p>\n<blockquote>\n<p data-start=\"5373\" data-end=\"5685\"><em data-start=\"5373\" data-end=\"5563\">Der Katholikos wei\u00df, dass der tiefgreifendste Einfluss der Kirche nicht durch politische Verlautbarungen, sondern durch eine best\u00e4ndige spirituelle Pr\u00e4senz und Einsatz im Sinne der N\u00e4chstenliebe entsteht.<\/em><\/p>\n<\/blockquote>\n<h3 data-start=\"5687\" data-end=\"5734\"><strong data-start=\"5690\" data-end=\"5732\">Eine Kirche mit globaler Verantwortung<\/strong><\/h3>\n<p data-start=\"5736\" data-end=\"6042\">Da Armenien mit anhaltenden geopolitischen Herausforderungen konfrontiert ist \u2013 einschlie\u00dflich der <strong data-start=\"5835\" data-end=\"5908\">Spannungen mit Aserbaidschan und der komplexen Beziehungen zur T\u00fcrkei<\/strong> \u2013 ist Karekins II. Betonung internationaler \u00f6kumenischer Partnerschaften sowohl von praktischer als auch von geistlicher Bedeutung.<\/p>\n<p data-start=\"6044\" data-end=\"6354\">Seine Pflege von Beziehungen zu religi\u00f6sen F\u00fchrern in aller Welt hat dazu beigetragen, das internationale Bewusstsein f\u00fcr die Situation Armeniens aufrechtzuerhalten. Gleichzeitig hat er sich f\u00fcr den Ausbau der digitalen Pr\u00e4senz der Kirche eingesetzt, um die Gl\u00e4ubigen in der weltweiten Diaspora zu erreichen.<\/p>\n<h3 data-start=\"6356\" data-end=\"6408\"><strong data-start=\"6359\" data-end=\"6406\">Ein Verm\u00e4chtnis der Hoffnung und Erneuerung<\/strong><\/h3>\n<p data-start=\"6410\" data-end=\"6680\">Die F\u00fchrungsrolle von Karekin II. zeichnet sich durch genau diese Mischung aus <strong data-start=\"6489\" data-end=\"6539\">traditionellem Engagement und modernem Einsatz<\/strong> aus. W\u00e4hrend er <strong>die\u00a0Traditionen ehrt<\/strong>, hat er sich zugleich den <strong data-start=\"6626\" data-end=\"6677\">Herausforderungen des 21. Jahrhunderts gestellt<\/strong>.<\/p>\n<p data-start=\"6682\" data-end=\"6991\">F\u00fcr die weltweite christliche Gemeinschaft stellt Karekin II. etwas zunehmend Wertvolles dar: <strong data-start=\"6776\" data-end=\"6989\">eine F\u00fchrungspers\u00f6nlichkeit, die demonstriert, wie eine tief verwurzelte religi\u00f6se Tradition sich sinnvoll mit modernen Herausforderungen auseinandersetzen kann, ohne ihren wesentlichen Charakter zu gef\u00e4hrden.<\/strong><\/p>\n<blockquote>\n<p data-start=\"6993\" data-end=\"7298\"><em data-start=\"6993\" data-end=\"7134\">Die armenische Kirche hat Jahrhunderte existenzieller Bedrohungen durch dieses pr\u00e4zise Gleichgewicht von Treue und Flexibilit\u00e4t \u00fcberlebt, die wir in der Person Seiner Heiligkeit Karekin II, Katholikos Aller Armenier erleben.<\/em><\/p>\n<\/blockquote>\n<p data-start=\"7300\" data-end=\"7713\">In seinem <strong data-start=\"7310\" data-end=\"7346\">dritten Jahrzehnt als Katholikos<\/strong> fungiert Karekin II. weiterhin sowohl als <strong data-start=\"7389\" data-end=\"7457\">H\u00fcter eines alten Glaubens als auch als Architekt seiner Zukunft<\/strong>. F\u00fcr die Armenier in aller Welt und f\u00fcr die christliche Gemeinschaft im weiteren Sinne erinnert uns seine F\u00fchrung daran, dass <strong data-start=\"7584\" data-end=\"7711\">Traditionen nicht durch Starrheit, sondern durch eine durchdachte, mitf\u00fchlende Anpassung an den Wandel der Zeit \u00fcberdauern.<br \/>\n<\/strong><br \/>\nIm Namen der Armenischen Gemeinde Baden-W\u00fcrttemberg und pers\u00f6nlich in meinem Namen gratuliere ich Seine Heiligkeit zum Namenstag und w\u00fcnsche ihm Gottes Hilfe f\u00fcr seinen schwierigen Dienst als Oberhirte der Armenischen Apostolischen Kirche.<\/p>\n<\/div><\/div><\/div><\/div><\/div>","protected":false},"excerpt":{"rendered":"","protected":false},"author":1,"featured_media":20752,"comment_status":"closed","ping_status":"closed","sticky":false,"template":"","format":"standard","meta":{"footnotes":""},"categories":[58],"tags":[684,683,685,686],"class_list":["post-20751","post","type-post","status-publish","format-standard","has-post-thumbnail","hentry","category-allgemein","tag-garegin-ii","tag-karekin-ii","tag-katholikos","tag-seine-heiligkeit"],"_links":{"self":[{"href":"https:\/\/agbw.org\/am\/wp-json\/wp\/v2\/posts\/20751","targetHints":{"allow":["GET"]}}],"collection":[{"href":"https:\/\/agbw.org\/am\/wp-json\/wp\/v2\/posts"}],"about":[{"href":"https:\/\/agbw.org\/am\/wp-json\/wp\/v2\/types\/post"}],"author":[{"embeddable":true,"href":"https:\/\/agbw.org\/am\/wp-json\/wp\/v2\/users\/1"}],"replies":[{"embeddable":true,"href":"https:\/\/agbw.org\/am\/wp-json\/wp\/v2\/comments?post=20751"}],"version-history":[{"count":2,"href":"https:\/\/agbw.org\/am\/wp-json\/wp\/v2\/posts\/20751\/revisions"}],"predecessor-version":[{"id":20754,"href":"https:\/\/agbw.org\/am\/wp-json\/wp\/v2\/posts\/20751\/revisions\/20754"}],"wp:featuredmedia":[{"embeddable":true,"href":"https:\/\/agbw.org\/am\/wp-json\/wp\/v2\/media\/20752"}],"wp:attachment":[{"href":"https:\/\/agbw.org\/am\/wp-json\/wp\/v2\/media?parent=20751"}],"wp:term":[{"taxonomy":"category","embeddable":true,"href":"https:\/\/agbw.org\/am\/wp-json\/wp\/v2\/categories?post=20751"},{"taxonomy":"post_tag","embeddable":true,"href":"https:\/\/agbw.org\/am\/wp-json\/wp\/v2\/tags?post=20751"}],"curies":[{"name":"wp","href":"https:\/\/api.w.org\/{rel}","templated":true}]}}