{"id":20773,"date":"2025-03-08T07:30:33","date_gmt":"2025-03-08T06:30:33","guid":{"rendered":"https:\/\/agbw.org\/?p=20773"},"modified":"2025-03-10T05:05:15","modified_gmt":"2025-03-10T04:05:15","slug":"der-heilige-theodoros-tiro","status":"publish","type":"post","link":"https:\/\/agbw.org\/am\/2025\/der-heilige-theodoros-tiro\/","title":{"rendered":"Der Heilige Theodoros Tiro"},"content":{"rendered":"<div class=\"fusion-fullwidth fullwidth-box fusion-builder-row-1 fusion-flex-container has-pattern-background has-mask-background nonhundred-percent-fullwidth non-hundred-percent-height-scrolling\" style=\"--awb-border-radius-top-left:0px;--awb-border-radius-top-right:0px;--awb-border-radius-bottom-right:0px;--awb-border-radius-bottom-left:0px;--awb-flex-wrap:wrap;\" ><div class=\"fusion-builder-row fusion-row fusion-flex-align-items-flex-start fusion-flex-content-wrap\" style=\"max-width:1248px;margin-left: calc(-4% \/ 2 );margin-right: calc(-4% \/ 2 );\"><div class=\"fusion-layout-column fusion_builder_column fusion-builder-column-0 fusion_builder_column_1_1 1_1 fusion-flex-column\" style=\"--awb-bg-size:cover;--awb-width-large:100%;--awb-margin-top-large:0px;--awb-spacing-right-large:1.92%;--awb-margin-bottom-large:20px;--awb-spacing-left-large:1.92%;--awb-width-medium:100%;--awb-order-medium:0;--awb-spacing-right-medium:1.92%;--awb-spacing-left-medium:1.92%;--awb-width-small:100%;--awb-order-small:0;--awb-spacing-right-small:1.92%;--awb-spacing-left-small:1.92%;\"><div class=\"fusion-column-wrapper fusion-column-has-shadow fusion-flex-justify-content-flex-start fusion-content-layout-column\"><div class=\"fusion-title title fusion-title-1 fusion-sep-none fusion-title-text fusion-title-size-one\" style=\"--awb-margin-top-small:10px;--awb-margin-right-small:0px;--awb-margin-bottom-small:10px;--awb-margin-left-small:0px;\"><h1 class=\"fusion-title-heading title-heading-left fusion-responsive-typography-calculated\" style=\"margin:0;--fontSize:35;line-height:1.2;\"><div>Der Heilige Theodoros Tiro<\/div><\/h1><\/div><div class=\"fusion-text fusion-text-1\"><div>\n<p class=\"break-words\"><em>Der Heilige Theodoros Tiro (armenisch: \u054d. \u0539\u0565\u0578\u0564\u0578\u0580\u0578\u057d \u0536\u0578\u0580\u0561\u057e\u0561\u0580), dessen Gedenktag in der Armenischen Apostolischen Kirche am ersten Samstag der Gro\u00dfen Fastenzeit begangen wird, ist ein leuchtendes Vorbild f\u00fcr Mut, Glauben und Opferbereitschaft. Geboren in einem Dorf nahe der Stadt Amaseia im antiken Pontos (heute Amasya, T\u00fcrkei), wuchs Theodor in einer frommen christlichen Familie auf. Schon fr\u00fch verlor er seine Mutter und wurde von seinem Vater streng, doch liebevoll erzogen. Seine au\u00dfergew\u00f6hnliche St\u00e4rke und sein edler Charakter f\u00fchrten ihn in den Dienst der r\u00f6mischen Armee, wo er als junger Rekrut \u2013 \u201eTiro\u201c \u2013 diente.<\/em><\/p>\n<p class=\"break-words\">Im Jahr 304, als Kaiser Diokletian die Christenverfolgung versch\u00e4rfte, wurde Theodor vor eine folgenschwere Pr\u00fcfung gestellt. Ein kaiserliches Edikt zwang alle Soldaten, heidnischen G\u00f6ttern zu opfern. Doch Theodor lehnte entschieden ab und bekannte \u00f6ffentlich:<\/p>\n<blockquote>\n<p class=\"break-words\">\u201eIch bin ein Soldat Christi, des wahren Gottes; eure G\u00f6tter sind D\u00e4monen.\u201c<\/p>\n<\/blockquote>\n<p class=\"break-words\">Diese Worte brachten ihm zun\u00e4chst Nachsicht ein \u2013 die Beh\u00f6rden hofften, ihn umzustimmen. Stattdessen nutzte Theodor die Freiheit, um ein klares Zeichen zu setzen: In einer mutigen Nachtaktion setzte er den gr\u00f6\u00dften heidnischen Tempel Amaseias in Brand und stellte sich danach den Konsequenzen.<\/p>\n<p class=\"break-words\">Seine Verhaftung folgte auf dem Fu\u00df. Grausame Folterungen und Hungertage konnten seinen Willen nicht brechen; gest\u00e4rkt durch g\u00f6ttliche Visionen und Gebete, sang er in der Dunkelheit des Kerkers Psalmen. Am 17. Februar 305 (nach manchen Quellen 306) wurde er schlie\u00dflich verbrannt \u2013 eine Strafe, die seine Feinde als Vergeltung f\u00fcr den Tempelbrand sahen, doch die Gl\u00e4ubigen als Triumph seines Glaubens feiern. Eine fromme Christin rettete seine Reliquien und bewahrte sie in einem Schrein nahe Amaseia auf. Dieser Ort wurde bald ein Pilgerziel, bekannt f\u00fcr Wunder, und sp\u00e4ter eine Kirche.<\/p>\n<p class=\"break-words\">In der Armenischen Kirche symbolisiert Theodoros Tiro die Kraft, Versuchungen zu widerstehen und den Glauben \u00fcber weltliche Macht zu stellen. Sein Gedenktag in der Gro\u00dfen Fastenzeit erinnert uns daran, dass wahre St\u00e4rke in der Hingabe liegt \u2013 eine Botschaft, die besonders in Zeiten der Besinnung und des Gebets Resonanz findet. Historisch bezeugt durch fr\u00fche Schriften, etwa von Gregor von Nyssa, bleibt sein Leben ein Zeugnis armenischer Standhaftigkeit im Angesicht von Verfolgung.<\/p>\n<p class=\"break-words\">Theodors Erbe lebt in der Verehrung durch unz\u00e4hlige Gl\u00e4ubige weiter, von Amaseia bis Konstantinopel, wo Kirchen zu seinen Ehren errichtet wurden. F\u00fcr die armenische Diaspora, die ihre Identit\u00e4t oft unter schwierigen Bedingungen bewahrt hat, ist er ein Vorbild der Tapferkeit und ein F\u00fcrbitter in der Not. M\u00f6ge sein Beispiel uns inspirieren, unseren Glauben und unsere Werte mit derselben Entschlossenheit zu leben.<\/p>\n<\/div>\n<\/div><div class=\"fusion-separator fusion-full-width-sep\" style=\"align-self: center;margin-left: auto;margin-right: auto;margin-top:15px;margin-bottom:15px;width:100%;\"><div class=\"fusion-separator-border sep-single sep-solid\" style=\"--awb-height:20px;--awb-amount:20px;border-color:#ffac00;border-top-width:1px;\"><\/div><\/div><div class=\"fusion-title title fusion-title-2 fusion-sep-none fusion-title-text fusion-title-size-three\" style=\"--awb-margin-top-small:10px;--awb-margin-right-small:0px;--awb-margin-bottom-small:10px;--awb-margin-left-small:0px;\"><h3 class=\"fusion-title-heading title-heading-left fusion-responsive-typography-calculated\" style=\"margin:0;--fontSize:23;--minFontSize:23;line-height:1.2;\">Ikonographie<\/h3><\/div><div class=\"fusion-text fusion-text-2\"><p>In den fr\u00fchesten byzantinischen Abbildungen aus dem 6. und 7. Jahrhundert wird Theodor in ziviler Kleidung gezeigt, oft mit einer Chlamys drapiert. Erst nach der Epoche des Bilderstreits etabliert sich seine Darstellung als Krieger. Ab dem 11. Jahrhundert entwickelt sich die Tradition, Theodor Tiro mit einem schlichten Bart und Theodor Stratelates mit einem gespaltenen Bart zu unterscheiden. In der sp\u00e4teren byzantinischen Kunst werden die beiden Theodore h\u00e4ufig gemeinsam auf einer Ikone abgebildet.<\/p>\n<\/div><div class=\"fusion-separator fusion-full-width-sep\" style=\"align-self: center;margin-left: auto;margin-right: auto;margin-top:15px;margin-bottom:15px;width:100%;\"><div class=\"fusion-separator-border sep-single\" style=\"--awb-height:20px;--awb-amount:20px;border-color:#ffac00;border-top-width:1px;\"><\/div><\/div><div class=\"fusion-image-element\" style=\"--awb-caption-title-font-family:var(--h2_typography-font-family);--awb-caption-title-font-weight:var(--h2_typography-font-weight);--awb-caption-title-font-style:var(--h2_typography-font-style);--awb-caption-title-size:var(--h2_typography-font-size);--awb-caption-title-transform:var(--h2_typography-text-transform);--awb-caption-title-line-height:var(--h2_typography-line-height);--awb-caption-title-letter-spacing:var(--h2_typography-letter-spacing);\"><span class=\"fusion-imageframe imageframe-none imageframe-1 hover-type-none\"><img decoding=\"async\" width=\"848\" height=\"558\" alt=\"Hl. Theodor in Yilani\" title=\"Hl. Theodor in Yilani\" src=\"https:\/\/agbw.org\/wp-content\/uploads\/2025\/03\/Yilanli_Kilise_dragon.jpg\" class=\"img-responsive wp-image-20774\" srcset=\"https:\/\/agbw.org\/wp-content\/uploads\/2025\/03\/Yilanli_Kilise_dragon-200x132.jpg 200w, https:\/\/agbw.org\/wp-content\/uploads\/2025\/03\/Yilanli_Kilise_dragon-400x263.jpg 400w, https:\/\/agbw.org\/wp-content\/uploads\/2025\/03\/Yilanli_Kilise_dragon-600x395.jpg 600w, https:\/\/agbw.org\/wp-content\/uploads\/2025\/03\/Yilanli_Kilise_dragon-800x526.jpg 800w, https:\/\/agbw.org\/wp-content\/uploads\/2025\/03\/Yilanli_Kilise_dragon.jpg 848w\" sizes=\"(max-width: 1024px) 100vw, (max-width: 640px) 100vw, 848px\" \/><\/span><\/div><div class=\"fusion-separator fusion-full-width-sep\" style=\"align-self: center;margin-left: auto;margin-right: auto;margin-top:15px;margin-bottom:15px;width:100%;\"><div class=\"fusion-separator-border sep-single\" style=\"--awb-height:20px;--awb-amount:20px;border-color:#ffac00;border-top-width:1px;\"><\/div><\/div><div class=\"fusion-text fusion-text-3\"><div>\n<p class=\"break-words\">Zwischen dem 9. und 13. Jahrhundert zeigen kappadokische Darstellungen Theodor in milit\u00e4rischer R\u00fcstung, meist zu Pferd und als Bezwinger eines Drachen. Oft tritt er dort neben dem Heiligen Georg auf. Es wird angenommen, dass das Bild des Thrakischen Reiters in Kappadokien ab dem sp\u00e4ten 9. Jahrhundert auf christliche Heilige \u00fcbertragen wurde \u2013 zun\u00e4chst auf Theodor, sp\u00e4ter auch auf Demetrius und Georg. In einigen Abbildungen erscheinen Theodor und Georg wie die mythologischen Dioskuren, und sp\u00e4tere hagiographische Texte stellen sie sogar als Br\u00fcder dar. In den H\u00f6hlenkirchen rund um G\u00f6reme finden sich Fresken aus dem 10. Jahrhundert, die berittene Heilige im Kampf gegen Drachen mit ein, zwei oder drei K\u00f6pfen zeigen. Ein besch\u00e4digtes Fresko in der Y\u0131lanl\u0131 Kilise (\u201eSchlangenkirche\u201c) in G\u00f6reme stellt Theodor und Georg gemeinsam dar. Au\u00dferhalb Kappadokiens zeigt eine fr\u00fche Abbildung aus Kilkis in Mazedonien die drei berittenen Krieger Demetrius, Theodor und Georg.<\/p>\n<p class=\"break-words\">W\u00e4hrend der Kreuzz\u00fcge gelangte das Motiv des berittenen Drachent\u00f6ters in den Westen. Eine Darstellung aus dem 12. Jahrhundert in der Cappella Palatina in Palermo zeigt vermutlich Theodor, nicht Georg, als Drachent\u00f6ter. Ab dem 13. Jahrhundert wird diese Rolle jedoch zunehmend Georg zugeschrieben.<\/p>\n<\/div>\n<\/div><div class=\"fusion-separator fusion-full-width-sep\" style=\"align-self: center;margin-left: auto;margin-right: auto;margin-top:15px;margin-bottom:15px;width:100%;\"><div class=\"fusion-separator-border sep-single sep-solid\" style=\"--awb-height:20px;--awb-amount:20px;border-color:#ffac00;border-top-width:1px;\"><\/div><\/div><div class=\"fusion-title title fusion-title-3 fusion-sep-none fusion-title-text fusion-title-size-three\" style=\"--awb-margin-top-small:10px;--awb-margin-right-small:0px;--awb-margin-bottom-small:10px;--awb-margin-left-small:0px;\"><h3 class=\"fusion-title-heading title-heading-left fusion-responsive-typography-calculated\" style=\"margin:0;--fontSize:23;--minFontSize:23;line-height:1.2;\"><div>Gebet zum Heiligen Gro\u00dfm\u00e4rtyrer Theodoros Tiro<\/div><\/h3><\/div><div class=\"fusion-text fusion-text-4\"><div>\n<p class=\"break-words\">O seliger Gro\u00dfm\u00e4rtyrer Theodoros Tiro, erh\u00f6re das Flehen von uns Gl\u00e4ubigen, die dich preisen und in unserer Demut von ganzer Seele zu dir rufen. Du hast von Jugend an gl\u00fchenden Glauben an Christus, den Herrn, gezeigt und f\u00fcr ihn dein Leben hingegeben; gew\u00e4hre auch uns, die wir zu dir beten, die seelische Kraft, an allen Tagen die Reinheit des rechten Glaubens zu bewahren.<\/p>\n<p class=\"break-words\">O seliger Gro\u00dfm\u00e4rtyrer Theodoros Tiro, indem du dein Glaubensbekenntnis im feurigen Ofen durch das Martyrium besiegelt hast, sei uns ein Vorbild in der Eifrigkeit, die Wahrheit Christi zu verk\u00fcnden. Du hast die Gl\u00e4ubigen vor der S\u00fcnde des Heidentums und des Abfalls gesch\u00fctzt; bewahre auch uns rein vor den R\u00e4nken der H\u00e4resie und jeglichem teuflischen Einfluss.<\/p>\n<p class=\"break-words\">O seliger Gro\u00dfm\u00e4rtyrer Theodoros Tiro, bitte durch deine F\u00fcrsprache am Thron des Allerh\u00f6chsten den Herrn Gott, uns gnadenvolle Kraft zu schenken, damit wir die Wege unseres Lebens nach dem Wort Gottes zum Heil unserer Seelen lenken k\u00f6nnen. Auf dass wir durch deine Gebete Gnade und Barmherzigkeit erlangen und den Quell aller G\u00fcter und Geber der Gaben, Gott, den Einen in der Heiligen Dreifaltigkeit Gepriesenen \u2013 Vater, Sohn und Heiliger Geist \u2013 nun und immerdar und in alle Ewigkeit verherrlichen. Amen.<\/p>\n<\/div>\n<\/div><\/div><\/div><\/div><\/div>","protected":false},"excerpt":{"rendered":"","protected":false},"author":1,"featured_media":20775,"comment_status":"closed","ping_status":"closed","sticky":false,"template":"","format":"standard","meta":{"footnotes":""},"categories":[65],"tags":[699,700,701],"class_list":["post-20773","post","type-post","status-publish","format-standard","has-post-thumbnail","hentry","category-glaubensfragen","tag-theodor-tiro","tag-theodoros-tiro","tag-701"],"_links":{"self":[{"href":"https:\/\/agbw.org\/am\/wp-json\/wp\/v2\/posts\/20773","targetHints":{"allow":["GET"]}}],"collection":[{"href":"https:\/\/agbw.org\/am\/wp-json\/wp\/v2\/posts"}],"about":[{"href":"https:\/\/agbw.org\/am\/wp-json\/wp\/v2\/types\/post"}],"author":[{"embeddable":true,"href":"https:\/\/agbw.org\/am\/wp-json\/wp\/v2\/users\/1"}],"replies":[{"embeddable":true,"href":"https:\/\/agbw.org\/am\/wp-json\/wp\/v2\/comments?post=20773"}],"version-history":[{"count":2,"href":"https:\/\/agbw.org\/am\/wp-json\/wp\/v2\/posts\/20773\/revisions"}],"predecessor-version":[{"id":20777,"href":"https:\/\/agbw.org\/am\/wp-json\/wp\/v2\/posts\/20773\/revisions\/20777"}],"wp:featuredmedia":[{"embeddable":true,"href":"https:\/\/agbw.org\/am\/wp-json\/wp\/v2\/media\/20775"}],"wp:attachment":[{"href":"https:\/\/agbw.org\/am\/wp-json\/wp\/v2\/media?parent=20773"}],"wp:term":[{"taxonomy":"category","embeddable":true,"href":"https:\/\/agbw.org\/am\/wp-json\/wp\/v2\/categories?post=20773"},{"taxonomy":"post_tag","embeddable":true,"href":"https:\/\/agbw.org\/am\/wp-json\/wp\/v2\/tags?post=20773"}],"curies":[{"name":"wp","href":"https:\/\/api.w.org\/{rel}","templated":true}]}}