{"id":20935,"date":"2025-03-18T19:00:12","date_gmt":"2025-03-18T18:00:12","guid":{"rendered":"https:\/\/agbw.org\/?p=20935"},"modified":"2025-03-19T07:52:54","modified_gmt":"2025-03-19T06:52:54","slug":"kinder-in-der-scheidung","status":"publish","type":"post","link":"https:\/\/agbw.org\/am\/2025\/kinder-in-der-scheidung\/","title":{"rendered":"Kinder in der Scheidung"},"content":{"rendered":"<p><div class=\"fusion-fullwidth fullwidth-box fusion-builder-row-1 fusion-flex-container has-pattern-background has-mask-background nonhundred-percent-fullwidth non-hundred-percent-height-scrolling\" style=\"--awb-border-radius-top-left:0px;--awb-border-radius-top-right:0px;--awb-border-radius-bottom-right:0px;--awb-border-radius-bottom-left:0px;--awb-flex-wrap:wrap;\" ><div class=\"fusion-builder-row fusion-row fusion-flex-align-items-flex-start fusion-flex-content-wrap\" style=\"max-width:1248px;margin-left: calc(-4% \/ 2 );margin-right: calc(-4% \/ 2 );\"><div class=\"fusion-layout-column fusion_builder_column fusion-builder-column-0 fusion_builder_column_1_1 1_1 fusion-flex-column\" style=\"--awb-bg-size:cover;--awb-width-large:100%;--awb-margin-top-large:0px;--awb-spacing-right-large:1.92%;--awb-margin-bottom-large:20px;--awb-spacing-left-large:1.92%;--awb-width-medium:100%;--awb-order-medium:0;--awb-spacing-right-medium:1.92%;--awb-spacing-left-medium:1.92%;--awb-width-small:100%;--awb-order-small:0;--awb-spacing-right-small:1.92%;--awb-spacing-left-small:1.92%;\"><div class=\"fusion-column-wrapper fusion-column-has-shadow fusion-flex-justify-content-flex-start fusion-content-layout-column\"><div class=\"fusion-title title fusion-title-1 fusion-sep-none fusion-title-text fusion-title-size-one\" style=\"--awb-margin-top-small:10px;--awb-margin-right-small:0px;--awb-margin-bottom-small:10px;--awb-margin-left-small:0px;\"><h1 class=\"fusion-title-heading title-heading-left fusion-responsive-typography-calculated\" style=\"margin:0;--fontSize:35;line-height:1.2;\"><p class=\"text-2xl font-bold mt-1 text-text-200\">Kinder in der Scheidung:<\/p><\/h1><\/div><div class=\"fusion-title title fusion-title-2 fusion-sep-none fusion-title-text fusion-title-size-two\" style=\"--awb-margin-top-small:10px;--awb-margin-right-small:0px;--awb-margin-bottom-small:10px;--awb-margin-left-small:0px;\"><h2 class=\"fusion-title-heading title-heading-left fusion-responsive-typography-calculated\" style=\"margin:0;--fontSize:28;line-height:1.2;\"><p class=\"text-2xl font-bold mt-1 text-text-200\">Wenn Loyalit\u00e4ten zerrei\u00dfen<\/p><\/h2><\/div><div class=\"fusion-text fusion-text-1\"><p class=\"whitespace-pre-wrap break-words\"><em>Von Pfr. Dr. Diradur Sardaryan,<br \/>\nGemeindepfarrer<\/em><\/p>\n<p class=\"whitespace-pre-wrap break-words\"><em>In meiner Praxis als Pfarrer begegne ich ihnen immer wieder: Den zerbrochenen Familien, in denen Kinder zwischen den Welten wandeln. Zwischen Mutter und Vater. Zwischen Liebe und Verbitterung. Zwischen dem, was war und dem, was sein k\u00f6nnte. Die Gro\u00dfe Fastenzeit l\u00e4dt uns ein, \u00fcber diese Wunden nachzudenken \u2013 nicht um in ihnen zu verharren, sondern um Wege der Heilung zu finden. Dieser erster Beitrag behandelt einen Ausschnitt der Problematik elterlicher Entfremdung, der von einigen als stereotyp empfunden werden k\u00f6nnte. Doch ein Folgebeitrag wird weitere Aspekte, darunter die Rolle von V\u00e4tern als entfremdende Elternteile sowie Trennungssituationen bei h\u00e4uslicher Gewalt oder Missbrauch, thematisieren.<br \/>\n<\/em><\/p>\n<h3 class=\"text-xl font-bold text-text-200 mt-1 -mb-0.5\">Im Schatten der Trennung:<br \/>\nEine Geschichte, wie viele andere<\/h3>\n<p class=\"whitespace-pre-wrap break-words\">Er sitzt im Gemeindezentrum unserer Kirche, den Blick gesenkt. Der 13-J\u00e4hrige kommt zum Jugendtreff, doch in letzter Zeit wirkt er abwesend, manchmal aggressiv. Seine Mutter bringt ihn gelegentlich zum Gottesdienst, seit sie und sein Vater sich vor zwei Jahren getrennt haben.<\/p>\n<p class=\"whitespace-pre-wrap break-words\">&#8222;Mein Vater ist ein Versager,&#8220; sagt er unvermittelt. &#8222;Er hat uns verlassen. Meine Mutter sagt, er hat nie wirklich f\u00fcr uns sorgen wollen.&#8220;<\/p>\n<p class=\"whitespace-pre-wrap break-words\">Seine Worte h\u00e4ngen schwer im Raum. Auf behutsame Nachfrage erz\u00e4hlt der Junge, dass er seinen Vater seit Monaten nicht mehr gesehen hat. Die vereinbarten Besuchswochenenden wurden immer seltener. &#8222;Ist auch besser so,&#8220; meint er mit einer H\u00e4rte, die zu seiner Jugend nicht passen will.<\/p>\n<p class=\"whitespace-pre-wrap break-words\">Was er nicht sieht: Wie seine Mutter aufatmet, wenn er einen Besuch bei seinem Vater absagt. Wie sie unterschwellig Informationen \u00fcber neue &#8222;Entt\u00e4uschungen&#8220; einflie\u00dfen l\u00e4sst. Wie sie \u2013 selbst tief verletzt \u2013 ihren Sohn unbewusst zum Verb\u00fcndeten im Kampf gegen den Ex-Partner macht.<\/p>\n<p class=\"whitespace-pre-wrap break-words\">Und was er ebenfalls nicht sieht: Wie sein Vater vor der T\u00fcr des Gemeindezentrums wartet, sich aber nicht hineintraut. Wie er Geschenke kauft, die er nie \u00fcbergibt. Wie er langsam resigniert, weil sein Sohn am Telefon einsilbig bleibt, ja ihn sogar beschimpft oder Treffen absagt.<\/p>\n<h3 class=\"text-xl font-bold text-text-200 mt-1 -mb-0.5\">Die verborgene Epidemie:<br \/>\nElterliche Entfremdung<\/h3>\n<p class=\"whitespace-pre-wrap break-words\">Diese Geschichte ist kein Einzelfall. Sie spiegelt ein Ph\u00e4nomen wider, das in der Fachliteratur als &#8222;elterliche Entfremdung&#8220; bezeichnet wird und in Deutschland j\u00e4hrlich etwa 20.000 bis 40.000 Kinder betrifft. Besonders Jungen in der Pubert\u00e4t leiden darunter, wenn sie in den Loyalit\u00e4tskonflikt zwischen den Eltern hineingezogen werden.<\/p>\n<p class=\"whitespace-pre-wrap break-words\">Elterliche Entfremdung findet statt, wenn ein Kind nach einer Trennung eine stark negative Haltung gegen\u00fcber einem Elternteil entwickelt, die in keinem Verh\u00e4ltnis zu den tats\u00e4chlichen Erfahrungen mit diesem Elternteil steht. Diese Ablehnung wird ma\u00dfgeblich durch den betreuenden Elternteil \u2013 bewusst oder unbewusst \u2013 gef\u00f6rdert.<\/p>\n<p class=\"whitespace-pre-wrap break-words\">Studien im <em>Journal of Family Psychology<\/em> zeigen, dass Jungen in der Pubert\u00e4t besonders anf\u00e4llig f\u00fcr diese Dynamik sind. Sie suchen nach ihrer Identit\u00e4t und m\u00e4nnlichen Rollenvorbildern. Wenn die Mutter \u2013 bei der die Kinder nach einer Trennung noch immer \u00fcberwiegend leben \u2013 negative Bilder vom Vater vermittelt, kann dies tiefgreifende Auswirkungen haben:<\/p>\n<ul class=\"&#091;&amp;:not(:last-child)_ul&#093;:pb-1 &#091;&amp;:not(:last-child)_ol&#093;:pb-1 list-disc space-y-1.5 pl-7\">\n<li class=\"whitespace-normal break-words\">Schulische Leistungen sinken dramatisch<\/li>\n<li class=\"whitespace-normal break-words\">Aggressives Verhalten nimmt zu<\/li>\n<li class=\"whitespace-normal break-words\">Depressive Symptome treten h\u00e4ufiger auf<\/li>\n<li class=\"whitespace-normal break-words\">Die F\u00e4higkeit, gesunde Beziehungen zu f\u00fchren, wird untergraben<\/li>\n<\/ul>\n<p class=\"whitespace-pre-wrap break-words\">Eine Langzeitstudie, ver\u00f6ffentlicht in der Fachzeitschrift <em>PMC<\/em>, belegt: Erwachsene, die als Kinder elterliche Entfremdung erlebten, leiden \u00fcberproportional h\u00e4ufig unter Angstst\u00f6rungen, Bindungsproblemen und einer gest\u00f6rten Identit\u00e4tsentwicklung.<\/p>\n<p class=\"whitespace-pre-wrap break-words\">Was wir in der Pubert\u00e4t besonders beobachten, ist die schmerzhafte Frage nach dem eigenen Wert. Wenn der Vater als &#8222;schlecht&#8220; dargestellt wird, fragt sich der heranwachsende Junge unbewusst: &#8222;Was bin ich dann? Trage ich das Schlechte in mir?&#8220;<\/p>\n<h3 class=\"text-xl font-bold text-text-200 mt-1 -mb-0.5\">Wenn Worte zu Waffen werden<\/h3>\n<p class=\"whitespace-pre-wrap break-words\">Eine alleinerziehende Mutter erkannte erst sp\u00e4t, welchen Schaden ihre Verbitterung anrichtete: &#8222;Nach der Trennung habe ich meinen Sohn unbewusst gegen seinen Vater aufgebracht. Jedes Mal, wenn er zu sp\u00e4t vom Besuchswochenende kam, kommentierte ich: &#8218;Typisch, auf deinen Vater ist eben kein Verlass.&#8216; Wenn er etwas verga\u00df, sagte ich: &#8218;Da sieht man wieder, wie wichtig du ihm bist.'&#8220;<\/p>\n<p class=\"whitespace-pre-wrap break-words\">Was als Ventil f\u00fcr ihren eigenen Schmerz begann, wurde zu einem Gift, das langsam die Vater-Sohn-Beziehung zersetzte. Ihr Sohn, damals 12, begann die Besuche bei seinem Vater abzusagen. Er entwickelte Verhaltensprobleme in der Schule und zog sich von Freunden zur\u00fcck.<\/p>\n<p class=\"whitespace-pre-wrap break-words\">&#8222;Die Wende kam in der Gro\u00dfen Fastenzeit&#8220; erz\u00e4hlt die Mutter. &#8222;In der Predigt ging es \u00fcber Bitterkeit als selbstgew\u00e4hltes Gift. Der Pfarrer sagte: &#8218;Wer nicht vergeben kann, trinkt t\u00e4glich Gift und hofft, dass der andere daran stirbt.&#8216; Das traf mich ins Herz. Ich erkannte, dass ich nicht nur mich selbst vergiftete, sondern auch meinen Sohn.&#8220;<\/p>\n<p class=\"whitespace-pre-wrap break-words\">Der Weg zur Heilung war nicht einfach. Die Mutter begann eine Therapie, suchte seelsorgerische Begleitung und \u00e4nderte bewusst ihre Sprache \u00fcber ihren Ex-Mann. &#8222;Heute sage ich meinem Sohn: &#8218;Dein Vater und ich haben Fehler gemacht, aber er liebt dich.&#8216; Und ich meine es so.&#8220;<\/p>\n<h3 class=\"text-xl font-bold text-text-200 mt-1 -mb-0.5\">Die Gro\u00dfe Fastenzeit:<br \/>\nEine Zeit der Umkehr und Heilung<\/h3>\n<p class=\"whitespace-pre-wrap break-words\">Die Gro\u00dfe Fastenzeit in der armenischen Tradition ist mehr als nur Verzicht auf bestimmte Speisen. Sie ist eine Zeit der apashkharutyun (\u0561\u057a\u0561\u0577\u056d\u0561\u0580\u0578\u0582\u0569\u0575\u0578\u0582\u0576), der metanoia \u2013 der tiefen Umkehr und inneren Wandlung. F\u00fcr Eltern in Trennungssituationen bietet sie einen besonderen Rahmen, um destruktive Muster zu durchbrechen.<\/p>\n<p class=\"whitespace-pre-wrap break-words\">Die Fastenzeit beginnt mit der Vergebung. Bevor wir in die vierzig Tage der L\u00e4uterung eintreten, bitten wir einander um Vergebung. F\u00fcr getrennte Eltern kann dies ein kraftvolles Zeichen sein \u2013 nicht unbedingt f\u00fcr die Wiederherbeif\u00fchrung der Beziehung, aber f\u00fcr die Heilung der Wunden, besonders im Interesse der Kinder.<\/p>\n<p class=\"whitespace-pre-wrap break-words\">Die Praxis des Innehaltens und der Selbstreflexion w\u00e4hrend der Fastenzeit bietet konkrete Ans\u00e4tze:<\/p>\n<ol class=\"&#091;&amp;:not(:last-child)_ul&#093;:pb-1 &#091;&amp;:not(:last-child)_ol&#093;:pb-1 list-decimal space-y-1.5 pl-7\">\n<li class=\"whitespace-normal break-words\"><strong>Bewusste Sprachver\u00e4nderung<\/strong>: Eltern k\u00f6nnen t\u00e4glich eine kurze Meditation einlegen und reflektieren: &#8222;Wie habe ich heute \u00fcber den anderen Elternteil gesprochen?&#8220;<\/li>\n<li class=\"whitespace-normal break-words\"><strong>Aktives Zuh\u00f6ren<\/strong>: Statt die Gef\u00fchle des Kindes zu lenken (&#8222;Du bist sicher w\u00fctend auf Papa\/Mama, weil&#8230;&#8220;), kann man offene Fragen stellen: &#8222;Wie war dein Tag bei Papa\/Mama?&#8220;<\/li>\n<li class=\"whitespace-normal break-words\"><strong>Das Gebet<\/strong>: Das Gebet, z.B. die wiederholte Anrufung &#8222;Herr Jesus Christus, Sohn Gottes, erbarme dich meiner&#8220; kann in Momenten der Bitterkeit oder Wut ein Anker sein.<\/li>\n<li class=\"whitespace-normal break-words\"><strong>Die Beichte<\/strong>: Der gesch\u00fctzte Raum der Beichte oder eines Beichtgespr\u00e4ches mit dem Pfarrer erlaubt es Eltern, eigene Verfehlungen einzugestehen \u2013 auch die subtilen Formen der Manipulation durch negative \u00c4u\u00dferungen \u00fcber den Ex-Partner.<\/li>\n<\/ol>\n<p class=\"whitespace-pre-wrap break-words\">Die Fastenzeit erinnert uns daran, dass Auferstehung m\u00f6glich ist. Auch aus dem Tod einer Beziehung kann neues Leben erwachsen \u2013 ein Leben, in dem Kinder die Liebe beider Eltern erfahren d\u00fcrfen, unbelastet von den Konflikten der Erwachsenen.<\/p>\n<hr \/>\n<h3 class=\"text-xl font-bold text-text-200 mt-1 -mb-0.5\">Praktische Schritte f\u00fcr den Weg aus der Entfremdung<\/h3>\n<p class=\"whitespace-pre-wrap break-words\">F\u00fcr betroffene Familien gibt es konkrete Hilfestellungen, die sowohl auf psychologischen Erkenntnissen als auch auf geistlichen Prinzipien basieren:<\/p>\n<p class=\"whitespace-pre-wrap break-words\"><strong>F\u00fcr den entfremdenden Elternteil:<\/strong><\/p>\n<ul class=\"&#091;&amp;:not(:last-child)_ul&#093;:pb-1 &#091;&amp;:not(:last-child)_ol&#093;:pb-1 list-disc space-y-1.5 pl-7\">\n<li class=\"whitespace-normal break-words\">Erkennen Sie an, dass Ihre Gef\u00fchle und die Beziehung Ihres Kindes zum anderen Elternteil zwei getrennte Dinge sind<\/li>\n<li class=\"whitespace-normal break-words\">Sprechen Sie respektvoll \u00fcber den anderen Elternteil, selbst wenn es schwerf\u00e4llt<\/li>\n<li class=\"whitespace-normal break-words\">F\u00f6rdern Sie aktiv den Kontakt zum anderen Elternteil<\/li>\n<li class=\"whitespace-normal break-words\">Suchen Sie professionelle Hilfe, um Ihre eigenen Verletzungen zu verarbeiten<\/li>\n<li class=\"whitespace-normal break-words\">Praktizieren Sie t\u00e4gliche Gebete, um inneren Frieden zu finden<\/li>\n<\/ul>\n<hr \/>\n<p class=\"whitespace-pre-wrap break-words\"><strong>F\u00fcr den entfremdeten Elternteil:<\/strong><\/p>\n<ul class=\"&#091;&amp;:not(:last-child)_ul&#093;:pb-1 &#091;&amp;:not(:last-child)_ol&#093;:pb-1 list-disc space-y-1.5 pl-7\">\n<li class=\"whitespace-normal break-words\">Bleiben Sie beharrlich im Kontakt, auch wenn das Kind abweisend reagiert<\/li>\n<li class=\"whitespace-normal break-words\">Vermeiden Sie Kritik am anderen Elternteil gegen\u00fcber dem Kind<\/li>\n<li class=\"whitespace-normal break-words\">Konzentrieren Sie sich auf die Qualit\u00e4t der gemeinsamen Zeit, nicht auf Materielles<\/li>\n<li class=\"whitespace-normal break-words\">Akzeptieren Sie, dass Heilung Zeit braucht und R\u00fcckschl\u00e4ge normal sind<\/li>\n<li class=\"whitespace-normal break-words\">Suchen Sie fachliche Unterst\u00fctzung<\/li>\n<\/ul>\n<hr \/>\n<p class=\"whitespace-pre-wrap break-words\"><strong>F\u00fcr die Gemeinde.<\/strong><\/p>\n<p class=\"whitespace-pre-wrap break-words\">Wenn eine Familie auseinanderbricht, stehen auch wir vor mehrfachen Herausforderungen, die in einer kleinen Diasporagemeinde wie der unsere besonders sp\u00fcrbar sind. In einer Gemeinschaft, in der jeder jeden kennt, wo famili\u00e4re Verbindungen sich \u00fcber Generationen erstrecken, wird eine Scheidung schnell zu einer kollektiven Pr\u00fcfung.<\/p>\n<p class=\"whitespace-pre-wrap break-words\">Wir kennen das schmerzhafte Muster: Nach einer Trennung meiden oft beide Elternteile mit ihren jeweiligen Verwandten den Gang zur Kirche, um unangenehmen Begegnungen aus dem Weg zu gehen. Die Kirche, die eigentlich ein Ort der Heilung sein sollte, wird vermieden. So verliert die Gemeinde nicht nur eine Familie, sondern oft ganze Netzwerke von Menschen, die sich verbunden f\u00fchlten. In unserer armenischen Diasporagemeinde, wo jedes Gemeindemitglied kostbar ist, wiegt dieser Verlust besonders schwer.<\/p>\n<p class=\"whitespace-pre-wrap break-words\">Wie k\u00f6nnen wir als Gemeinde einen Weg finden, in dieser schwierigen Situation ein Ort des Friedens zu bleiben? Folgende Ans\u00e4tze haben sich in unserer Erfahrung als hilfreich erwiesen:<\/p>\n<ul class=\"&#091;&amp;:not(:last-child)_ul&#093;:pb-1 &#091;&amp;:not(:last-child)_ol&#093;:pb-1 list-disc space-y-1.5 pl-7\">\n<li class=\"whitespace-normal break-words\"><strong>Kinder besonders beachten<\/strong>: Unsere Sonntagsschule und Jugendgruppen sollten sichere H\u00e4fen sein, wo Kinder aus Trennungsfamilien ohne die Last elterlicher Konflikte sein d\u00fcrfen.<\/li>\n<li class=\"whitespace-normal break-words\"><strong>Armenisch-Apostolische Tradition<\/strong>: Unsere Gottesdienst und Surb Patarag enth\u00e4lt tiefe Weisheiten zum Thema Vers\u00f6hnung, die w\u00e4hrend der Gro\u00dfen Fastenzeit besonders hervorgehoben werden kann. Sie ist u.a. auch ein Ort der Vers\u00f6hnung.<\/li>\n<li class=\"whitespace-normal break-words\"><strong>Mentoren anbieten<\/strong>: Eine Perspektive w\u00e4re \u00e4ltere M\u00e4nner oder Frauen aus der Gemeinde, die bei kirchlichen Aktivit\u00e4ten helfen, als wertvolle Vorbilder f\u00fcr Jugendliche ohne pr\u00e4senten Vater\/Mutter einzusetzen.<\/li>\n<li class=\"whitespace-normal break-words\"><strong>Seelsorge ohne Urteil<\/strong>: Als Seelsorger m\u00fcssen wir beiden Elternteilen mit gleichem Respekt begegnen, besonders in unserer Situation, wo Hilfe in der Muttersprache oft schwer zu finden ist. Deshalb sollten alle Beteiligten auch verstehen, dass der Gemeindepfarrer neutral bleibt.<\/li>\n<li class=\"whitespace-normal break-words\"><strong>Gebet als verbindende Kraft<\/strong>: In den F\u00fcrbitten k\u00f6nnen wir behutsam alle Familien einschlie\u00dfen, die unter Spannungen leiden \u2013 ohne Namen zu nennen.<\/li>\n<\/ul>\n<hr \/>\n<h3 class=\"text-xl font-bold text-text-200 mt-1 -mb-0.5\">Epilog: Eine Fastenzeit-Erfahrung<\/h3>\n<p class=\"whitespace-pre-wrap break-words\">Inspiriert durch die Predigten zur Fastenzeit fasste eine Mutter einen Entschluss. Nach dem Sonntagsgottesdienst ging sie auf ihren Ex-Mann zu, der wieder einmal vor der Kirche wartete.<\/p>\n<p class=\"whitespace-pre-wrap break-words\">&#8222;Unser Sohn sollte seinen Vater kennen,&#8220; sagte sie sp\u00e4ter in der Beratung. &#8222;Als ich w\u00e4hrend der Predigt h\u00f6rte &#8218;Lasset uns einander vergeben&#8216;, verstand ich, dass ich meinem Sohn die Chance auf beide Elternteile schulde.&#8220;<\/p>\n<p class=\"whitespace-pre-wrap break-words\">Es war kein einfacher Weg. Die erste Begegnung zwischen Sohn und Vater verlief k\u00fchl. Doch die Mutter hielt Wort und unterst\u00fctzte die Wiederann\u00e4herung. Sie achtete auf ihre Sprache, ermunterte ihren Sohn zu den Treffen und bat selbst um Vergebung \u2013 bei ihrem Ex-Mann und vor allem bei ihrem Sohn.<\/p>\n<p class=\"whitespace-pre-wrap break-words\">Ein Jahr sp\u00e4ter verbringt der Junge wieder regelm\u00e4\u00dfig Zeit mit seinem Vater. Die Wunden sind nicht vollst\u00e4ndig geheilt, aber es gibt Fortschritte. In der \u00d6ffentlichkeit spricht er nicht mehr abwertend \u00fcber seinen Vater. Beim letzten Treffen erz\u00e4hlte er sogar stolz vom gemeinsamen Angelausflug.<\/p>\n<p class=\"whitespace-pre-wrap break-words\">Die Fastenzeit erinnert uns daran, dass wir als gefallene Menschen stets der Umkehr bed\u00fcrfen. Doch sie erinnert uns auch an die Hoffnung der Auferstehung. Wo Familien zerbrechen, kann Gott neue Wege \u00f6ffnen \u2013 Wege, auf denen Kinder die Liebe beider Eltern erfahren d\u00fcrfen.<\/p>\n<hr \/>\n<blockquote>\n<h2 class=\"text-xl font-bold text-text-200 mt-1 -mb-0.5\">Gebet f\u00fcr Familien in Trennung<\/h2>\n<p class=\"whitespace-pre-wrap break-words\">Barmherziger Gott,<br \/>\nDu kennst die Tiefe unseres Herzens<br \/>\nund unsere verborgenen Wunden.<br \/>\nHeile, was zerbrochen ist in unseren Familien.<br \/>\nBewahre unsere Kinder<br \/>\nvor den Giften des Zorns und der Bitterkeit.<br \/>\nLehre uns, selbst in Schmerz und Trennung<br \/>\nrespektvoll miteinander umzugehen.<br \/>\nHilf uns, unsere Kinder<br \/>\nnicht zu Werkzeugen unserer Verletzungen zu machen.<br \/>\nSchenke uns die Gnade der Vergebung,<br \/>\ndamit unsere Kinder in Frieden aufwachsen k\u00f6nnen,<br \/>\ngeliebt von beiden Eltern.<br \/>\nAmen.<\/p>\n<\/blockquote>\n<hr \/>\n<p class=\"whitespace-pre-wrap break-words\"><strong><em>Reflexionsfrage: Welche Worte oder Handlungen in meinem Leben m\u00fcssen heilen, damit Kinder in meinem Umfeld unbelastet aufwachsen k\u00f6nnen? Wo bin ich aufgerufen zur apashchaturtyun \u2013 zur Umkehr meines Denkens und Handelns in Bezug auf zerr\u00fcttete Beziehungen?<\/em><\/strong><\/p>\n<hr \/>\n<\/div><\/div><\/div><\/div><\/div><div class=\"fusion-fullwidth fullwidth-box fusion-builder-row-2 fusion-flex-container has-pattern-background has-mask-background nonhundred-percent-fullwidth non-hundred-percent-height-scrolling\" style=\"--awb-border-radius-top-left:0px;--awb-border-radius-top-right:0px;--awb-border-radius-bottom-right:0px;--awb-border-radius-bottom-left:0px;--awb-flex-wrap:wrap;\" ><div class=\"fusion-builder-row fusion-row fusion-flex-align-items-flex-start fusion-flex-content-wrap\" style=\"max-width:1248px;margin-left: calc(-4% \/ 2 );margin-right: calc(-4% \/ 2 );\"><div class=\"fusion-layout-column fusion_builder_column fusion-builder-column-1 fusion_builder_column_1_1 1_1 fusion-flex-column\" style=\"--awb-bg-size:cover;--awb-width-large:100%;--awb-margin-top-large:0px;--awb-spacing-right-large:1.92%;--awb-margin-bottom-large:20px;--awb-spacing-left-large:1.92%;--awb-width-medium:100%;--awb-order-medium:0;--awb-spacing-right-medium:1.92%;--awb-spacing-left-medium:1.92%;--awb-width-small:100%;--awb-order-small:0;--awb-spacing-right-small:1.92%;--awb-spacing-left-small:1.92%;\"><div class=\"fusion-column-wrapper fusion-column-has-shadow fusion-flex-justify-content-flex-start fusion-content-layout-column\"><div class=\"fusion-image-element\" style=\"text-align:center;--awb-caption-title-font-family:var(--h2_typography-font-family);--awb-caption-title-font-weight:var(--h2_typography-font-weight);--awb-caption-title-font-style:var(--h2_typography-font-style);--awb-caption-title-size:var(--h2_typography-font-size);--awb-caption-title-transform:var(--h2_typography-text-transform);--awb-caption-title-line-height:var(--h2_typography-line-height);--awb-caption-title-letter-spacing:var(--h2_typography-letter-spacing);\"><span class=\"fusion-imageframe imageframe-none imageframe-1 hover-type-none\"><a class=\"fusion-no-lightbox\" href=\"https:\/\/sozialministerium.baden-wuerttemberg.de\/de\/gesundheit-pflege\/gesundheitsschutz\/infektionsschutz-hygiene\/informationen-zu-coronavirus\/hotlines-buergerinnen-und-buerger\/hilfsangebote-bei-problemen-zu-hause\/\" target=\"_blank\" aria-label=\"Service-Hotlines\" rel=\"noopener noreferrer\"><img decoding=\"async\" width=\"600\" height=\"323\" alt=\"https:\/\/sozialministerium.baden-wuerttemberg.de\/de\/gesundheit-pflege\/gesundheitsschutz\/infektionsschutz-hygiene\/informationen-zu-coronavirus\/hotlines-buergerinnen-und-buerger\/hilfsangebote-bei-problemen-zu-hause\/\" src=\"https:\/\/agbw.org\/wp-content\/uploads\/2025\/03\/csm_Coronavirus_Service-Hotlines_2434x1310_f3a08b8031-600x323.jpg\" class=\"img-responsive wp-image-20936\" srcset=\"https:\/\/agbw.org\/wp-content\/uploads\/2025\/03\/csm_Coronavirus_Service-Hotlines_2434x1310_f3a08b8031-200x108.jpg 200w, https:\/\/agbw.org\/wp-content\/uploads\/2025\/03\/csm_Coronavirus_Service-Hotlines_2434x1310_f3a08b8031-400x215.jpg 400w, https:\/\/agbw.org\/wp-content\/uploads\/2025\/03\/csm_Coronavirus_Service-Hotlines_2434x1310_f3a08b8031-600x323.jpg 600w, https:\/\/agbw.org\/wp-content\/uploads\/2025\/03\/csm_Coronavirus_Service-Hotlines_2434x1310_f3a08b8031.jpg 712w\" sizes=\"(max-width: 1024px) 100vw, (max-width: 640px) 100vw, 600px\" \/><\/a><\/span><\/div><\/div><\/div><\/div><\/div><\/p>","protected":false},"excerpt":{"rendered":"","protected":false},"author":1,"featured_media":20937,"comment_status":"closed","ping_status":"closed","sticky":false,"template":"","format":"standard","meta":{"footnotes":""},"categories":[69,58],"tags":[275,732,733],"class_list":["post-20935","post","type-post","status-publish","format-standard","has-post-thumbnail","hentry","category-abt4","category-allgemein","tag-grosse-fastenzeit","tag-kinder-in-der-scheidung","tag-treffnung"],"_links":{"self":[{"href":"https:\/\/agbw.org\/am\/wp-json\/wp\/v2\/posts\/20935","targetHints":{"allow":["GET"]}}],"collection":[{"href":"https:\/\/agbw.org\/am\/wp-json\/wp\/v2\/posts"}],"about":[{"href":"https:\/\/agbw.org\/am\/wp-json\/wp\/v2\/types\/post"}],"author":[{"embeddable":true,"href":"https:\/\/agbw.org\/am\/wp-json\/wp\/v2\/users\/1"}],"replies":[{"embeddable":true,"href":"https:\/\/agbw.org\/am\/wp-json\/wp\/v2\/comments?post=20935"}],"version-history":[{"count":2,"href":"https:\/\/agbw.org\/am\/wp-json\/wp\/v2\/posts\/20935\/revisions"}],"predecessor-version":[{"id":20940,"href":"https:\/\/agbw.org\/am\/wp-json\/wp\/v2\/posts\/20935\/revisions\/20940"}],"wp:featuredmedia":[{"embeddable":true,"href":"https:\/\/agbw.org\/am\/wp-json\/wp\/v2\/media\/20937"}],"wp:attachment":[{"href":"https:\/\/agbw.org\/am\/wp-json\/wp\/v2\/media?parent=20935"}],"wp:term":[{"taxonomy":"category","embeddable":true,"href":"https:\/\/agbw.org\/am\/wp-json\/wp\/v2\/categories?post=20935"},{"taxonomy":"post_tag","embeddable":true,"href":"https:\/\/agbw.org\/am\/wp-json\/wp\/v2\/tags?post=20935"}],"curies":[{"name":"wp","href":"https:\/\/api.w.org\/{rel}","templated":true}]}}