{"id":20995,"date":"2025-04-01T07:30:15","date_gmt":"2025-04-01T05:30:15","guid":{"rendered":"https:\/\/agbw.org\/?p=20995"},"modified":"2025-04-10T16:08:30","modified_gmt":"2025-04-10T14:08:30","slug":"im-fokus-april","status":"publish","type":"post","link":"https:\/\/agbw.org\/am\/2025\/im-fokus-april\/","title":{"rendered":"Im Fokus: April"},"content":{"rendered":"<div class=\"fusion-fullwidth fullwidth-box fusion-builder-row-1 fusion-flex-container has-pattern-background has-mask-background nonhundred-percent-fullwidth non-hundred-percent-height-scrolling\" style=\"--awb-border-radius-top-left:0px;--awb-border-radius-top-right:0px;--awb-border-radius-bottom-right:0px;--awb-border-radius-bottom-left:0px;--awb-flex-wrap:wrap;\" ><div class=\"fusion-builder-row fusion-row fusion-flex-align-items-flex-start fusion-flex-content-wrap\" style=\"max-width:1248px;margin-left: calc(-4% \/ 2 );margin-right: calc(-4% \/ 2 );\"><div class=\"fusion-layout-column fusion_builder_column fusion-builder-column-0 fusion_builder_column_1_1 1_1 fusion-flex-column\" style=\"--awb-bg-size:cover;--awb-width-large:100%;--awb-margin-top-large:0px;--awb-spacing-right-large:1.92%;--awb-margin-bottom-large:20px;--awb-spacing-left-large:1.92%;--awb-width-medium:100%;--awb-order-medium:0;--awb-spacing-right-medium:1.92%;--awb-spacing-left-medium:1.92%;--awb-width-small:100%;--awb-order-small:0;--awb-spacing-right-small:1.92%;--awb-spacing-left-small:1.92%;\"><div class=\"fusion-column-wrapper fusion-column-has-shadow fusion-flex-justify-content-flex-start fusion-content-layout-column\"><div class=\"fusion-title title fusion-title-1 fusion-sep-none fusion-title-text fusion-title-size-one\" style=\"--awb-margin-top-small:10px;--awb-margin-right-small:0px;--awb-margin-bottom-small:10px;--awb-margin-left-small:0px;\"><h1 class=\"fusion-title-heading title-heading-left fusion-responsive-typography-calculated\" style=\"margin:0;--fontSize:35;line-height:1.2;\"><strong>Im Fokus: April<\/strong><\/h1><\/div><div class=\"fusion-text fusion-text-1\"><blockquote>\n<p><strong>\u201eJa, Herr, ich glaube, dass du der Christus bist,<br \/>\nder Sohn Gottes, der in die Welt kommen soll.&#8220;<\/strong><\/p>\n<p class=\"whitespace-pre-wrap break-words\"><em><strong><a href=\"https:\/\/www.bibleserver.com\/EU\/Johannes11%2C27\" class=\"bibleserver extern\" target=\"_blank\">Johannesevangelium 11, 27<\/a><\/strong><\/em><\/p>\n<\/blockquote>\n<p class=\"whitespace-pre-wrap break-words\"><strong>Liebe Gemeindemitglieder,<br \/>\nliebe Freunde unserer Gemeinde,<\/strong><\/p>\n<p class=\"whitespace-pre-wrap break-words\"><img decoding=\"async\" class=\"wp-image-20664 alignleft\" src=\"https:\/\/agbw.org\/wp-content\/uploads\/2025\/02\/pfr-diradur-sardaryan-200x250.png\" alt=\"\" width=\"189\" height=\"237\" srcset=\"https:\/\/agbw.org\/wp-content\/uploads\/2025\/02\/pfr-diradur-sardaryan-10x12.png 10w, https:\/\/agbw.org\/wp-content\/uploads\/2025\/02\/pfr-diradur-sardaryan-200x250.png 200w, https:\/\/agbw.org\/wp-content\/uploads\/2025\/02\/pfr-diradur-sardaryan-240x300.png 240w, https:\/\/agbw.org\/wp-content\/uploads\/2025\/02\/pfr-diradur-sardaryan-400x500.png 400w, https:\/\/agbw.org\/wp-content\/uploads\/2025\/02\/pfr-diradur-sardaryan-600x750.png 600w, https:\/\/agbw.org\/wp-content\/uploads\/2025\/02\/pfr-diradur-sardaryan-768x960.png 768w, https:\/\/agbw.org\/wp-content\/uploads\/2025\/02\/pfr-diradur-sardaryan-800x1000.png 800w, https:\/\/agbw.org\/wp-content\/uploads\/2025\/02\/pfr-diradur-sardaryan-819x1024.png 819w, https:\/\/agbw.org\/wp-content\/uploads\/2025\/02\/pfr-diradur-sardaryan.png 1080w\" sizes=\"(max-width: 189px) 100vw, 189px\" \/><\/p>\n<p class=\"\" data-start=\"179\" data-end=\"624\">mit dem April treten wir in jene Zeit ein, in der die strengen <a href=\"https:\/\/agbw.org\/am\/2024\/die-grosse-fastenzeit-mets-pahq\/\" target=\"_blank\" rel=\"noopener\">Wochen der Fastenzeit<\/a> in den feierlichen <strong>Palmsonntag und die<\/strong> <strong>Karwoche<\/strong> m\u00fcnden und schlie\u00dflich in das strahlende Osterfest hineinf\u00fchren. <strong>\u0536\u0561\u057f\u056b\u056f (\u201eZatik\u201c)<\/strong>, wie wir Armenier das Fest der Auferstehung nennen, bedeutet Befreiung und Neuanfang. Wer diesen Weg gemeinsam mit Christus geht, erf\u00e4hrt: Auf die Dunkelheit der Leiden folgt das Licht der Auferstehung \u2013 eine Einladung, uns selbst wie die Natur im Fr\u00fchling zu erneuern, aber auch uns zu befreien von jeglicher Last, die unsere Entwicklung hindert.<\/p>\n<p class=\"\" data-start=\"626\" data-end=\"930\">Diese tiefe Botschaft erklingt laut im Osterjubel, doch sie klingt ebenso leise, wenn wir am <strong>7. April Mari\u00e4 Verk\u00fcndigung<\/strong> feiern. Wie Maria sich dem Ruf Gottes \u00f6ffnete, so d\u00fcrfen auch wir die Einladung annehmen, inmitten aller Herausforderungen auf Gottes Wirken zu vertrauen und neue Wege zu beschreiten.<\/p>\n<p class=\"\" data-start=\"932\" data-end=\"1410\">Als Armenier wissen wir jedoch auch, dass der April eine schmerzhafte Erinnerung in sich tr\u00e4gt. Am <a href=\"https:\/\/agbw.org\/am\/2025\/gedenkveranstaltung-am-24-april\/\" target=\"_blank\" rel=\"noopener\"><strong>24. April<\/strong> gedenken wir des V\u00f6lkermords an unserem Volk<\/a>. In diesen schweren Gedanken mag sich alles Licht zu verdunkeln scheinen. Doch eben da erinnert uns Ostern daran, dass nichts und niemand das letzte Wort \u00fcber unser Leben hat au\u00dfer Gott. So bleibt das Gedenken nicht in Trauer erstarrt, sondern wird zum Aufruf an alle Generationen, sich um Vers\u00f6hnung und Frieden zu bem\u00fchen.<\/p>\n<p class=\"\" data-start=\"1412\" data-end=\"1633\">M\u00f6gen uns die Ereignisse in diesem Monat lehren, auch in dunklen Stunden mit Marta zu sagen: &#8222;<em>Ja, Herr, ich glaube, dass du der Christus bist, der Sohn Gottes, der in die Welt kommen soll.<\/em>&#8222;, um durch den lebendigen Glauben an unseren Herrn Jesus Christus eine Flamme der Hoffnung zu entz\u00fcnden. Denn in der Auferstehung Christi liegt f\u00fcr uns der tiefste Trost und die unersch\u00f6pfliche Kraft, uns immer wieder neu aufzurichten.<\/p>\n<p class=\"\" data-start=\"1635\" data-end=\"1945\">Ich lade Sie herzlich ein, die liturgischen Feiern in unserer Kirche mitzuerleben und in unserer Gemeinschaft die anbrechende Osterfreude zu teilen. M\u00f6gen Sie im Angesicht des sich erneuernden Fr\u00fchlings und des \u00f6sterlichen Geheimnisses jene Zuversicht finden, die selbst in schweren Zeiten das Herz aufrichtet.<\/p>\n<p class=\"\" data-start=\"1947\" data-end=\"2009\">In christlicher Verbundenheit,<br \/>\nEuer Pfarrer Diradur Sardaryan<\/p>\n<\/div><\/div><\/div><\/div><\/div>","protected":false},"excerpt":{"rendered":"","protected":false},"author":1,"featured_media":20996,"comment_status":"closed","ping_status":"closed","sticky":false,"template":"","format":"standard","meta":{"footnotes":""},"categories":[142],"tags":[746,661,283,747,157],"class_list":["post-20995","post","type-post","status-publish","format-standard","has-post-thumbnail","hentry","category-aktuell","tag-april-2025","tag-fastenzeit","tag-ostern","tag-verkuendigung-des-herrn","tag-voelkermord-an-den-armeniern"],"_links":{"self":[{"href":"https:\/\/agbw.org\/am\/wp-json\/wp\/v2\/posts\/20995","targetHints":{"allow":["GET"]}}],"collection":[{"href":"https:\/\/agbw.org\/am\/wp-json\/wp\/v2\/posts"}],"about":[{"href":"https:\/\/agbw.org\/am\/wp-json\/wp\/v2\/types\/post"}],"author":[{"embeddable":true,"href":"https:\/\/agbw.org\/am\/wp-json\/wp\/v2\/users\/1"}],"replies":[{"embeddable":true,"href":"https:\/\/agbw.org\/am\/wp-json\/wp\/v2\/comments?post=20995"}],"version-history":[{"count":2,"href":"https:\/\/agbw.org\/am\/wp-json\/wp\/v2\/posts\/20995\/revisions"}],"predecessor-version":[{"id":21094,"href":"https:\/\/agbw.org\/am\/wp-json\/wp\/v2\/posts\/20995\/revisions\/21094"}],"wp:featuredmedia":[{"embeddable":true,"href":"https:\/\/agbw.org\/am\/wp-json\/wp\/v2\/media\/20996"}],"wp:attachment":[{"href":"https:\/\/agbw.org\/am\/wp-json\/wp\/v2\/media?parent=20995"}],"wp:term":[{"taxonomy":"category","embeddable":true,"href":"https:\/\/agbw.org\/am\/wp-json\/wp\/v2\/categories?post=20995"},{"taxonomy":"post_tag","embeddable":true,"href":"https:\/\/agbw.org\/am\/wp-json\/wp\/v2\/tags?post=20995"}],"curies":[{"name":"wp","href":"https:\/\/api.w.org\/{rel}","templated":true}]}}