{"id":21118,"date":"2025-04-18T10:00:10","date_gmt":"2025-04-18T08:00:10","guid":{"rendered":"https:\/\/agbw.org\/?p=21118"},"modified":"2025-04-16T10:36:13","modified_gmt":"2025-04-16T08:36:13","slug":"in-den-tiefen-des-schweigens","status":"publish","type":"post","link":"https:\/\/agbw.org\/am\/2025\/in-den-tiefen-des-schweigens\/","title":{"rendered":"In den Tiefen des Schweigens"},"content":{"rendered":"<p><div class=\"fusion-fullwidth fullwidth-box fusion-builder-row-1 fusion-flex-container has-pattern-background has-mask-background nonhundred-percent-fullwidth non-hundred-percent-height-scrolling\" style=\"--awb-border-radius-top-left:0px;--awb-border-radius-top-right:0px;--awb-border-radius-bottom-right:0px;--awb-border-radius-bottom-left:0px;--awb-flex-wrap:wrap;\" ><div class=\"fusion-builder-row fusion-row fusion-flex-align-items-flex-start fusion-flex-content-wrap\" style=\"max-width:1248px;margin-left: calc(-4% \/ 2 );margin-right: calc(-4% \/ 2 );\"><div class=\"fusion-layout-column fusion_builder_column fusion-builder-column-0 fusion_builder_column_1_1 1_1 fusion-flex-column\" style=\"--awb-bg-size:cover;--awb-width-large:100%;--awb-margin-top-large:0px;--awb-spacing-right-large:1.92%;--awb-margin-bottom-large:20px;--awb-spacing-left-large:1.92%;--awb-width-medium:100%;--awb-order-medium:0;--awb-spacing-right-medium:1.92%;--awb-spacing-left-medium:1.92%;--awb-width-small:100%;--awb-order-small:0;--awb-spacing-right-small:1.92%;--awb-spacing-left-small:1.92%;\"><div class=\"fusion-column-wrapper fusion-column-has-shadow fusion-flex-justify-content-flex-start fusion-content-layout-column\"><div class=\"fusion-separator fusion-full-width-sep\" style=\"align-self: center;margin-left: auto;margin-right: auto;margin-top:15px;margin-bottom:15px;width:100%;\"><div class=\"fusion-separator-border sep-single\" style=\"--awb-height:20px;--awb-amount:20px;border-color:#ffac00;border-top-width:1px;\"><\/div><\/div><div class=\"fusion-text fusion-text-1\"><p>Audioversion des Beitrags<\/p>\n<\/div><div class=\"fusion-audio fusion-audio-1 awb-playback-speed\" style=\"--awb-progress-color:#ffffff;--awb-border-color:var(--awb-color1);--awb-background-color:#1d242d;--awb-max-width:100%;--awb-border-size:0;--awb-border-top-left-radius:0px;--awb-border-top-right-radius:0px;--awb-border-bottom-right-radius:0px;--awb-border-bottom-left-radius:0px;\"><audio class=\"wp-audio-shortcode\" id=\"audio-21118-1\" preload=\"none\" style=\"width: 100%;\" controls=\"controls\"><source type=\"audio\/mpeg\" src=\"https:\/\/agbw.org\/wp-content\/uploads\/2025\/04\/In-den-Tiefen-des-Schweigens.mp3?_=1\" \/><a href=\"https:\/\/agbw.org\/wp-content\/uploads\/2025\/04\/In-den-Tiefen-des-Schweigens.mp3\">https:\/\/agbw.org\/wp-content\/uploads\/2025\/04\/In-den-Tiefen-des-Schweigens.mp3<\/a><\/audio><\/div><div class=\"fusion-separator fusion-full-width-sep\" style=\"align-self: center;margin-left: auto;margin-right: auto;margin-top:15px;margin-bottom:15px;width:100%;\"><div class=\"fusion-separator-border sep-single\" style=\"--awb-height:20px;--awb-amount:20px;border-color:#ffac00;border-top-width:1px;\"><\/div><\/div><\/div><\/div><\/div><\/div><div class=\"fusion-fullwidth fullwidth-box fusion-builder-row-2 fusion-flex-container has-pattern-background has-mask-background nonhundred-percent-fullwidth non-hundred-percent-height-scrolling\" style=\"--awb-border-radius-top-left:0px;--awb-border-radius-top-right:0px;--awb-border-radius-bottom-right:0px;--awb-border-radius-bottom-left:0px;--awb-flex-wrap:wrap;\" ><div class=\"fusion-builder-row fusion-row fusion-flex-align-items-flex-start fusion-flex-content-wrap\" style=\"max-width:1248px;margin-left: calc(-4% \/ 2 );margin-right: calc(-4% \/ 2 );\"><div class=\"fusion-layout-column fusion_builder_column fusion-builder-column-1 fusion_builder_column_1_1 1_1 fusion-flex-column\" style=\"--awb-bg-size:cover;--awb-width-large:100%;--awb-margin-top-large:0px;--awb-spacing-right-large:1.92%;--awb-margin-bottom-large:20px;--awb-spacing-left-large:1.92%;--awb-width-medium:100%;--awb-order-medium:0;--awb-spacing-right-medium:1.92%;--awb-spacing-left-medium:1.92%;--awb-width-small:100%;--awb-order-small:0;--awb-spacing-right-small:1.92%;--awb-spacing-left-small:1.92%;\"><div class=\"fusion-column-wrapper fusion-column-has-shadow fusion-flex-justify-content-flex-start fusion-content-layout-column\"><div class=\"fusion-text fusion-text-2\"><p class=\"whitespace-pre-wrap break-words\">Die Welt verstummt. Der Himmel verh\u00fcllt sein Angesicht. Die Sch\u00f6pfung h\u00e4lt den Atem an. Am Karfreitag treten wir ein in jenes heilige Schweigen, das entsteht, wenn das Wort selbst verstummt.<\/p>\n<p class=\"whitespace-pre-wrap break-words\">Die zahlreichen Lesungen dieses Tages \u2013 von Johannes bis Jesaja, von den Psalmen bis zu den Propheten \u2013 umkreisen das Unbegreifliche: Der Sch\u00f6pfer stirbt in seiner Sch\u00f6pfung. &#8222;Der Diener des Herrn&#8220;, wie Jesaja ihn nennt, &#8222;verachtet und von den Menschen verlassen&#8220;, tr\u00e4gt unsere Schmerzen und Krankheiten. Was f\u00fcr ein Paradox! Der, durch den alles Leben seinen Ursprung hat, haucht sein Leben aus am Kreuz.<\/p>\n<p class=\"whitespace-pre-wrap break-words\">Die Evangelien berichten n\u00fcchtern, fast protokollarisch von den Ereignissen: Die Verhaftung im Garten Gethsemane, das ungerechte Verh\u00f6r, die Verleugnung des Petrus, die Gei\u00dfelung, die Dornenkr\u00f6nung, der Kreuzweg, die Kreuzigung. Jedes Detail erf\u00fcllt die Prophezeiungen, die Jahrhunderte zuvor ausgesprochen wurden. &#8222;Sie haben meine H\u00e4nde und F\u00fc\u00dfe durchbohrt&#8230; Sie teilen meine Kleider unter sich und werfen das Los um mein Gewand.&#8220; Die alten Worte werden furchtbare Wirklichkeit.<\/p>\n<p class=\"whitespace-pre-wrap break-words\">Besonders bewegend ist die Grablegung des Herrn (<a href=\"https:\/\/www.bibleserver.com\/EU\/Johannes19%2C38-42\" class=\"bibleserver extern\" target=\"_blank\">Johannes 19,38-42<\/a>), die im Zentrum der armenischen Karfreitagsgottesdienstes steht. Josef von Arimath\u00e4a, ein heimlicher J\u00fcnger, tritt pl\u00f6tzlich aus dem Verborgenen, bittet Pilatus um den Leichnam Jesu. Mit ihm kommt Nikodemus, der einst bei Nacht zu Jesus kam \u2013 zwei M\u00e4nner, die im entscheidenden Moment ihren Glauben \u00f6ffentlich machen, als die engsten J\u00fcnger geflohen waren.<\/p>\n<p class=\"whitespace-pre-wrap break-words\">Sie nehmen den Leib Jesu vom Kreuz, salben ihn mit kostbaren \u00d6len und wickeln ihn in Leinent\u00fccher. Eine letzte Geste der Liebe, der Ehrfurcht, des Abschieds. Dann legen sie ihn in ein neues, in Felsen gehauenes Grab \u2013 der Sch\u00f6pfer ruht im Scho\u00df seiner Sch\u00f6pfung. Ein schwerer Stein wird vor den Eingang gew\u00e4lzt. Dunkelheit. Stille. Ende.<\/p>\n<p class=\"whitespace-pre-wrap break-words\">Was bedeutet diese Grablegung f\u00fcr uns? Sie erinnert uns daran, dass Gott bis in die \u00e4u\u00dfersten Tiefen menschlicher Existenz hinabgestiegen ist \u2013 bis in den Tod, bis ins Grab. Es gibt keinen Ort mehr, an dem Gott nicht gegenw\u00e4rtig w\u00e4re, keine Dunkelheit, die er nicht kennt, keine Verzweiflung, die er nicht geteilt h\u00e4tte.<\/p>\n<p class=\"whitespace-pre-wrap break-words\">Die armenische Tradition vollzieht dieses Mysterium nicht nur als historisches Ereignis, sondern als gegenw\u00e4rtige Erfahrung. Wir sind eingeladen, mit Josef und Nikodemus den Leib des Herrn vom Kreuz zu nehmen, ihn zu salben, zu bewahren, zu bergen. Dies geschieht in jedem Akt der Barmherzigkeit, in jeder Zuwendung zu den Leidenden, in jedem liebevollen Bewahren seiner Worte.<\/p>\n<p class=\"whitespace-pre-wrap break-words\">Zacharias hatte prophezeit: &#8222;Sie werden auf den blicken, den sie durchbohrt haben, und um ihn trauern, wie man um den einzigen Sohn trauert.&#8220; Der Karfreitag l\u00e4dt uns ein zu dieser Trauer \u2013 nicht als hoffnungslose Verzweiflung, sondern als tiefe Begegnung mit dem gekreuzigten Gott, der unsere Gebrochenheit teilt.<\/p>\n<p class=\"whitespace-pre-wrap break-words\">Im Angesicht des Grabes Christi verstehen wir: Selbst im tiefsten Schweigen, in der finstersten Nacht, ist Gott anwesend. Und w\u00e4hrend die Welt ihn f\u00fcr endg\u00fcltig begraben h\u00e4lt, bereitet sich im Verborgenen bereits das Unglaubliche vor.<\/p>\n<\/div><\/div><\/div><\/div><\/div><\/p>","protected":false},"excerpt":{"rendered":"","protected":false},"author":1,"featured_media":21112,"comment_status":"closed","ping_status":"closed","sticky":false,"template":"","format":"standard","meta":{"footnotes":""},"categories":[65],"tags":[784],"class_list":["post-21118","post","type-post","status-publish","format-standard","has-post-thumbnail","hentry","category-glaubensfragen","tag-in-den-tiefen-des-schweigens"],"_links":{"self":[{"href":"https:\/\/agbw.org\/am\/wp-json\/wp\/v2\/posts\/21118","targetHints":{"allow":["GET"]}}],"collection":[{"href":"https:\/\/agbw.org\/am\/wp-json\/wp\/v2\/posts"}],"about":[{"href":"https:\/\/agbw.org\/am\/wp-json\/wp\/v2\/types\/post"}],"author":[{"embeddable":true,"href":"https:\/\/agbw.org\/am\/wp-json\/wp\/v2\/users\/1"}],"replies":[{"embeddable":true,"href":"https:\/\/agbw.org\/am\/wp-json\/wp\/v2\/comments?post=21118"}],"version-history":[{"count":2,"href":"https:\/\/agbw.org\/am\/wp-json\/wp\/v2\/posts\/21118\/revisions"}],"predecessor-version":[{"id":21146,"href":"https:\/\/agbw.org\/am\/wp-json\/wp\/v2\/posts\/21118\/revisions\/21146"}],"wp:featuredmedia":[{"embeddable":true,"href":"https:\/\/agbw.org\/am\/wp-json\/wp\/v2\/media\/21112"}],"wp:attachment":[{"href":"https:\/\/agbw.org\/am\/wp-json\/wp\/v2\/media?parent=21118"}],"wp:term":[{"taxonomy":"category","embeddable":true,"href":"https:\/\/agbw.org\/am\/wp-json\/wp\/v2\/categories?post=21118"},{"taxonomy":"post_tag","embeddable":true,"href":"https:\/\/agbw.org\/am\/wp-json\/wp\/v2\/tags?post=21118"}],"curies":[{"name":"wp","href":"https:\/\/api.w.org\/{rel}","templated":true}]}}