{"id":21404,"date":"2025-05-30T07:57:19","date_gmt":"2025-05-30T05:57:19","guid":{"rendered":"https:\/\/agbw.org\/?p=21404"},"modified":"2025-05-30T07:57:20","modified_gmt":"2025-05-30T05:57:20","slug":"fest-der-weltweiten-kirche","status":"publish","type":"post","link":"https:\/\/agbw.org\/am\/2025\/fest-der-weltweiten-kirche\/","title":{"rendered":"Fest der weltweiten Kirche"},"content":{"rendered":"<div class=\"fusion-fullwidth fullwidth-box fusion-builder-row-1 fusion-flex-container has-pattern-background has-mask-background nonhundred-percent-fullwidth non-hundred-percent-height-scrolling\" style=\"--awb-border-radius-top-left:0px;--awb-border-radius-top-right:0px;--awb-border-radius-bottom-right:0px;--awb-border-radius-bottom-left:0px;--awb-flex-wrap:wrap;\" ><div class=\"fusion-builder-row fusion-row fusion-flex-align-items-flex-start fusion-flex-content-wrap\" style=\"max-width:1248px;margin-left: calc(-4% \/ 2 );margin-right: calc(-4% \/ 2 );\"><div class=\"fusion-layout-column fusion_builder_column fusion-builder-column-0 fusion_builder_column_1_1 1_1 fusion-flex-column\" style=\"--awb-bg-size:cover;--awb-width-large:100%;--awb-margin-top-large:0px;--awb-spacing-right-large:1.92%;--awb-margin-bottom-large:20px;--awb-spacing-left-large:1.92%;--awb-width-medium:100%;--awb-order-medium:0;--awb-spacing-right-medium:1.92%;--awb-spacing-left-medium:1.92%;--awb-width-small:100%;--awb-order-small:0;--awb-spacing-right-small:1.92%;--awb-spacing-left-small:1.92%;\"><div class=\"fusion-column-wrapper fusion-column-has-shadow fusion-flex-justify-content-flex-start fusion-content-layout-column\"><div class=\"fusion-title title fusion-title-1 fusion-sep-none fusion-title-text fusion-title-size-one\" style=\"--awb-margin-top-small:10px;--awb-margin-right-small:0px;--awb-margin-bottom-small:10px;--awb-margin-left-small:0px;\"><h1 class=\"fusion-title-heading title-heading-left fusion-responsive-typography-calculated\" style=\"margin:0;--fontSize:35;line-height:1.2;\"><p class=\"p1\">\u201eGemeinsam auf dem Weg\u201c<\/p><\/h1><\/div><div class=\"fusion-title title fusion-title-2 fusion-sep-none fusion-title-text fusion-title-size-two\" style=\"--awb-margin-top-small:10px;--awb-margin-right-small:0px;--awb-margin-bottom-small:10px;--awb-margin-left-small:0px;\"><h2 class=\"fusion-title-heading title-heading-left fusion-responsive-typography-calculated\" style=\"margin:0;--fontSize:28;line-height:1.2;\"><p class=\"p1\"><b>Fest der weltweiten Kirche \u2013 am Pfingstmontag, dem 9. Juni 2025<\/b><\/p><\/h2><\/div><div class=\"fusion-text fusion-text-1\"><p data-start=\"221\" data-end=\"609\">Vor zwei Jahrzehnten fand zum ersten Mal eine besondere Begegnung statt: Christinnen und Christen verschiedenster Herkunft kamen zusammen, um gemeinsam den \u201e<a href=\"https:\/\/www.elk-wue.de\/gesellschaft\/oekumene-und-weltweite-kirche\/tag-der-weltweiten-kirche\" target=\"_blank\" rel=\"noopener\">Tag der weltweiten Kirche<\/a>\u201c zu feiern. Die Armenische Gemeinde Baden-W\u00fcrttemberg ist seitdem j\u00e4hrlich Mitveranstalter dieses \u00f6kumenischen Events. In diesem Jahr begehen wir dieses Ereignis unter einem neuen Namen \u2013 als <strong data-start=\"489\" data-end=\"521\">\u201eFest der weltweiten Kirche\u201c<\/strong> \u2013 und setzen damit ein starkes Zeichen der Verbundenheit und \u00f6kumenischen Gemeinschaft.<\/p>\n<p data-start=\"611\" data-end=\"937\">Gemeinsam mit den Werken der W\u00fcrttembergischen Arbeitsgemeinschaft f\u00fcr Weltmission laden wir Sie ein, die weltweite Dimension unserer Kirche bewusst zu erleben. Unter dem Motto <strong data-start=\"788\" data-end=\"815\">\u201eGemeinsam auf dem Weg\u201c<\/strong> feiern wir mit Menschen aus vielen L\u00e4ndern, die unter uns leben, arbeiten und glauben, einen festlichen Tag in Stuttgart.<\/p>\n<p data-start=\"939\" data-end=\"1425\">Den Auftakt bildet ein festlicher Gottesdienst um <strong data-start=\"989\" data-end=\"1034\">11:00 Uhr in der Stuttgarter Stiftskirche<\/strong>, geleitet von dem Evangelischen Landesbischof Ernst-Wilhelm Gohl. Anschlie\u00dfend verwandelt sich der Bereich rund um die Stiftskirche in ein lebendiges Begegnungsfest: mit internationalen kulinarischen Spezialit\u00e4ten, Infost\u00e4nden verschiedener Gemeinden und Organisationen sowie einem bunten B\u00fchnenprogramm, das die Vielfalt christlicher Gemeinschaft erlebbar macht. Die Veranstaltung endet gegen <strong data-start=\"1411\" data-end=\"1424\">16:00 Uhr<\/strong>.<\/p>\n<p data-start=\"1427\" data-end=\"1588\">Wir freuen uns, wenn Sie auch auf <strong data-start=\"1461\" data-end=\"1477\">Social Media<\/strong> auf das Fest aufmerksam machen \u2013 bitte nutzen Sie daf\u00fcr das Hashtag <strong data-start=\"1546\" data-end=\"1557\">#elkwue<\/strong> und <strong>#agbw<\/strong> und markieren Sie <strong data-start=\"1576\" data-end=\"1587\">@elkwue und @agbw1973<\/strong>.<\/p>\n<p data-start=\"1924\" data-end=\"2086\">Lernen Sie die christlichen Gemeinden mit internationalem Hintergrund in Ihrer Region kennen \u2013 und feiern Sie gemeinsam Gottes Gegenwart in ihrer ganzen Vielfalt!<\/p>\n<p>AGBW<\/p>\n<\/div><div class=\"fusion-separator fusion-full-width-sep\" style=\"align-self: center;margin-left: auto;margin-right: auto;margin-top:15px;margin-bottom:15px;width:100%;\"><div class=\"fusion-separator-border sep-single sep-solid\" style=\"--awb-height:20px;--awb-amount:20px;border-color:#ffac00;border-top-width:1px;\"><\/div><\/div><div class=\"fusion-image-carousel fusion-image-carousel-auto fusion-image-carousel-1\"><div class=\"awb-carousel awb-swiper awb-swiper-carousel awb-carousel--carousel awb-swiper-dots-position-bottom\" data-layout=\"carousel\" data-autoplay=\"no\" data-autoplayspeed=\"2500\" data-autoplaypause=\"no\" data-loop=\"yes\" data-columns=\"2.0\" data-columnsmedium=\"1\" data-columnssmall=\"1\" data-itemmargin=\"13\" data-itemwidth=\"180\" data-touchscroll=\"no\" data-freemode=\"no\" data-imagesize=\"auto\" data-scrollitems=\"0\" data-centeredslides=\"no\" data-rotationangle=\"50\" data-depth=\"100\" data-speed=\"500\" data-shadow=\"no\" data-pagination=\"bullets\" style=\"--awb-columns:2.0;--awb-dots-align:center;\"><div class=\"swiper-wrapper awb-image-carousel-wrapper fusion-flex-align-items-center\"><div class=\"swiper-slide\"><div class=\"fusion-carousel-item-wrapper\"><div class=\"fusion-image-wrapper hover-type-none\"><img decoding=\"async\" width=\"2250\" height=\"2250\" src=\"https:\/\/agbw.org\/wp-content\/uploads\/2025\/05\/2025-Geistliche-84-08-02-05-V01-1.2.png\" class=\"attachment-full size-full\" alt=\"\" srcset=\"https:\/\/agbw.org\/wp-content\/uploads\/2025\/05\/2025-Geistliche-84-08-02-05-V01-1.2-200x200.png 200w, https:\/\/agbw.org\/wp-content\/uploads\/2025\/05\/2025-Geistliche-84-08-02-05-V01-1.2-400x400.png 400w, https:\/\/agbw.org\/wp-content\/uploads\/2025\/05\/2025-Geistliche-84-08-02-05-V01-1.2-600x600.png 600w, https:\/\/agbw.org\/wp-content\/uploads\/2025\/05\/2025-Geistliche-84-08-02-05-V01-1.2-800x800.png 800w, https:\/\/agbw.org\/wp-content\/uploads\/2025\/05\/2025-Geistliche-84-08-02-05-V01-1.2-1200x1200.png 1200w, https:\/\/agbw.org\/wp-content\/uploads\/2025\/05\/2025-Geistliche-84-08-02-05-V01-1.2.png 2250w\" sizes=\"(min-width: 2200px) 100vw, (min-width: 712px) 594px, (min-width: 640px) 712px, \" \/><\/div><\/div><\/div><div class=\"swiper-slide\"><div class=\"fusion-carousel-item-wrapper\"><div class=\"fusion-image-wrapper hover-type-none\"><img decoding=\"async\" width=\"1080\" height=\"1080\" src=\"https:\/\/agbw.org\/wp-content\/uploads\/2025\/05\/2025-Bild-Weg-84-08-02-05-V01-1.2.png\" class=\"attachment-full size-full\" alt=\"\" srcset=\"https:\/\/agbw.org\/wp-content\/uploads\/2025\/05\/2025-Bild-Weg-84-08-02-05-V01-1.2-200x200.png 200w, https:\/\/agbw.org\/wp-content\/uploads\/2025\/05\/2025-Bild-Weg-84-08-02-05-V01-1.2-400x400.png 400w, https:\/\/agbw.org\/wp-content\/uploads\/2025\/05\/2025-Bild-Weg-84-08-02-05-V01-1.2-600x600.png 600w, https:\/\/agbw.org\/wp-content\/uploads\/2025\/05\/2025-Bild-Weg-84-08-02-05-V01-1.2-800x800.png 800w, https:\/\/agbw.org\/wp-content\/uploads\/2025\/05\/2025-Bild-Weg-84-08-02-05-V01-1.2.png 1080w\" sizes=\"(min-width: 2200px) 100vw, (min-width: 712px) 594px, (min-width: 640px) 712px, \" \/><\/div><\/div><\/div><div class=\"swiper-slide\"><div class=\"fusion-carousel-item-wrapper\"><div class=\"fusion-image-wrapper hover-type-none\"><img decoding=\"async\" width=\"1080\" height=\"1080\" src=\"https:\/\/agbw.org\/wp-content\/uploads\/2025\/05\/2025-Essen-84-08-02-05-V01-1.2.png\" class=\"attachment-full size-full\" alt=\"\" srcset=\"https:\/\/agbw.org\/wp-content\/uploads\/2025\/05\/2025-Essen-84-08-02-05-V01-1.2-200x200.png 200w, https:\/\/agbw.org\/wp-content\/uploads\/2025\/05\/2025-Essen-84-08-02-05-V01-1.2-400x400.png 400w, https:\/\/agbw.org\/wp-content\/uploads\/2025\/05\/2025-Essen-84-08-02-05-V01-1.2-600x600.png 600w, https:\/\/agbw.org\/wp-content\/uploads\/2025\/05\/2025-Essen-84-08-02-05-V01-1.2-800x800.png 800w, https:\/\/agbw.org\/wp-content\/uploads\/2025\/05\/2025-Essen-84-08-02-05-V01-1.2.png 1080w\" sizes=\"(min-width: 2200px) 100vw, (min-width: 712px) 594px, (min-width: 640px) 712px, \" \/><\/div><\/div><\/div><div class=\"swiper-slide\"><div class=\"fusion-carousel-item-wrapper\"><div class=\"fusion-image-wrapper hover-type-none\"><img decoding=\"async\" width=\"1080\" height=\"1080\" src=\"https:\/\/agbw.org\/wp-content\/uploads\/2025\/05\/2025-Bischof-84-08-02-05-V01-1.2.png\" class=\"attachment-full size-full\" alt=\"\" srcset=\"https:\/\/agbw.org\/wp-content\/uploads\/2025\/05\/2025-Bischof-84-08-02-05-V01-1.2-200x200.png 200w, https:\/\/agbw.org\/wp-content\/uploads\/2025\/05\/2025-Bischof-84-08-02-05-V01-1.2-400x400.png 400w, https:\/\/agbw.org\/wp-content\/uploads\/2025\/05\/2025-Bischof-84-08-02-05-V01-1.2-600x600.png 600w, https:\/\/agbw.org\/wp-content\/uploads\/2025\/05\/2025-Bischof-84-08-02-05-V01-1.2-800x800.png 800w, https:\/\/agbw.org\/wp-content\/uploads\/2025\/05\/2025-Bischof-84-08-02-05-V01-1.2.png 1080w\" sizes=\"(min-width: 2200px) 100vw, (min-width: 712px) 594px, (min-width: 640px) 712px, \" \/><\/div><\/div><\/div><div class=\"swiper-slide\"><div class=\"fusion-carousel-item-wrapper\"><div class=\"fusion-image-wrapper hover-type-none\"><img decoding=\"async\" width=\"1080\" height=\"1080\" src=\"https:\/\/agbw.org\/wp-content\/uploads\/2025\/05\/2025-Buehne-84-08-02-05-V01-1.2.png\" class=\"attachment-full size-full\" alt=\"\" srcset=\"https:\/\/agbw.org\/wp-content\/uploads\/2025\/05\/2025-Buehne-84-08-02-05-V01-1.2-200x200.png 200w, https:\/\/agbw.org\/wp-content\/uploads\/2025\/05\/2025-Buehne-84-08-02-05-V01-1.2-400x400.png 400w, https:\/\/agbw.org\/wp-content\/uploads\/2025\/05\/2025-Buehne-84-08-02-05-V01-1.2-600x600.png 600w, https:\/\/agbw.org\/wp-content\/uploads\/2025\/05\/2025-Buehne-84-08-02-05-V01-1.2-800x800.png 800w, https:\/\/agbw.org\/wp-content\/uploads\/2025\/05\/2025-Buehne-84-08-02-05-V01-1.2.png 1080w\" sizes=\"(min-width: 2200px) 100vw, (min-width: 712px) 594px, (min-width: 640px) 712px, \" \/><\/div><\/div><\/div><div class=\"swiper-slide\"><div class=\"fusion-carousel-item-wrapper\"><div class=\"fusion-image-wrapper hover-type-none\"><img decoding=\"async\" width=\"2250\" height=\"2250\" src=\"https:\/\/agbw.org\/wp-content\/uploads\/2025\/05\/2025-Stiftskirche-84-08-02-05-V01-1.2.png\" class=\"attachment-full size-full\" alt=\"\" srcset=\"https:\/\/agbw.org\/wp-content\/uploads\/2025\/05\/2025-Stiftskirche-84-08-02-05-V01-1.2-200x200.png 200w, https:\/\/agbw.org\/wp-content\/uploads\/2025\/05\/2025-Stiftskirche-84-08-02-05-V01-1.2-400x400.png 400w, https:\/\/agbw.org\/wp-content\/uploads\/2025\/05\/2025-Stiftskirche-84-08-02-05-V01-1.2-600x600.png 600w, https:\/\/agbw.org\/wp-content\/uploads\/2025\/05\/2025-Stiftskirche-84-08-02-05-V01-1.2-800x800.png 800w, https:\/\/agbw.org\/wp-content\/uploads\/2025\/05\/2025-Stiftskirche-84-08-02-05-V01-1.2-1200x1200.png 1200w, https:\/\/agbw.org\/wp-content\/uploads\/2025\/05\/2025-Stiftskirche-84-08-02-05-V01-1.2.png 2250w\" sizes=\"(min-width: 2200px) 100vw, (min-width: 712px) 594px, (min-width: 640px) 712px, \" \/><\/div><\/div><\/div><\/div><div class=\"awb-swiper-button awb-swiper-button-prev\"><i class=\"awb-icon-angle-left\" aria-hidden=\"true\"><\/i><\/div><div class=\"awb-swiper-button awb-swiper-button-next\"><i class=\"awb-icon-angle-right\" aria-hidden=\"true\"><\/i><\/div><\/div><\/div><div class=\"fusion-separator fusion-full-width-sep\" style=\"align-self: center;margin-left: auto;margin-right: auto;margin-top:15px;margin-bottom:15px;width:100%;\"><div class=\"fusion-separator-border sep-single sep-solid\" style=\"--awb-height:20px;--awb-amount:20px;border-color:#ffac00;border-top-width:1px;\"><\/div><\/div><div class=\"fusion-text fusion-text-2\"><p data-start=\"72\" data-end=\"269\"><strong data-start=\"72\" data-end=\"97\">Wir brauchen dich!<br \/>\n<\/strong><br data-start=\"97\" data-end=\"100\" \/>F\u00fcr das kommende <strong data-start=\"117\" data-end=\"147\">Fest der weltweiten Kirche<\/strong> in Stuttgart m\u00f6chten wir unsere Gemeinde w\u00fcrdevoll und herzlich pr\u00e4sentieren \u2013 und daf\u00fcr brauchen wir <strong data-start=\"250\" data-end=\"268\">helfende H\u00e4nde<\/strong>!<\/p>\n<p data-start=\"271\" data-end=\"464\">Ob beim Aufbau, an unserem Stand, auf dem Infostand oder einfach mit einem freundlichen L\u00e4cheln: Jeder Beitrag z\u00e4hlt! Gemeinsam zeigen wir, wie lebendig und engagiert unsere armenische Gemeinde ist.<\/p>\n<p data-start=\"466\" data-end=\"606\">Wenn du mithelfen m\u00f6chtest, melde dich bitte bei uns \u2013 wir freuen uns auf dich!<br data-start=\"545\" data-end=\"548\" \/><strong data-start=\"548\" data-end=\"606\">Gemeinsam sind wir Kirche. Gemeinsam sind wir Familie.<\/strong><\/p>\n<\/div><\/div><\/div><\/div><\/div>","protected":false},"excerpt":{"rendered":"","protected":false},"author":1,"featured_media":21405,"comment_status":"closed","ping_status":"closed","sticky":false,"template":"","format":"standard","meta":{"footnotes":""},"categories":[71,58,378],"tags":[824,79,380],"class_list":["post-21404","post","type-post","status-publish","format-standard","has-post-thumbnail","hentry","category-abt1","category-allgemein","category-oekumene","tag-fest-der-weltweiten-kirche","tag-oekumene","tag-tag-der-weltweiten-kirche"],"_links":{"self":[{"href":"https:\/\/agbw.org\/am\/wp-json\/wp\/v2\/posts\/21404","targetHints":{"allow":["GET"]}}],"collection":[{"href":"https:\/\/agbw.org\/am\/wp-json\/wp\/v2\/posts"}],"about":[{"href":"https:\/\/agbw.org\/am\/wp-json\/wp\/v2\/types\/post"}],"author":[{"embeddable":true,"href":"https:\/\/agbw.org\/am\/wp-json\/wp\/v2\/users\/1"}],"replies":[{"embeddable":true,"href":"https:\/\/agbw.org\/am\/wp-json\/wp\/v2\/comments?post=21404"}],"version-history":[{"count":1,"href":"https:\/\/agbw.org\/am\/wp-json\/wp\/v2\/posts\/21404\/revisions"}],"predecessor-version":[{"id":21410,"href":"https:\/\/agbw.org\/am\/wp-json\/wp\/v2\/posts\/21404\/revisions\/21410"}],"wp:featuredmedia":[{"embeddable":true,"href":"https:\/\/agbw.org\/am\/wp-json\/wp\/v2\/media\/21405"}],"wp:attachment":[{"href":"https:\/\/agbw.org\/am\/wp-json\/wp\/v2\/media?parent=21404"}],"wp:term":[{"taxonomy":"category","embeddable":true,"href":"https:\/\/agbw.org\/am\/wp-json\/wp\/v2\/categories?post=21404"},{"taxonomy":"post_tag","embeddable":true,"href":"https:\/\/agbw.org\/am\/wp-json\/wp\/v2\/tags?post=21404"}],"curies":[{"name":"wp","href":"https:\/\/api.w.org\/{rel}","templated":true}]}}