{"id":21415,"date":"2025-06-08T08:00:43","date_gmt":"2025-06-08T06:00:43","guid":{"rendered":"https:\/\/agbw.org\/?p=21415"},"modified":"2025-06-08T07:04:47","modified_gmt":"2025-06-08T05:04:47","slug":"pfingstbotschaft-des-oekumenischen-rats-der-kirchen","status":"publish","type":"post","link":"https:\/\/agbw.org\/am\/2025\/pfingstbotschaft-des-oekumenischen-rats-der-kirchen\/","title":{"rendered":"Pfingstbotschaft des \u00d6kumenischen Rats der Kirchen"},"content":{"rendered":"<div class=\"fusion-fullwidth fullwidth-box fusion-builder-row-1 fusion-flex-container has-pattern-background has-mask-background nonhundred-percent-fullwidth non-hundred-percent-height-scrolling\" style=\"--awb-border-radius-top-left:0px;--awb-border-radius-top-right:0px;--awb-border-radius-bottom-right:0px;--awb-border-radius-bottom-left:0px;--awb-flex-wrap:wrap;\" ><div class=\"fusion-builder-row fusion-row fusion-flex-align-items-flex-start fusion-flex-content-wrap\" style=\"max-width:1248px;margin-left: calc(-4% \/ 2 );margin-right: calc(-4% \/ 2 );\"><div class=\"fusion-layout-column fusion_builder_column fusion-builder-column-0 fusion_builder_column_1_1 1_1 fusion-flex-column\" style=\"--awb-bg-size:cover;--awb-width-large:100%;--awb-margin-top-large:0px;--awb-spacing-right-large:1.92%;--awb-margin-bottom-large:20px;--awb-spacing-left-large:1.92%;--awb-width-medium:100%;--awb-order-medium:0;--awb-spacing-right-medium:1.92%;--awb-spacing-left-medium:1.92%;--awb-width-small:100%;--awb-order-small:0;--awb-spacing-right-small:1.92%;--awb-spacing-left-small:1.92%;\"><div class=\"fusion-column-wrapper fusion-column-has-shadow fusion-flex-justify-content-flex-start fusion-content-layout-column\"><div class=\"fusion-title title fusion-title-1 fusion-sep-none fusion-title-text fusion-title-size-one\" style=\"--awb-margin-top-small:10px;--awb-margin-right-small:0px;--awb-margin-bottom-small:10px;--awb-margin-left-small:0px;\"><h1 class=\"fusion-title-heading title-heading-left fusion-responsive-typography-calculated\" style=\"margin:0;--fontSize:35;line-height:1.2;\"><p class=\"node-title\">Pfingstbotschaft der \u00d6RK<\/p><\/h1><\/div><div class=\"fusion-text fusion-text-1\"><h2 data-start=\"219\" data-end=\"314\">Die Pfingstbotschaft der Pr\u00e4sidentinnen und Pr\u00e4sidenten des \u00d6kumenischen Rates der Kirchen<\/h2>\n<p data-start=\"316\" data-end=\"728\"><strong data-start=\"316\" data-end=\"343\">Stuttgart, 8. Juni 2025<\/strong> \u2013<br data-start=\"345\" data-end=\"348\" \/>In einem Jahr, in dem alle christlichen Kirchen das Osterfest an einem gemeinsamen Datum gefeiert haben, richtet sich die diesj\u00e4hrige Pfingstbotschaft der Pr\u00e4sidentinnen und Pr\u00e4sidenten des \u00d6kumenischen Rates der Kirchen (\u00d6RK) mit besonderer Kraft an die Gl\u00e4ubigen weltweit \u2013 und erinnert an das zentrale Pfingstgeheimnis: die Einheit in der Vielfalt, getragen vom Heiligen Geist.<\/p>\n<blockquote data-start=\"730\" data-end=\"954\">\n<p data-start=\"732\" data-end=\"954\">\u201eUnsere Einheit in Christus wird durch den Heiligen Geist angetrieben, gest\u00e4rkt und gesegnet. Das Erleben des lebendigen Geistes Gottes gibt uns die Kraft, die Einheit \u2013 Gottes Gabe \u2013 zu suchen\u201c, hei\u00dft es in der Botschaft.<\/p>\n<\/blockquote>\n<p data-start=\"956\" data-end=\"1222\">Der Pfingstgru\u00df ruft alle Kirchen dazu auf, nicht nur die sichtbare Einheit der Christen zu st\u00e4rken, sondern sich auch gemeinsam den Herausforderungen dieser Zeit zu stellen \u2013 in gegenseitigem Respekt, im H\u00f6ren aufeinander und im Vertrauen auf die Kraft des Geistes.<\/p>\n<p data-start=\"1224\" data-end=\"1631\">Ein bedeutender Anlass steht unmittelbar bevor: Der Zentralausschuss des \u00d6RK wird sich in der Woche nach Pfingsten in <strong data-start=\"1342\" data-end=\"1369\">Johannesburg, S\u00fcdafrika<\/strong>, versammeln. Vertreterinnen und Vertreter der vielf\u00e4ltigen kirchlichen Gemeinschaften werden dort beten und beraten \u2013 in der Hoffnung, dass der Heilige Geist nicht nur ihre Zusammenkunft, sondern auch die ganze Welt mit Gnade, Frieden und Gerechtigkeit erf\u00fcllt.<\/p>\n<p data-start=\"1633\" data-end=\"2087\">Besonderes Augenmerk gilt dabei dem Motto der Afrikanischen Union f\u00fcr 2025:<br data-start=\"1708\" data-end=\"1711\" \/><strong data-start=\"1711\" data-end=\"1822\">\u201eJahr der Reparationen \u2013 Gerechtigkeit f\u00fcr Afrika und Menschen afrikanischer Abstammung durch Reparationen\u201c<\/strong>, das in Kooperation mit CARICOM und dem St\u00e4ndigen UN-Forum f\u00fcr Menschen afrikanischer Abstammung in den Mittelpunkt ger\u00fcckt wird. Der \u00d6RK sieht darin einen notwendigen Impuls zur Reflexion \u00fcber historische Verantwortung, Wiedergutmachung und eine gerechte Zukunft.<\/p>\n<blockquote data-start=\"2089\" data-end=\"2337\">\n<p data-start=\"2091\" data-end=\"2337\">\u201eWo auch immer Sie sich befinden und was auch immer Ihre Kirche am st\u00e4rksten besch\u00e4ftigt, m\u00f6ge der Heilige Geist Sie mit Trost und Herausforderungen, mit einer Stimme, um die frohe Botschaft zu verk\u00fcnden, und mit der Hoffnung auf Einheit segnen.\u201c<\/p>\n<\/blockquote>\n<p data-start=\"2339\" data-end=\"2612\">Die Armenische Gemeinde Baden-W\u00fcrttemberg schlie\u00dft sich dieser Pfingstbotschaft mit Dankbarkeit und Hoffnung an \u2013 in der \u00dcberzeugung, dass die Einheit der Kirchen nicht im Gleichklang, sondern im bewussten Miteinander unterschiedlicher Stimmen, Traditionen und Wege w\u00e4chst.<\/p>\n<\/div><div class=\"fusion-separator fusion-full-width-sep\" style=\"align-self: center;margin-left: auto;margin-right: auto;margin-top:15px;margin-bottom:15px;width:100%;\"><div class=\"fusion-separator-border sep-single sep-solid\" style=\"--awb-height:20px;--awb-amount:20px;border-color:#ffac00;border-top-width:1px;\"><\/div><\/div><div ><a class=\"fusion-button button-3d button-xlarge button-red fusion-button-red button-1 fusion-button-default-span\" target=\"_blank\" rel=\"noopener noreferrer\" href=\"https:\/\/www.oikoumene.org\/de\/resources\/documents\/unity-in-diversity-wcc-pentecost-message-2025\"><i class=\"fa-info-circle fas awb-button__icon awb-button__icon--default button-icon-left\" aria-hidden=\"true\"><\/i><span class=\"fusion-button-text awb-button__text awb-button__text--default\">Einheit in der Vielfalt &#8211; Pfingstbotschaft 2025<\/span><\/a><\/div><\/div><\/div><\/div><\/div>","protected":false},"excerpt":{"rendered":"","protected":false},"author":1,"featured_media":21416,"comment_status":"closed","ping_status":"closed","sticky":false,"template":"","format":"standard","meta":{"footnotes":""},"categories":[58],"tags":[408,825],"class_list":["post-21415","post","type-post","status-publish","format-standard","has-post-thumbnail","hentry","category-allgemein","tag-oerk","tag-pfingstbotschaft"],"_links":{"self":[{"href":"https:\/\/agbw.org\/am\/wp-json\/wp\/v2\/posts\/21415","targetHints":{"allow":["GET"]}}],"collection":[{"href":"https:\/\/agbw.org\/am\/wp-json\/wp\/v2\/posts"}],"about":[{"href":"https:\/\/agbw.org\/am\/wp-json\/wp\/v2\/types\/post"}],"author":[{"embeddable":true,"href":"https:\/\/agbw.org\/am\/wp-json\/wp\/v2\/users\/1"}],"replies":[{"embeddable":true,"href":"https:\/\/agbw.org\/am\/wp-json\/wp\/v2\/comments?post=21415"}],"version-history":[{"count":2,"href":"https:\/\/agbw.org\/am\/wp-json\/wp\/v2\/posts\/21415\/revisions"}],"predecessor-version":[{"id":21418,"href":"https:\/\/agbw.org\/am\/wp-json\/wp\/v2\/posts\/21415\/revisions\/21418"}],"wp:featuredmedia":[{"embeddable":true,"href":"https:\/\/agbw.org\/am\/wp-json\/wp\/v2\/media\/21416"}],"wp:attachment":[{"href":"https:\/\/agbw.org\/am\/wp-json\/wp\/v2\/media?parent=21415"}],"wp:term":[{"taxonomy":"category","embeddable":true,"href":"https:\/\/agbw.org\/am\/wp-json\/wp\/v2\/categories?post=21415"},{"taxonomy":"post_tag","embeddable":true,"href":"https:\/\/agbw.org\/am\/wp-json\/wp\/v2\/tags?post=21415"}],"curies":[{"name":"wp","href":"https:\/\/api.w.org\/{rel}","templated":true}]}}