{"id":21461,"date":"2025-08-30T06:43:10","date_gmt":"2025-08-30T04:43:10","guid":{"rendered":"https:\/\/agbw.org\/?p=21461"},"modified":"2025-08-30T06:46:54","modified_gmt":"2025-08-30T04:46:54","slug":"im-fokus-september","status":"publish","type":"post","link":"https:\/\/agbw.org\/am\/2025\/im-fokus-september\/","title":{"rendered":"Im Fokus: September"},"content":{"rendered":"<p><div class=\"fusion-fullwidth fullwidth-box fusion-builder-row-1 fusion-flex-container has-pattern-background has-mask-background nonhundred-percent-fullwidth non-hundred-percent-height-scrolling\" style=\"--awb-border-radius-top-left:0px;--awb-border-radius-top-right:0px;--awb-border-radius-bottom-right:0px;--awb-border-radius-bottom-left:0px;--awb-flex-wrap:wrap;\" ><div class=\"fusion-builder-row fusion-row fusion-flex-align-items-flex-start fusion-flex-content-wrap\" style=\"max-width:1248px;margin-left: calc(-4% \/ 2 );margin-right: calc(-4% \/ 2 );\"><div class=\"fusion-layout-column fusion_builder_column fusion-builder-column-0 fusion_builder_column_1_1 1_1 fusion-flex-column\" style=\"--awb-bg-size:cover;--awb-width-large:100%;--awb-margin-top-large:0px;--awb-spacing-right-large:1.92%;--awb-margin-bottom-large:20px;--awb-spacing-left-large:1.92%;--awb-width-medium:100%;--awb-order-medium:0;--awb-spacing-right-medium:1.92%;--awb-spacing-left-medium:1.92%;--awb-width-small:100%;--awb-order-small:0;--awb-spacing-right-small:1.92%;--awb-spacing-left-small:1.92%;\"><div class=\"fusion-column-wrapper fusion-column-has-shadow fusion-flex-justify-content-flex-start fusion-content-layout-column\"><div class=\"fusion-title title fusion-title-1 fusion-sep-none fusion-title-text fusion-title-size-one\" style=\"--awb-margin-top-small:10px;--awb-margin-right-small:0px;--awb-margin-bottom-small:10px;--awb-margin-left-small:0px;\"><h1 class=\"fusion-title-heading title-heading-left fusion-responsive-typography-calculated\" style=\"margin:0;--fontSize:35;line-height:1.2;\"><strong>Im Fokus: September<\/strong><\/h1><\/div><div class=\"fusion-text fusion-text-1\"><blockquote>\n<p class=\"whitespace-pre-wrap break-words\">\u201eDas Wort vom Kreuz ist eine Gotteskraft.\u201c (<a href=\"https:\/\/www.bibleserver.com\/EU\/1.Korinther1%2C18\" class=\"bibleserver extern\" target=\"_blank\">1. Korinther 1,18<\/a>)<\/p>\n<\/blockquote>\n<p class=\"whitespace-pre-wrap break-words\"><strong>Liebe Gemeindemitglieder,<br \/>\nliebe Freunde unserer Gemeinde,<\/strong><\/p>\n<p class=\"whitespace-pre-wrap break-words\"><img decoding=\"async\" class=\"wp-image-20664 alignleft\" src=\"https:\/\/agbw.org\/wp-content\/uploads\/2025\/02\/pfr-diradur-sardaryan-200x250.png\" alt=\"\" width=\"189\" height=\"237\" srcset=\"https:\/\/agbw.org\/wp-content\/uploads\/2025\/02\/pfr-diradur-sardaryan-10x12.png 10w, https:\/\/agbw.org\/wp-content\/uploads\/2025\/02\/pfr-diradur-sardaryan-200x250.png 200w, https:\/\/agbw.org\/wp-content\/uploads\/2025\/02\/pfr-diradur-sardaryan-240x300.png 240w, https:\/\/agbw.org\/wp-content\/uploads\/2025\/02\/pfr-diradur-sardaryan-400x500.png 400w, https:\/\/agbw.org\/wp-content\/uploads\/2025\/02\/pfr-diradur-sardaryan-600x750.png 600w, https:\/\/agbw.org\/wp-content\/uploads\/2025\/02\/pfr-diradur-sardaryan-768x960.png 768w, https:\/\/agbw.org\/wp-content\/uploads\/2025\/02\/pfr-diradur-sardaryan-800x1000.png 800w, https:\/\/agbw.org\/wp-content\/uploads\/2025\/02\/pfr-diradur-sardaryan-819x1024.png 819w, https:\/\/agbw.org\/wp-content\/uploads\/2025\/02\/pfr-diradur-sardaryan.png 1080w\" sizes=\"(max-width: 189px) 100vw, 189px\" \/><\/p>\n<p dir=\"ltr\" data-pm-slice=\"1 1 &#091;&#093;\">\u201eDas Wort vom Kreuz ist eine Gotteskraft.\u201c (<a href=\"https:\/\/www.bibleserver.com\/EU\/1.Korinther1%2C18\" class=\"bibleserver extern\" target=\"_blank\">1. Korinther 1,18<\/a>)<\/p>\n<p dir=\"ltr\">Liebe Gemeindemitglieder,<br \/>\nliebe Freunde unserer Gemeinde,<\/p>\n<p dir=\"auto\">wenn der September eintrifft, webt die Natur einen sanften \u00dcbergang: Die Sonne taucht die Felder in goldenes Licht, der Duft reifer \u00c4pfel h\u00e4ngt in der Luft, und die Tage laden uns ein, innezuhalten und auf das Kommende zu blicken. In unserer armenischen Tradition markiert dieser Monat einen geistlichen H\u00f6hepunkt mit dem Fest der <a href=\"https:\/\/agbw.org\/am\/2023\/kreuzerhoehungsfest-2\/\" target=\"_blank\" rel=\"noopener\"><strong>Kreuzerh\u00f6hung<\/strong><\/a> am 14. September \u2013 Khachverats, wie wir es nennen \u2013, wo das Kreuz als Symbol des Lebens und der Hoffnung gefeiert wird. F\u00fcr uns Armenier ist das Kreuz nicht nur ein Zeichen des Leidens, sondern des Sieges, umrankt von Blumen und Ornamenten wie auf unseren Khachkars, den steinernen Kreuzen, die von ewiger Fruchtbarkeit\u00a0 und der Auferweckung zum Leben durch Jesus Christus erz\u00e4hlen. Dieser Monat erinnert uns daran, dass aus Herausforderungen St\u00e4rke w\u00e4chst, und er \u00f6ffnet T\u00fcren f\u00fcr Neuanf\u00e4nge.<\/p>\n<p dir=\"auto\">In diesem Geist laden wir Sie herzlich zu unseren Gottesdiensten ein, die uns durch den Monat begleiten. Das Fest feiern wir am <strong>14. September: Um 12:00 Uhr beginnt Surb Patarag in G\u00f6ppingen<\/strong>, erg\u00e4nzt durch eine feierliche Prozession und die Segnung unserer Sch\u00fclerinnen und Sch\u00fcler zum Beginn des Schuljahres. Hier stellen unsere Lehrerinnen der Mashtoz-Schule das Programm f\u00fcr 2025\/26 vor, und Kinder k\u00f6nnen sich direkt einschreiben \u2013 ein Moment, der unsere Traditionen an die n\u00e4chste Generation weiterreicht. <strong>Am 21. September setzen wir die Reihe fort mit dem Surb Patarag um 12:00 Uhr in Stuttgart<\/strong>, gefolgt von einem <strong>Festprogramm zum Thema \u201eArmenien &amp; Diaspora\u201c<\/strong>, das uns an den <strong><a href=\"https:\/\/agbw.org\/am\/armenien\/\" target=\"_blank\" rel=\"noopener\">Unabh\u00e4ngigkeitstag Armeniens<\/a><\/strong> erinnert und f\u00fcr Frieden in unserer Heimat beten l\u00e4sst.<\/p>\n<p dir=\"auto\">Auch im Gemeindeleben pulsiert der September mit Vorbereitungen und Projekten. Wir freuen uns bereits auf die <a href=\"https:\/\/armenische-kulturtage-stuttgart.de\/\" target=\"_blank\" rel=\"noopener\"><strong>Armenischen Kulturtage in Stuttgart vom 16. bis 26. Oktober unter dem Motto \u201eErz\u00e4hl es deinen Kindern: Werte, Wissen, Traditionen\u201c<\/strong><\/a>, \u2013 teilen Sie die Einladung in Ihrem Umfeld und werden Sie selbst Teil davon! Zudem schreiten die <a href=\"https:\/\/agbw.org\/am\/heimat-schaffen\/\" target=\"_blank\" rel=\"noopener\"><strong>Sanierungsarbeiten an unserer Heiligen-Kreuz-Kirche<\/strong><\/a> in Bartenbach voran. Ihre Spenden in unserer Kampagne \u201eZeit f\u00fcr die Ewigkeit\u201c helfen, dieses Erbe zu sichern \u2013 Mitte des Monats teilen wir Updates auf unserer Website.<\/p>\n<p dir=\"auto\">In der Reflexion zu diesem Monat sp\u00fcre ich, wie das Kreuz uns alle verbindet: Letzte Woche erz\u00e4hlte mir ein junges Gemeindemitglied, wie ein Besuch am Khachkar unserer Kirche ihm in einer schwierigen Phase neue Hoffnung gab. F\u00fcr Freunde unserer Gemeinde, die unsere Traditionen noch entdecken, sei gesagt: Das Kreuzerh\u00f6hungsfest ist eine universelle Einladung zur Erneuerung \u2013 kommen Sie, erleben Sie es mit uns, ob als Armenier oder Gast. Unser Glaube ist eine Br\u00fccke, die Kulturen und Generationen vereint, und er bl\u00fcht auf in der Gemeinschaft, die wir gemeinsam gestalten.<\/p>\n<p dir=\"auto\">Kommen Sie zu unseren Gottesdiensten! Teilen Sie Ihre Gedanken per E-Mail an <a href=\"mailto:info@agbw.org\" target=\"_blank\" rel=\"noopener noreferrer nofollow\">info@agbw.org<\/a> oder auf Social Media, und bereichern Sie uns mit Fotos und Geschichten vom Fest. H\u00f6ren Sie in meinen Podcast auf Spotify oder YouTube, wo wir Themen wie Glaube und Identit\u00e4t vertiefen. M\u00f6ge der September Ihnen reiche Ernte bringen: an Hoffnung in Ihren Herzen und an Liebe in unserer Gemeinde.<\/p>\n<p>In christlicher Verbundenheit,<br \/>\nPfarrer Diradur Sardaryan<\/p>\n<\/div><div class=\"fusion-separator fusion-full-width-sep\" style=\"align-self: center;margin-left: auto;margin-right: auto;width:100%;\"><div class=\"fusion-separator-border sep-single sep-solid\" style=\"--awb-height:20px;--awb-amount:20px;border-color:#ffac00;border-top-width:1px;\"><\/div><\/div><\/div><\/div><\/div><\/div><div class=\"fusion-fullwidth fullwidth-box fusion-builder-row-2 fusion-flex-container has-pattern-background has-mask-background nonhundred-percent-fullwidth non-hundred-percent-height-scrolling\" style=\"--awb-border-radius-top-left:0px;--awb-border-radius-top-right:0px;--awb-border-radius-bottom-right:0px;--awb-border-radius-bottom-left:0px;--awb-flex-wrap:wrap;\" ><div class=\"fusion-builder-row fusion-row fusion-flex-align-items-flex-start fusion-flex-content-wrap\" style=\"max-width:1248px;margin-left: calc(-4% \/ 2 );margin-right: calc(-4% \/ 2 );\"><div class=\"fusion-layout-column fusion_builder_column fusion-builder-column-1 fusion_builder_column_1_1 1_1 fusion-flex-column\" style=\"--awb-bg-size:cover;--awb-width-large:100%;--awb-margin-top-large:0px;--awb-spacing-right-large:1.92%;--awb-margin-bottom-large:20px;--awb-spacing-left-large:1.92%;--awb-width-medium:100%;--awb-order-medium:0;--awb-spacing-right-medium:1.92%;--awb-spacing-left-medium:1.92%;--awb-width-small:100%;--awb-order-small:0;--awb-spacing-right-small:1.92%;--awb-spacing-left-small:1.92%;\"><div class=\"fusion-column-wrapper fusion-column-has-shadow fusion-flex-justify-content-flex-start fusion-content-layout-column\"><div class=\"fusion-text fusion-text-2\"><h3 data-start=\"780\" data-end=\"822\">Unsere Gottesdienste im September 2025<\/h3>\n<ul data-start=\"823\" data-end=\"1226\">\n<li data-start=\"823\" data-end=\"910\">\n<p data-start=\"825\" data-end=\"910\"><strong data-start=\"825\" data-end=\"871\">So. 07.09. \u2013 IV. Sonntag nach Astvatsatsin<\/strong><br data-start=\"871\" data-end=\"874\" \/>12:30 Uhr \u2013 Surb Patarag in Kehl<\/p>\n<\/li>\n<li data-start=\"911\" data-end=\"1127\">\n<p data-start=\"913\" data-end=\"1127\"><strong data-start=\"913\" data-end=\"948\">So. 14.09. \u2013 Kreuzerh\u00f6hungsfest<\/strong><br data-start=\"948\" data-end=\"951\" \/>12:00 Uhr \u2013 Surb Patarag in G\u00f6ppingen (EG)<br data-start=\"995\" data-end=\"998\" \/>\u2192 Mit Segnung der Sch\u00fclerinnen und Sch\u00fcler. Im Anschluss stellen die Lehrerinnen der Mashtoz-Schule das Programm 2025\/26 vor.<\/p>\n<\/li>\n<li data-start=\"1128\" data-end=\"1226\">\n<p data-start=\"1130\" data-end=\"1226\"><strong data-start=\"1130\" data-end=\"1182\">So. 21.09. \u2013 II. Sonntag nach dem Heiligen Kreuz<\/strong><br data-start=\"1182\" data-end=\"1185\" \/>12:00 Uhr \u2013 Surb Patarag in Stuttgart<\/p>\n<\/li>\n<\/ul>\n<hr \/>\n<h3 data-start=\"1499\" data-end=\"1533\">Weitere wichtige Informationen<\/h3>\n<ul data-start=\"1534\" data-end=\"2181\">\n<li data-start=\"1534\" data-end=\"1617\">\n<p data-start=\"1536\" data-end=\"1617\"><strong data-start=\"1536\" data-end=\"1567\">Sch\u00fcllersegnung<\/strong>\u00a0\u2013 Am 14.09. nach dem Gottesdienst in G\u00f6ppingen.<\/p>\n<\/li>\n<li data-start=\"1618\" data-end=\"1816\">\n<p data-start=\"1620\" data-end=\"1816\"><strong data-start=\"1620\" data-end=\"1655\">Armenische Kulturtage Stuttgart<\/strong> \u2013 16.\u201326. Oktober 2025, Motto: <em data-start=\"1687\" data-end=\"1743\">\u201eErz\u00e4hl es deinen Kindern. Werte, Wissen, Traditionen\u201c<\/em>. Wir laden zur aktiven Teilnahme und Weitergabe der Informationen ein.<\/p>\n<\/li>\n<li data-start=\"1817\" data-end=\"2039\">\n<p data-start=\"1819\" data-end=\"2039\"><strong data-start=\"1819\" data-end=\"1839\">Kirchensanierung<\/strong> \u2013 Der Turm der Hl. Kreuz Kirche in G\u00f6ppingen wird im September erneuert. Wir danken allen Spendern und bitten um weitere Unterst\u00fctzung. Mitte des Monats informieren wir \u00fcber den Stand der Arbeiten.<\/p>\n<\/li>\n<li data-start=\"2040\" data-end=\"2181\">\n<p data-start=\"2042\" data-end=\"2181\"><strong data-start=\"2042\" data-end=\"2102\">21. September \u2013 Unabh\u00e4ngigkeitstag der Republik Armenien<\/strong> \u2013 Ein Tag, an dem wir besonders f\u00fcr Frieden und Freiheit im Vaterland beten.<\/p>\n<\/li>\n<\/ul>\n<\/div><\/div><\/div><\/div><\/div><\/p>","protected":false},"excerpt":{"rendered":"","protected":false},"author":1,"featured_media":21465,"comment_status":"closed","ping_status":"closed","sticky":false,"template":"","format":"standard","meta":{"footnotes":""},"categories":[142,58],"tags":[835],"class_list":["post-21461","post","type-post","status-publish","format-standard","has-post-thumbnail","hentry","category-aktuell","category-allgemein","tag-im-fokus-septemberg"],"_links":{"self":[{"href":"https:\/\/agbw.org\/am\/wp-json\/wp\/v2\/posts\/21461","targetHints":{"allow":["GET"]}}],"collection":[{"href":"https:\/\/agbw.org\/am\/wp-json\/wp\/v2\/posts"}],"about":[{"href":"https:\/\/agbw.org\/am\/wp-json\/wp\/v2\/types\/post"}],"author":[{"embeddable":true,"href":"https:\/\/agbw.org\/am\/wp-json\/wp\/v2\/users\/1"}],"replies":[{"embeddable":true,"href":"https:\/\/agbw.org\/am\/wp-json\/wp\/v2\/comments?post=21461"}],"version-history":[{"count":2,"href":"https:\/\/agbw.org\/am\/wp-json\/wp\/v2\/posts\/21461\/revisions"}],"predecessor-version":[{"id":21467,"href":"https:\/\/agbw.org\/am\/wp-json\/wp\/v2\/posts\/21461\/revisions\/21467"}],"wp:featuredmedia":[{"embeddable":true,"href":"https:\/\/agbw.org\/am\/wp-json\/wp\/v2\/media\/21465"}],"wp:attachment":[{"href":"https:\/\/agbw.org\/am\/wp-json\/wp\/v2\/media?parent=21461"}],"wp:term":[{"taxonomy":"category","embeddable":true,"href":"https:\/\/agbw.org\/am\/wp-json\/wp\/v2\/categories?post=21461"},{"taxonomy":"post_tag","embeddable":true,"href":"https:\/\/agbw.org\/am\/wp-json\/wp\/v2\/tags?post=21461"}],"curies":[{"name":"wp","href":"https:\/\/api.w.org\/{rel}","templated":true}]}}